{"id":2029,"date":"2024-05-24T11:19:51","date_gmt":"2024-05-24T11:19:51","guid":{"rendered":"https:\/\/jornaloassobio.pt\/?p=2029"},"modified":"2024-05-24T11:20:07","modified_gmt":"2024-05-24T11:20:07","slug":"seminario-sobre-prevencao-de-acidentes-de-trabalho-na-escola-severim-de-faria","status":"publish","type":"post","link":"https:\/\/jornaloassobio.pt\/?p=2029","title":{"rendered":"SEMIN\u00c1RIO SOBRE PREVEN\u00c7\u00c3O DE ACIDENTES DE TRABALHO NA ESCOLA SEVERIM DE FARIA"},"content":{"rendered":"<div class='booster-block booster-read-block'>\r\n                <div class=\"twp-read-time\">\r\n                \t<i class=\"booster-icon twp-clock\"><\/i> <span>Read Time:<\/span>46 Second                <\/div>\r\n\r\n            <\/div><div id=\"x_x_x_divRplyFwdMsg\" dir=\"ltr\">\n<div><a href=\"https:\/\/jornaloassobio.pt\/wp-content\/uploads\/2024\/05\/Acao-na-Escola-Severim-Faria.pptx\"><img loading=\"lazy\" decoding=\"async\" class=\"size-medium wp-image-2392 aligncenter\" src=\"https:\/\/jornaloassobio.pt\/wp-content\/uploads\/2024\/05\/Act-Evora-logo-300x154.webp\" alt=\"\" width=\"300\" height=\"154\" srcset=\"https:\/\/jornaloassobio.pt\/wp-content\/uploads\/2024\/05\/Act-Evora-logo-300x154.webp 300w, https:\/\/jornaloassobio.pt\/wp-content\/uploads\/2024\/05\/Act-Evora-logo.webp 390w\" sizes=\"auto, (max-width: 300px) 100vw, 300px\" \/>A\u00e7\u00e3o na Escola Severim Faria<\/a><\/div>\n<div><\/div>\n<div>Ir\u00e1 decorrer, no pr\u00f3ximo dia <strong>29 de maio<\/strong>, das <strong>9:00 \u00e0s 10:30<\/strong>,\u00a0no audit\u00f3rio da <strong>Escola Severim de Faria<\/strong>, um <strong>Semin\u00e1rio sobre Preven\u00e7\u00e3o de Acidentes de Trabalho<\/strong>, promovido pela <strong>Autoridade para as condi\u00e7\u00f5es de trabalho<\/strong> (<strong>ACT),<\/strong> na sequ\u00eancia da <strong>Campanha Europeia de Preven\u00e7\u00e3o de Acidentes de Trabalho<\/strong>.<\/div>\n<div>Esta a\u00e7\u00e3o de sensibiliza\u00e7\u00e3o e divulga\u00e7\u00e3o destina-se n\u00e3o s\u00f3 a trabalhadores mas tamb\u00e9m a alunos do Ensino Secund\u00e1rio, muitos deles prestes a ingressar no mundo do trabalho.<\/div>\n<div>A sess\u00e3o decorre\u00a0 no Audit\u00f3rio .<\/div>\n<\/div>\n<p>Alguns dos <strong>temas\/ mat\u00e9rias<\/strong> a abordar s\u00e3o os seguintes:<\/p>\n<ul>\n<li>Apresenta\u00e7\u00e3o da ACT<\/li>\n<li>Ocorr\u00eancia de Acidentes de Trabalho<\/li>\n<li>A import\u00e2ncia da cria\u00e7\u00e3o de uma \u201cCultura de Seguran\u00e7a\u201d;<\/li>\n<li>A ado\u00e7\u00e3o de comportamentos seguros \/ boas pr\u00e1ticas no trabalho;<\/li>\n<li>Princ\u00edpios e conceitos de SST;<\/li>\n<li>Princ\u00edpios Gerais de Preven\u00e7\u00e3o;<\/li>\n<li>Principais riscos e avalia\u00e7\u00e3o de riscos;<\/li>\n<li>Medidas de prote\u00e7\u00e3o coletiva e individual (EPC e EPI);<\/li>\n<li>Vigil\u00e2ncia da sa\u00fade (exames m\u00e9dicos);<\/li>\n<li>Regula\u00e7\u00e3o laboral.<\/li>\n<\/ul>\n<p>&nbsp;<\/p>\n        <div class=\"booster-block booster-reactions-block\">\r\n            <div class=\"twp-reactions-icons\">\r\n                \r\n                <div class=\"twp-reacts-wrap\">\r\n                    <a react-data=\"be-react-1\" post-id=\"2029\" class=\"be-face-icons un-reacted\" href=\"javascript:void(0)\">\r\n                        <img decoding=\"async\" src=\"https:\/\/jornaloassobio.pt\/wp-content\/plugins\/booster-extension\/\/assets\/icon\/happy.svg\" alt=\"Happy\">\r\n                    <\/a>\r\n                    <div class=\"twp-reaction-title\">\r\n                        Happy                    <\/div>\r\n                    <div class=\"twp-count-percent\">\r\n                                                    <span style=\"display: none;\" class=\"twp-react-count\">0<\/span>\r\n                        \r\n                                                <span class=\"twp-react-percent\"><span>0<\/span> %<\/span>\r\n                                            <\/div>\r\n                <\/div>\r\n\r\n                <div class=\"twp-reacts-wrap\">\r\n                    <a react-data=\"be-react-2\" post-id=\"2029\" class=\"be-face-icons un-reacted\" href=\"javascript:void(0)\">\r\n                        <img decoding=\"async\" src=\"https:\/\/jornaloassobio.pt\/wp-content\/plugins\/booster-extension\/\/assets\/icon\/sad.svg\" alt=\"Sad\">\r\n                    <\/a>\r\n                    <div class=\"twp-reaction-title\">\r\n                        Sad                    <\/div>\r\n                    <div class=\"twp-count-percent\">\r\n                                                    <span style=\"display: none;\" class=\"twp-react-count\">0<\/span>\r\n                                                                        <span class=\"twp-react-percent\"><span>0<\/span> %<\/span>\r\n                                            <\/div>\r\n                <\/div>\r\n\r\n                <div class=\"twp-reacts-wrap\">\r\n                    <a react-data=\"be-react-3\" post-id=\"2029\" class=\"be-face-icons un-reacted\" href=\"javascript:void(0)\">\r\n                        <img decoding=\"async\" src=\"https:\/\/jornaloassobio.pt\/wp-content\/plugins\/booster-extension\/\/assets\/icon\/excited.svg\" alt=\"Excited\">\r\n                    <\/a>\r\n                    <div class=\"twp-reaction-title\">\r\n                        Excited                    <\/div>\r\n                    <div class=\"twp-count-percent\">\r\n                                                    <span style=\"display: none;\" class=\"twp-react-count\">0<\/span>\r\n                                                                        <span class=\"twp-react-percent\"><span>0<\/span> %<\/span>\r\n                                            <\/div>\r\n                <\/div>\r\n\r\n                <div class=\"twp-reacts-wrap\">\r\n                    <a react-data=\"be-react-6\" post-id=\"2029\" class=\"be-face-icons un-reacted\" href=\"javascript:void(0)\">\r\n                        <img decoding=\"async\" src=\"https:\/\/jornaloassobio.pt\/wp-content\/plugins\/booster-extension\/\/assets\/icon\/sleepy.svg\" alt=\"Sleepy\">\r\n                    <\/a>\r\n                    <div class=\"twp-reaction-title\">\r\n                        Sleepy                    <\/div>\r\n                    <div class=\"twp-count-percent\">\r\n                                                    <span style=\"display: none;\" class=\"twp-react-count\">0<\/span>\r\n                        \r\n                                                <span class=\"twp-react-percent\"><span>0<\/span> %<\/span>\r\n                                            <\/div>\r\n                <\/div>\r\n\r\n                <div class=\"twp-reacts-wrap\">\r\n                    <a react-data=\"be-react-4\" post-id=\"2029\" class=\"be-face-icons un-reacted\" href=\"javascript:void(0)\">\r\n                        <img decoding=\"async\" src=\"https:\/\/jornaloassobio.pt\/wp-content\/plugins\/booster-extension\/\/assets\/icon\/angry.svg\" alt=\"Angry\">\r\n                    <\/a>\r\n                    <div class=\"twp-reaction-title\">Angry<\/div>\r\n                    <div class=\"twp-count-percent\">\r\n                                                    <span style=\"display: none;\" class=\"twp-react-count\">0<\/span>\r\n                                                                        <span class=\"twp-react-percent\"><span>0<\/span> %<\/span>\r\n                        \r\n                    <\/div>\r\n                <\/div>\r\n\r\n                <div class=\"twp-reacts-wrap\">\r\n                    <a react-data=\"be-react-5\" post-id=\"2029\" class=\"be-face-icons un-reacted\" href=\"javascript:void(0)\">\r\n                        <img decoding=\"async\" src=\"https:\/\/jornaloassobio.pt\/wp-content\/plugins\/booster-extension\/\/assets\/icon\/surprise.svg\" alt=\"Surprise\">\r\n                    <\/a>\r\n                    <div class=\"twp-reaction-title\">Surprise<\/div>\r\n                    <div class=\"twp-count-percent\">\r\n                                                    <span style=\"display: none;\" class=\"twp-react-count\">0<\/span>\r\n                                                                        <span class=\"twp-react-percent\"><span>0<\/span> %<\/span>\r\n                                            <\/div>\r\n                <\/div>\r\n\r\n            <\/div>\r\n        <\/div>\r\n\r\n    ","protected":false},"excerpt":{"rendered":"<p>A\u00e7\u00e3o na Escola Severim Faria Ir\u00e1 decorrer, no pr\u00f3ximo dia 29 de maio, das 9:00 \u00e0s 10:30,\u00a0no audit\u00f3rio da Escola Severim de Faria, um Semin\u00e1rio sobre Preven\u00e7\u00e3o de Acidentes de Trabalho, promovido pela Autoridade para as condi\u00e7\u00f5es de trabalho (ACT), na sequ\u00eancia da Campanha Europeia de Preven\u00e7\u00e3o de Acidentes de Trabalho. Esta a\u00e7\u00e3o de sensibiliza\u00e7\u00e3o [&hellip;]<\/p>\n","protected":false},"author":6,"featured_media":2392,"comment_status":"open","ping_status":"open","sticky":false,"template":"","format":"standard","meta":{"footnotes":""},"categories":[4],"tags":[],"class_list":["post-2029","post","type-post","status-publish","format-standard","has-post-thumbnail","hentry","category-noticias"],"_links":{"self":[{"href":"https:\/\/jornaloassobio.pt\/index.php?rest_route=\/wp\/v2\/posts\/2029","targetHints":{"allow":["GET"]}}],"collection":[{"href":"https:\/\/jornaloassobio.pt\/index.php?rest_route=\/wp\/v2\/posts"}],"about":[{"href":"https:\/\/jornaloassobio.pt\/index.php?rest_route=\/wp\/v2\/types\/post"}],"author":[{"embeddable":true,"href":"https:\/\/jornaloassobio.pt\/index.php?rest_route=\/wp\/v2\/users\/6"}],"replies":[{"embeddable":true,"href":"https:\/\/jornaloassobio.pt\/index.php?rest_route=%2Fwp%2Fv2%2Fcomments&post=2029"}],"version-history":[{"count":3,"href":"https:\/\/jornaloassobio.pt\/index.php?rest_route=\/wp\/v2\/posts\/2029\/revisions"}],"predecessor-version":[{"id":2394,"href":"https:\/\/jornaloassobio.pt\/index.php?rest_route=\/wp\/v2\/posts\/2029\/revisions\/2394"}],"wp:featuredmedia":[{"embeddable":true,"href":"https:\/\/jornaloassobio.pt\/index.php?rest_route=\/wp\/v2\/media\/2392"}],"wp:attachment":[{"href":"https:\/\/jornaloassobio.pt\/index.php?rest_route=%2Fwp%2Fv2%2Fmedia&parent=2029"}],"wp:term":[{"taxonomy":"category","embeddable":true,"href":"https:\/\/jornaloassobio.pt\/index.php?rest_route=%2Fwp%2Fv2%2Fcategories&post=2029"},{"taxonomy":"post_tag","embeddable":true,"href":"https:\/\/jornaloassobio.pt\/index.php?rest_route=%2Fwp%2Fv2%2Ftags&post=2029"}],"curies":[{"name":"wp","href":"https:\/\/api.w.org\/{rel}","templated":true}]}}