{"id":218,"date":"2023-06-19T12:56:44","date_gmt":"2023-06-19T12:56:44","guid":{"rendered":"https:\/\/jornaloassobio.pt\/?p=218"},"modified":"2023-06-19T12:56:44","modified_gmt":"2023-06-19T12:56:44","slug":"visita-de-estudio-a-sevilla","status":"publish","type":"post","link":"https:\/\/jornaloassobio.pt\/?p=218","title":{"rendered":"Visita de estudio a Sevilla"},"content":{"rendered":"<div class='booster-block booster-read-block'>\r\n                <div class=\"twp-read-time\">\r\n                \t<i class=\"booster-icon twp-clock\"><\/i> <span>Read Time:<\/span>1 Minute, 33 Second                <\/div>\r\n\r\n            <\/div><p>En los pasados d\u00edas 16,17 y 18 de abril los alumnos de primero de bachillerato de espa\u00f1ol han realizado una visita de estudio a la ciudad de Sevilla, en el sur de Espa\u00f1a. Durante tres d\u00edas, los estudiantes han tenido la oportunidad de conocer la cultura, la historia y el patrimonio de una de las ciudades m\u00e1s importantes del pa\u00eds.<\/p>\n<p>La visita ha sido organizada por el instituto, en espec\u00edfico las profes de espa\u00f1ol Filipa y Mafalda. Los estudiantes han tenido la oportunidad de alojarse en un hotel cerca de la ciudad, lo que les ha permitido experimentar de primera mano la cultura y la vida cotidiana de la capital de Andaluc\u00eda.<\/p>\n<p><img loading=\"lazy\" decoding=\"async\" class=\"alignnone size-medium wp-image-220\" src=\"https:\/\/jornaloassobio.pt\/wp-content\/uploads\/2023\/06\/IMG-20230422-WA0020-300x225.jpg\" alt=\"\" width=\"300\" height=\"225\" srcset=\"https:\/\/jornaloassobio.pt\/wp-content\/uploads\/2023\/06\/IMG-20230422-WA0020-300x225.jpg 300w, https:\/\/jornaloassobio.pt\/wp-content\/uploads\/2023\/06\/IMG-20230422-WA0020-1024x768.jpg 1024w, https:\/\/jornaloassobio.pt\/wp-content\/uploads\/2023\/06\/IMG-20230422-WA0020-768x576.jpg 768w, https:\/\/jornaloassobio.pt\/wp-content\/uploads\/2023\/06\/IMG-20230422-WA0020-1536x1152.jpg 1536w, https:\/\/jornaloassobio.pt\/wp-content\/uploads\/2023\/06\/IMG-20230422-WA0020.jpg 1600w\" sizes=\"auto, (max-width: 300px) 100vw, 300px\" \/><\/p>\n<p>Durante su estancia, los alumnos han visitado algunos de los lugares m\u00e1s emblem\u00e1ticos de Sevilla, como la Catedral, la Giralda, la Plaza de Espa\u00f1a o el Real Alc\u00e1zar. Tambi\u00e9n han realizado un recorrido por el barrio de Santa Cruz, uno de los m\u00e1s populares de la ciudad, y han asistido a un espect\u00e1culo de luces con una gran vista de la ciudad, en las Setas. Adem\u00e1s se han podido refrescar un poco en el magn\u00edfico parque de atracciones, la Isla M\u00e1gica.<\/p>\n<p>Los estudiantes pudieron conocer la historia de la ciudad gracias a las explicaciones de gu\u00edas tur\u00edsticos especializados (Reme y Juan). Han aprendido sobre la influencia de la cultura \u00e1rabe en la arquitectura de Sevilla, la importancia del r\u00edo Guadalquivir en la historia de la ciudad o la relevancia de la Semana Santa y la Feria de Abril en la vida de los sevillanos.<\/p>\n<p>Esta visita de estudio ha sido una oportunidad \u00fanica para que los estudiantes de primero de bachillerato ampl\u00eden sus conocimientos sobre la historia, la cultura espa\u00f1ola y ling\u00fc\u00edstica, adem\u00e1s de fomentar la convivencia entre ellos, la integraci\u00f3n en un entorno nuevo y diferente al que est\u00e1n acostumbrados. Fue una experiencia \u00fanica e inolvidable.<\/p>\n        <div class=\"booster-block booster-reactions-block\">\r\n            <div class=\"twp-reactions-icons\">\r\n                \r\n                <div class=\"twp-reacts-wrap\">\r\n                    <a react-data=\"be-react-1\" post-id=\"218\" class=\"be-face-icons un-reacted\" href=\"javascript:void(0)\">\r\n                        <img decoding=\"async\" src=\"https:\/\/jornaloassobio.pt\/wp-content\/plugins\/booster-extension\/\/assets\/icon\/happy.svg\" alt=\"Happy\">\r\n                    <\/a>\r\n                    <div class=\"twp-reaction-title\">\r\n                        Happy                    <\/div>\r\n                    <div class=\"twp-count-percent\">\r\n                                                    <span style=\"display: none;\" class=\"twp-react-count\">0<\/span>\r\n                        \r\n                                                <span class=\"twp-react-percent\"><span>0<\/span> %<\/span>\r\n                                            <\/div>\r\n                <\/div>\r\n\r\n                <div class=\"twp-reacts-wrap\">\r\n                    <a react-data=\"be-react-2\" post-id=\"218\" class=\"be-face-icons un-reacted\" href=\"javascript:void(0)\">\r\n                        <img decoding=\"async\" src=\"https:\/\/jornaloassobio.pt\/wp-content\/plugins\/booster-extension\/\/assets\/icon\/sad.svg\" alt=\"Sad\">\r\n                    <\/a>\r\n                    <div class=\"twp-reaction-title\">\r\n                        Sad                    <\/div>\r\n                    <div class=\"twp-count-percent\">\r\n                                                    <span style=\"display: none;\" class=\"twp-react-count\">0<\/span>\r\n                                                                        <span class=\"twp-react-percent\"><span>0<\/span> %<\/span>\r\n                                            <\/div>\r\n                <\/div>\r\n\r\n                <div class=\"twp-reacts-wrap\">\r\n                    <a react-data=\"be-react-3\" post-id=\"218\" class=\"be-face-icons un-reacted\" href=\"javascript:void(0)\">\r\n                        <img decoding=\"async\" src=\"https:\/\/jornaloassobio.pt\/wp-content\/plugins\/booster-extension\/\/assets\/icon\/excited.svg\" alt=\"Excited\">\r\n                    <\/a>\r\n                    <div class=\"twp-reaction-title\">\r\n                        Excited                    <\/div>\r\n                    <div class=\"twp-count-percent\">\r\n                                                    <span style=\"display: none;\" class=\"twp-react-count\">0<\/span>\r\n                                                                        <span class=\"twp-react-percent\"><span>0<\/span> %<\/span>\r\n                                            <\/div>\r\n                <\/div>\r\n\r\n                <div class=\"twp-reacts-wrap\">\r\n                    <a react-data=\"be-react-6\" post-id=\"218\" class=\"be-face-icons un-reacted\" href=\"javascript:void(0)\">\r\n                        <img decoding=\"async\" src=\"https:\/\/jornaloassobio.pt\/wp-content\/plugins\/booster-extension\/\/assets\/icon\/sleepy.svg\" alt=\"Sleepy\">\r\n                    <\/a>\r\n                    <div class=\"twp-reaction-title\">\r\n                        Sleepy                    <\/div>\r\n                    <div class=\"twp-count-percent\">\r\n                                                    <span style=\"display: none;\" class=\"twp-react-count\">0<\/span>\r\n                        \r\n                                                <span class=\"twp-react-percent\"><span>0<\/span> %<\/span>\r\n                                            <\/div>\r\n                <\/div>\r\n\r\n                <div class=\"twp-reacts-wrap\">\r\n                    <a react-data=\"be-react-4\" post-id=\"218\" class=\"be-face-icons un-reacted\" href=\"javascript:void(0)\">\r\n                        <img decoding=\"async\" src=\"https:\/\/jornaloassobio.pt\/wp-content\/plugins\/booster-extension\/\/assets\/icon\/angry.svg\" alt=\"Angry\">\r\n                    <\/a>\r\n                    <div class=\"twp-reaction-title\">Angry<\/div>\r\n                    <div class=\"twp-count-percent\">\r\n                                                    <span style=\"display: none;\" class=\"twp-react-count\">0<\/span>\r\n                                                                        <span class=\"twp-react-percent\"><span>0<\/span> %<\/span>\r\n                        \r\n                    <\/div>\r\n                <\/div>\r\n\r\n                <div class=\"twp-reacts-wrap\">\r\n                    <a react-data=\"be-react-5\" post-id=\"218\" class=\"be-face-icons un-reacted\" href=\"javascript:void(0)\">\r\n                        <img decoding=\"async\" src=\"https:\/\/jornaloassobio.pt\/wp-content\/plugins\/booster-extension\/\/assets\/icon\/surprise.svg\" alt=\"Surprise\">\r\n                    <\/a>\r\n                    <div class=\"twp-reaction-title\">Surprise<\/div>\r\n                    <div class=\"twp-count-percent\">\r\n                                                    <span style=\"display: none;\" class=\"twp-react-count\">0<\/span>\r\n                                                                        <span class=\"twp-react-percent\"><span>0<\/span> %<\/span>\r\n                                            <\/div>\r\n                <\/div>\r\n\r\n            <\/div>\r\n        <\/div>\r\n\r\n    ","protected":false},"excerpt":{"rendered":"<p>En los pasados d\u00edas 16,17 y 18 de abril los alumnos de primero de bachillerato de espa\u00f1ol han realizado una visita de estudio a la ciudad de Sevilla, en el sur de Espa\u00f1a. Durante tres d\u00edas, los estudiantes han tenido la oportunidad de conocer la cultura, la historia y el patrimonio de una de las [&hellip;]<\/p>\n","protected":false},"author":2,"featured_media":0,"comment_status":"open","ping_status":"open","sticky":false,"template":"","format":"standard","meta":{"footnotes":""},"categories":[10,4],"tags":[23,39,40],"class_list":["post-218","post","type-post","status-publish","format-standard","hentry","category-cultura","category-noticias","tag-espanhol","tag-sevilla","tag-visitadeestudo"],"_links":{"self":[{"href":"https:\/\/jornaloassobio.pt\/index.php?rest_route=\/wp\/v2\/posts\/218","targetHints":{"allow":["GET"]}}],"collection":[{"href":"https:\/\/jornaloassobio.pt\/index.php?rest_route=\/wp\/v2\/posts"}],"about":[{"href":"https:\/\/jornaloassobio.pt\/index.php?rest_route=\/wp\/v2\/types\/post"}],"author":[{"embeddable":true,"href":"https:\/\/jornaloassobio.pt\/index.php?rest_route=\/wp\/v2\/users\/2"}],"replies":[{"embeddable":true,"href":"https:\/\/jornaloassobio.pt\/index.php?rest_route=%2Fwp%2Fv2%2Fcomments&post=218"}],"version-history":[{"count":2,"href":"https:\/\/jornaloassobio.pt\/index.php?rest_route=\/wp\/v2\/posts\/218\/revisions"}],"predecessor-version":[{"id":221,"href":"https:\/\/jornaloassobio.pt\/index.php?rest_route=\/wp\/v2\/posts\/218\/revisions\/221"}],"wp:attachment":[{"href":"https:\/\/jornaloassobio.pt\/index.php?rest_route=%2Fwp%2Fv2%2Fmedia&parent=218"}],"wp:term":[{"taxonomy":"category","embeddable":true,"href":"https:\/\/jornaloassobio.pt\/index.php?rest_route=%2Fwp%2Fv2%2Fcategories&post=218"},{"taxonomy":"post_tag","embeddable":true,"href":"https:\/\/jornaloassobio.pt\/index.php?rest_route=%2Fwp%2Fv2%2Ftags&post=218"}],"curies":[{"name":"wp","href":"https:\/\/api.w.org\/{rel}","templated":true}]}}