{"id":2333,"date":"2024-05-16T07:30:10","date_gmt":"2024-05-16T07:30:10","guid":{"rendered":"https:\/\/jornaloassobio.pt\/?p=2333"},"modified":"2024-05-16T07:31:23","modified_gmt":"2024-05-16T07:31:23","slug":"alunos-do-ensino-basico-da-essf-na-sessao-nacional-do-parlamento-dos-jovens","status":"publish","type":"post","link":"https:\/\/jornaloassobio.pt\/?p=2333","title":{"rendered":"Alunos do Ensino B\u00e1sico da ESSF na Sess\u00e3o Nacional do Parlamento dos Jovens"},"content":{"rendered":"<div class='booster-block booster-read-block'>\r\n                <div class=\"twp-read-time\">\r\n                \t<i class=\"booster-icon twp-clock\"><\/i> <span>Read Time:<\/span>1 Minute, 58 Second                <\/div>\r\n\r\n            <\/div><p>Nos passados dias<strong> 6 e 7 de maio<\/strong>, quatro jovens estudantes do Ensino B\u00e1sico, da Escola Secund\u00e1ria Severim de Faria, participaram, de forma not\u00e1vel, na <strong>Sess\u00e3o Nacional do Programa Parlamento dos Jovens<\/strong>, realizada na <strong>Assembleia da Rep\u00fablica.<\/strong> Com efeito, a aluna <strong>Alice Barradas,<\/strong> do <strong>9\u00baA<\/strong>, foi eleita <strong>Presidente da Mesa<\/strong> da Sess\u00e3o, tendo os alunos <strong>Maria Beja Marques<\/strong>, do <strong>9\u00baA<\/strong> e <strong>Vasco Almeida<\/strong> do <strong>7\u00baD<\/strong>, sido eleitos <strong>deputados,<\/strong> tendo representado, em conjunto com quatro colegas das escolas de Reguengos de Monsaraz e de Vendas Novas, o c\u00edrculo eleitoral de \u00c9vora. Por sua vez, a aluna <strong>Sofia Hortinhas<\/strong>, do<strong> 7\u00baD<\/strong>, participou na qualidade de <strong>jornalista<\/strong>.<\/p>\n<p>No primeiro dia, as Reuni\u00f5es das Comiss\u00f5es foram o palco principal. A\u00ed os alunos debateram, na generalidade e na especialidade, os Projetos de Recomenda\u00e7\u00e3o aprovados nos diversos c\u00edrculos eleitorais. A\u00ed trocaram ideias, debateram argumentos e propuseram solu\u00e7\u00f5es.<\/p>\n<p>Os alunos da Escola Secund\u00e1ria Severim de Faria demonstraram um compromisso exemplar, participando ativamente em todas as discuss\u00f5es e contribuindo com opini\u00f5es e propostas.<\/p>\n<p>O segundo dia, que decorreu na Sala do Plen\u00e1rio da Assembleia da Rep\u00fablica, foi reservado para o apogeu do evento. Com efeito, o dia 7 de maio, iniciou-se com uma <strong>sess\u00e3o solene<\/strong>, <strong>presidida pelo Presidente da Assembleia da<\/strong> <strong>Rep\u00fablica, Dr. Jos\u00e9 Pedro Aguiar Branco<\/strong>, seguindo-se um <strong>per\u00edodo de perguntas<\/strong> nas quais os jovens deputados tiveram a oportunidade de colocar quest\u00f5es aos deputados da Assembleia da Rep\u00fablica. Posteriormente, decorreu o <strong>debate da Recomenda\u00e7\u00e3o Final \u00e0 Assembleia da Rep\u00fablica<\/strong>. Sob os holofotes, os jovens parlamentares defenderam com fervor as suas ideias, mostrando uma impressionante capacidade de express\u00e3o e de argumenta\u00e7\u00e3o. A mesa, presidida pela nossa aluna Alice Barradas, em colabora\u00e7\u00e3o com a vice-presidente e dois secret\u00e1rios, agiu de forma exemplar, moderando os trabalhos e dando oportunidade a todos os parlamentares, no sentido de expressarem os seus pontos de vista.<\/p>\n<p>Os alunos da Escola Secund\u00e1ria Severim de Faria, n\u00e3o apenas marcaram presen\u00e7a, mas destacaram-se com o seu entusiasmo, dedica\u00e7\u00e3o e esp\u00edrito colaborativo ao longo dos dois dias dos trabalhos. O seu <strong>desempenho exemplar<\/strong> merece ser destacado e elogiado, n\u00e3o apenas pela sua escola, mas por toda a comunidade.<\/p>\n<p>Estamos certos de que n\u00e3o ir\u00e3o esquecer esta experi\u00eancia marcante, que os inspirar\u00e1 certamente a serem sempre cidad\u00e3os ativos em defesa da democracia e de uma escola sempre mais plural e participativa.<\/p>\n<p>Os professores Rui Ladeiras e Teresa Cravo<\/p>\n<p><img loading=\"lazy\" decoding=\"async\" class=\"alignnone size-medium wp-image-2337\" src=\"https:\/\/jornaloassobio.pt\/wp-content\/uploads\/2024\/05\/WhatsApp-Image-2024-05-07-at-12.16.36-225x300.jpeg\" alt=\"\" width=\"225\" height=\"300\" srcset=\"https:\/\/jornaloassobio.pt\/wp-content\/uploads\/2024\/05\/WhatsApp-Image-2024-05-07-at-12.16.36-225x300.jpeg 225w, https:\/\/jornaloassobio.pt\/wp-content\/uploads\/2024\/05\/WhatsApp-Image-2024-05-07-at-12.16.36-768x1024.jpeg 768w, https:\/\/jornaloassobio.pt\/wp-content\/uploads\/2024\/05\/WhatsApp-Image-2024-05-07-at-12.16.36-1152x1536.jpeg 1152w, https:\/\/jornaloassobio.pt\/wp-content\/uploads\/2024\/05\/WhatsApp-Image-2024-05-07-at-12.16.36.jpeg 1536w\" sizes=\"auto, (max-width: 225px) 100vw, 225px\" \/> <img loading=\"lazy\" decoding=\"async\" class=\"alignnone size-medium wp-image-2336\" src=\"https:\/\/jornaloassobio.pt\/wp-content\/uploads\/2024\/05\/WhatsApp-Image-2024-05-07-at-12.16.36-1-300x225.jpeg\" alt=\"\" width=\"300\" height=\"225\" srcset=\"https:\/\/jornaloassobio.pt\/wp-content\/uploads\/2024\/05\/WhatsApp-Image-2024-05-07-at-12.16.36-1-300x225.jpeg 300w, https:\/\/jornaloassobio.pt\/wp-content\/uploads\/2024\/05\/WhatsApp-Image-2024-05-07-at-12.16.36-1-1024x768.jpeg 1024w, https:\/\/jornaloassobio.pt\/wp-content\/uploads\/2024\/05\/WhatsApp-Image-2024-05-07-at-12.16.36-1-768x576.jpeg 768w, https:\/\/jornaloassobio.pt\/wp-content\/uploads\/2024\/05\/WhatsApp-Image-2024-05-07-at-12.16.36-1-1536x1152.jpeg 1536w, https:\/\/jornaloassobio.pt\/wp-content\/uploads\/2024\/05\/WhatsApp-Image-2024-05-07-at-12.16.36-1.jpeg 2048w\" sizes=\"auto, (max-width: 300px) 100vw, 300px\" \/><img loading=\"lazy\" decoding=\"async\" class=\"alignnone size-medium wp-image-2338\" src=\"https:\/\/jornaloassobio.pt\/wp-content\/uploads\/2024\/05\/WhatsApp-Image-2024-05-07-at-12.16.44-225x300.jpeg\" alt=\"\" width=\"225\" height=\"300\" srcset=\"https:\/\/jornaloassobio.pt\/wp-content\/uploads\/2024\/05\/WhatsApp-Image-2024-05-07-at-12.16.44-225x300.jpeg 225w, https:\/\/jornaloassobio.pt\/wp-content\/uploads\/2024\/05\/WhatsApp-Image-2024-05-07-at-12.16.44-768x1024.jpeg 768w, https:\/\/jornaloassobio.pt\/wp-content\/uploads\/2024\/05\/WhatsApp-Image-2024-05-07-at-12.16.44-1152x1536.jpeg 1152w, https:\/\/jornaloassobio.pt\/wp-content\/uploads\/2024\/05\/WhatsApp-Image-2024-05-07-at-12.16.44.jpeg 1536w\" sizes=\"auto, (max-width: 225px) 100vw, 225px\" \/><img loading=\"lazy\" decoding=\"async\" class=\"wp-image-2335 alignleft\" src=\"https:\/\/jornaloassobio.pt\/wp-content\/uploads\/2024\/05\/IMG_1637-300x225.jpg\" alt=\"\" width=\"296\" height=\"222\" srcset=\"https:\/\/jornaloassobio.pt\/wp-content\/uploads\/2024\/05\/IMG_1637-300x225.jpg 300w, https:\/\/jornaloassobio.pt\/wp-content\/uploads\/2024\/05\/IMG_1637-1024x768.jpg 1024w, https:\/\/jornaloassobio.pt\/wp-content\/uploads\/2024\/05\/IMG_1637-768x576.jpg 768w, https:\/\/jornaloassobio.pt\/wp-content\/uploads\/2024\/05\/IMG_1637-1536x1152.jpg 1536w, https:\/\/jornaloassobio.pt\/wp-content\/uploads\/2024\/05\/IMG_1637-2048x1536.jpg 2048w\" sizes=\"auto, (max-width: 296px) 100vw, 296px\" \/><img loading=\"lazy\" decoding=\"async\" class=\"size-medium wp-image-2339 alignnone\" src=\"https:\/\/jornaloassobio.pt\/wp-content\/uploads\/2024\/05\/IMG_1665-300x225.jpg\" alt=\"\" width=\"300\" height=\"225\" srcset=\"https:\/\/jornaloassobio.pt\/wp-content\/uploads\/2024\/05\/IMG_1665-300x225.jpg 300w, https:\/\/jornaloassobio.pt\/wp-content\/uploads\/2024\/05\/IMG_1665-1024x768.jpg 1024w, https:\/\/jornaloassobio.pt\/wp-content\/uploads\/2024\/05\/IMG_1665-768x576.jpg 768w, https:\/\/jornaloassobio.pt\/wp-content\/uploads\/2024\/05\/IMG_1665-1536x1152.jpg 1536w, https:\/\/jornaloassobio.pt\/wp-content\/uploads\/2024\/05\/IMG_1665-2048x1536.jpg 2048w\" sizes=\"auto, (max-width: 300px) 100vw, 300px\" \/><\/p>\n<p>&nbsp;<\/p>\n<p style=\"text-align: right;\">\n        <div class=\"booster-block booster-reactions-block\">\r\n            <div class=\"twp-reactions-icons\">\r\n                \r\n                <div class=\"twp-reacts-wrap\">\r\n                    <a react-data=\"be-react-1\" post-id=\"2333\" class=\"be-face-icons un-reacted\" href=\"javascript:void(0)\">\r\n                        <img decoding=\"async\" src=\"https:\/\/jornaloassobio.pt\/wp-content\/plugins\/booster-extension\/\/assets\/icon\/happy.svg\" alt=\"Happy\">\r\n                    <\/a>\r\n                    <div class=\"twp-reaction-title\">\r\n                        Happy                    <\/div>\r\n                    <div class=\"twp-count-percent\">\r\n                                                    <span style=\"display: none;\" class=\"twp-react-count\">0<\/span>\r\n                        \r\n                                                <span class=\"twp-react-percent\"><span>0<\/span> %<\/span>\r\n                                            <\/div>\r\n                <\/div>\r\n\r\n                <div class=\"twp-reacts-wrap\">\r\n                    <a react-data=\"be-react-2\" post-id=\"2333\" class=\"be-face-icons un-reacted\" href=\"javascript:void(0)\">\r\n                        <img decoding=\"async\" src=\"https:\/\/jornaloassobio.pt\/wp-content\/plugins\/booster-extension\/\/assets\/icon\/sad.svg\" alt=\"Sad\">\r\n                    <\/a>\r\n                    <div class=\"twp-reaction-title\">\r\n                        Sad                    <\/div>\r\n                    <div class=\"twp-count-percent\">\r\n                                                    <span style=\"display: none;\" class=\"twp-react-count\">0<\/span>\r\n                                                                        <span class=\"twp-react-percent\"><span>0<\/span> %<\/span>\r\n                                            <\/div>\r\n                <\/div>\r\n\r\n                <div class=\"twp-reacts-wrap\">\r\n                    <a react-data=\"be-react-3\" post-id=\"2333\" class=\"be-face-icons un-reacted\" href=\"javascript:void(0)\">\r\n                        <img decoding=\"async\" src=\"https:\/\/jornaloassobio.pt\/wp-content\/plugins\/booster-extension\/\/assets\/icon\/excited.svg\" alt=\"Excited\">\r\n                    <\/a>\r\n                    <div class=\"twp-reaction-title\">\r\n                        Excited                    <\/div>\r\n                    <div class=\"twp-count-percent\">\r\n                                                    <span style=\"display: none;\" class=\"twp-react-count\">0<\/span>\r\n                                                                        <span class=\"twp-react-percent\"><span>0<\/span> %<\/span>\r\n                                            <\/div>\r\n                <\/div>\r\n\r\n                <div class=\"twp-reacts-wrap\">\r\n                    <a react-data=\"be-react-6\" post-id=\"2333\" class=\"be-face-icons un-reacted\" href=\"javascript:void(0)\">\r\n                        <img decoding=\"async\" src=\"https:\/\/jornaloassobio.pt\/wp-content\/plugins\/booster-extension\/\/assets\/icon\/sleepy.svg\" alt=\"Sleepy\">\r\n                    <\/a>\r\n                    <div class=\"twp-reaction-title\">\r\n                        Sleepy                    <\/div>\r\n                    <div class=\"twp-count-percent\">\r\n                                                    <span style=\"display: none;\" class=\"twp-react-count\">0<\/span>\r\n                        \r\n                                                <span class=\"twp-react-percent\"><span>0<\/span> %<\/span>\r\n                                            <\/div>\r\n                <\/div>\r\n\r\n                <div class=\"twp-reacts-wrap\">\r\n                    <a react-data=\"be-react-4\" post-id=\"2333\" class=\"be-face-icons un-reacted\" href=\"javascript:void(0)\">\r\n                        <img decoding=\"async\" src=\"https:\/\/jornaloassobio.pt\/wp-content\/plugins\/booster-extension\/\/assets\/icon\/angry.svg\" alt=\"Angry\">\r\n                    <\/a>\r\n                    <div class=\"twp-reaction-title\">Angry<\/div>\r\n                    <div class=\"twp-count-percent\">\r\n                                                    <span style=\"display: none;\" class=\"twp-react-count\">0<\/span>\r\n                                                                        <span class=\"twp-react-percent\"><span>0<\/span> %<\/span>\r\n                        \r\n                    <\/div>\r\n                <\/div>\r\n\r\n                <div class=\"twp-reacts-wrap\">\r\n                    <a react-data=\"be-react-5\" post-id=\"2333\" class=\"be-face-icons un-reacted\" href=\"javascript:void(0)\">\r\n                        <img decoding=\"async\" src=\"https:\/\/jornaloassobio.pt\/wp-content\/plugins\/booster-extension\/\/assets\/icon\/surprise.svg\" alt=\"Surprise\">\r\n                    <\/a>\r\n                    <div class=\"twp-reaction-title\">Surprise<\/div>\r\n                    <div class=\"twp-count-percent\">\r\n                                                    <span style=\"display: none;\" class=\"twp-react-count\">0<\/span>\r\n                                                                        <span class=\"twp-react-percent\"><span>0<\/span> %<\/span>\r\n                                            <\/div>\r\n                <\/div>\r\n\r\n            <\/div>\r\n        <\/div>\r\n\r\n    ","protected":false},"excerpt":{"rendered":"<p>Nos passados dias 6 e 7 de maio, quatro jovens estudantes do Ensino B\u00e1sico, da Escola Secund\u00e1ria Severim de Faria, participaram, de forma not\u00e1vel, na Sess\u00e3o Nacional do Programa Parlamento dos Jovens, realizada na Assembleia da Rep\u00fablica. Com efeito, a aluna Alice Barradas, do 9\u00baA, foi eleita Presidente da Mesa da Sess\u00e3o, tendo os alunos [&hellip;]<\/p>\n","protected":false},"author":6,"featured_media":2337,"comment_status":"open","ping_status":"open","sticky":false,"template":"","format":"standard","meta":{"footnotes":""},"categories":[4],"tags":[],"class_list":["post-2333","post","type-post","status-publish","format-standard","has-post-thumbnail","hentry","category-noticias"],"_links":{"self":[{"href":"https:\/\/jornaloassobio.pt\/index.php?rest_route=\/wp\/v2\/posts\/2333","targetHints":{"allow":["GET"]}}],"collection":[{"href":"https:\/\/jornaloassobio.pt\/index.php?rest_route=\/wp\/v2\/posts"}],"about":[{"href":"https:\/\/jornaloassobio.pt\/index.php?rest_route=\/wp\/v2\/types\/post"}],"author":[{"embeddable":true,"href":"https:\/\/jornaloassobio.pt\/index.php?rest_route=\/wp\/v2\/users\/6"}],"replies":[{"embeddable":true,"href":"https:\/\/jornaloassobio.pt\/index.php?rest_route=%2Fwp%2Fv2%2Fcomments&post=2333"}],"version-history":[{"count":7,"href":"https:\/\/jornaloassobio.pt\/index.php?rest_route=\/wp\/v2\/posts\/2333\/revisions"}],"predecessor-version":[{"id":2346,"href":"https:\/\/jornaloassobio.pt\/index.php?rest_route=\/wp\/v2\/posts\/2333\/revisions\/2346"}],"wp:featuredmedia":[{"embeddable":true,"href":"https:\/\/jornaloassobio.pt\/index.php?rest_route=\/wp\/v2\/media\/2337"}],"wp:attachment":[{"href":"https:\/\/jornaloassobio.pt\/index.php?rest_route=%2Fwp%2Fv2%2Fmedia&parent=2333"}],"wp:term":[{"taxonomy":"category","embeddable":true,"href":"https:\/\/jornaloassobio.pt\/index.php?rest_route=%2Fwp%2Fv2%2Fcategories&post=2333"},{"taxonomy":"post_tag","embeddable":true,"href":"https:\/\/jornaloassobio.pt\/index.php?rest_route=%2Fwp%2Fv2%2Ftags&post=2333"}],"curies":[{"name":"wp","href":"https:\/\/api.w.org\/{rel}","templated":true}]}}