{"id":2350,"date":"2024-05-22T08:01:25","date_gmt":"2024-05-22T08:01:25","guid":{"rendered":"https:\/\/jornaloassobio.pt\/?p=2350"},"modified":"2024-05-22T11:43:08","modified_gmt":"2024-05-22T11:43:08","slug":"dia-mundial-da-diversidade-cultural-para-o-dialogo-e-o-desenvolvimento","status":"publish","type":"post","link":"https:\/\/jornaloassobio.pt\/?p=2350","title":{"rendered":"Dia Mundial da Diversidade Cultural para o Di\u00e1logo e o Desenvolvimento"},"content":{"rendered":"<div class='booster-block booster-read-block'>\r\n                <div class=\"twp-read-time\">\r\n                \t<i class=\"booster-icon twp-clock\"><\/i> <span>Read Time:<\/span>1 Minute, 30 Second                <\/div>\r\n\r\n            <\/div><p style=\"text-align: left;\">O <strong>Dia Mundial da Diversidade Cultural para o Di\u00e1logo e o Desenvolvimento <\/strong>celebra-se todos os anos a 21 de maio.<\/p>\n<p style=\"text-align: left;\">Alicer\u00e7ada nos princ\u00edpios da Declara\u00e7\u00e3o Universal dos Direitos do Homem, esta data procura afirmar valores como o respeito pela diferen\u00e7a entre culturas, a toler\u00e2ncia, a solidariedade entre os povos, a coes\u00e3o social e o di\u00e1logo.\u00a0Sublinha, tamb\u00e9m, a necessidade da coopera\u00e7\u00e3o no sentido do alcance da\u00a0paz e de uma exist\u00eancia mais plena e harmoniosa.<\/p>\n<p style=\"text-align: left;\">A diversidade cultural \u00e9 um patrim\u00f3nio comum da humanidade e, neste sentido, o Dia Mundial da Diversidade Cultural para Di\u00e1logo e Desenvolvimento foi proclamado atrav\u00e9s da resolu\u00e7\u00e3o 57\/249\u00a0adotada pela Assembleia Geral da <strong>ONU\u00a0<\/strong>de\u00a020 de fevereiro de 2003.<\/p>\n<p><img loading=\"lazy\" decoding=\"async\" class=\"alignnone wp-image-2351 aligncenter\" src=\"https:\/\/jornaloassobio.pt\/wp-content\/uploads\/2024\/05\/3-212x300.png\" alt=\"\" width=\"188\" height=\"266\" srcset=\"https:\/\/jornaloassobio.pt\/wp-content\/uploads\/2024\/05\/3-212x300.png 212w, https:\/\/jornaloassobio.pt\/wp-content\/uploads\/2024\/05\/3-724x1024.png 724w, https:\/\/jornaloassobio.pt\/wp-content\/uploads\/2024\/05\/3-768x1086.png 768w, https:\/\/jornaloassobio.pt\/wp-content\/uploads\/2024\/05\/3-1086x1536.png 1086w, https:\/\/jornaloassobio.pt\/wp-content\/uploads\/2024\/05\/3-1448x2048.png 1448w, https:\/\/jornaloassobio.pt\/wp-content\/uploads\/2024\/05\/3.png 1587w\" sizes=\"auto, (max-width: 188px) 100vw, 188px\" \/><\/p>\n<p>As bibliotecas escolares celebram a <strong>diversidade cultural<\/strong> com exposi\u00e7\u00f5es e atividades.<\/p>\n<p>Na escola Severim de Faria, encontrar-se a\u00a0exposi\u00e7\u00e3o \u201c<strong><em>Pipi das meias altas<\/em><\/strong>\u201d, composta por um conjunto de 33 livros de edi\u00e7\u00f5es em diferentes l\u00ednguas. \u00a0No original, em sueco, <strong><em>Pippi L\u00e5ngstrump<\/em><\/strong>\u00a0\u00e9 uma obra de Astrid Lindgren, cuja personagem principal \u2013 Pipi \u2013 \u00e9 uma menina invulgar, \u201ca mais forte do mundo\u201d, independente, com muitas sardas, umas tran\u00e7as ruivas e um sorriso feliz e traquinas.<\/p>\n<p>Paralelamente, est\u00e3o ainda, patentes duas pequenas mostras\u00a0 que assinalam a diversidade cultural, e a dimens\u00e3o multicultural da escola: 1) mostra de objetos da Bulg\u00e1ria, cedidos pela aluna Magdalena do 12\u00ba ano, e 2) mostra de livros em diferentes l\u00ednguas.<\/p>\n<p>Ainda no dia 21 de maio, os alunos da turma de Ingl\u00eas, do 11\u00ba CT1\/CT2 ano, participaram numa atividade subordinada ao tema da diversidade cultural, onde se abordaram aspetos relativos aos direitos humanos e a diversidade cultural. Os alunos tiveram ainda oportunidade de criarem apresenta\u00e7\u00f5es de &#8220;<em>knolling<\/em>&#8220;, enquadradas na mesma tem\u00e1tica.<\/p>\n<div id='gallery-1' class='gallery galleryid-2350 gallery-columns-2 gallery-size-thumbnail'><figure class='gallery-item'>\n\t\t\t<div class='gallery-icon landscape'>\n\t\t\t\t<a href='https:\/\/jornaloassobio.pt\/?attachment_id=2353'><img loading=\"lazy\" decoding=\"async\" width=\"150\" height=\"150\" src=\"https:\/\/jornaloassobio.pt\/wp-content\/uploads\/2024\/05\/IMG-20240521-WA0003-150x150.jpg\" class=\"attachment-thumbnail size-thumbnail\" alt=\"\" \/><\/a>\n\t\t\t<\/div><\/figure><figure class='gallery-item'>\n\t\t\t<div class='gallery-icon landscape'>\n\t\t\t\t<a href='https:\/\/jornaloassobio.pt\/?attachment_id=2352'><img loading=\"lazy\" decoding=\"async\" width=\"150\" height=\"150\" src=\"https:\/\/jornaloassobio.pt\/wp-content\/uploads\/2024\/05\/IMG-20240521-WA0002-150x150.jpg\" class=\"attachment-thumbnail size-thumbnail\" alt=\"\" \/><\/a>\n\t\t\t<\/div><\/figure>\n\t\t<\/div>\n\n<p>&nbsp;<\/p>\n<p>&nbsp;<\/p>\n<p>&nbsp;<\/p>\n<p>&nbsp;<\/p>\n<p>&nbsp;<\/p>\n<p>&nbsp;<\/p>\n<p>&nbsp;<\/p>\n<p>&nbsp;<\/p>\n<p>&nbsp;<\/p>\n<p>&nbsp;<\/p>\n<p>&nbsp;<\/p>\n<p>&nbsp;<\/p>\n<p>&nbsp;<\/p>\n        <div class=\"booster-block booster-reactions-block\">\r\n            <div class=\"twp-reactions-icons\">\r\n                \r\n                <div class=\"twp-reacts-wrap\">\r\n                    <a react-data=\"be-react-1\" post-id=\"2350\" class=\"be-face-icons un-reacted\" href=\"javascript:void(0)\">\r\n                        <img decoding=\"async\" src=\"https:\/\/jornaloassobio.pt\/wp-content\/plugins\/booster-extension\/\/assets\/icon\/happy.svg\" alt=\"Happy\">\r\n                    <\/a>\r\n                    <div class=\"twp-reaction-title\">\r\n                        Happy                    <\/div>\r\n                    <div class=\"twp-count-percent\">\r\n                                                    <span style=\"display: none;\" class=\"twp-react-count\">0<\/span>\r\n                        \r\n                                                <span class=\"twp-react-percent\"><span>0<\/span> %<\/span>\r\n                                            <\/div>\r\n                <\/div>\r\n\r\n                <div class=\"twp-reacts-wrap\">\r\n                    <a react-data=\"be-react-2\" post-id=\"2350\" class=\"be-face-icons un-reacted\" href=\"javascript:void(0)\">\r\n                        <img decoding=\"async\" src=\"https:\/\/jornaloassobio.pt\/wp-content\/plugins\/booster-extension\/\/assets\/icon\/sad.svg\" alt=\"Sad\">\r\n                    <\/a>\r\n                    <div class=\"twp-reaction-title\">\r\n                        Sad                    <\/div>\r\n                    <div class=\"twp-count-percent\">\r\n                                                    <span style=\"display: none;\" class=\"twp-react-count\">0<\/span>\r\n                                                                        <span class=\"twp-react-percent\"><span>0<\/span> %<\/span>\r\n                                            <\/div>\r\n                <\/div>\r\n\r\n                <div class=\"twp-reacts-wrap\">\r\n                    <a react-data=\"be-react-3\" post-id=\"2350\" class=\"be-face-icons un-reacted\" href=\"javascript:void(0)\">\r\n                        <img decoding=\"async\" src=\"https:\/\/jornaloassobio.pt\/wp-content\/plugins\/booster-extension\/\/assets\/icon\/excited.svg\" alt=\"Excited\">\r\n                    <\/a>\r\n                    <div class=\"twp-reaction-title\">\r\n                        Excited                    <\/div>\r\n                    <div class=\"twp-count-percent\">\r\n                                                    <span style=\"display: none;\" class=\"twp-react-count\">0<\/span>\r\n                                                                        <span class=\"twp-react-percent\"><span>0<\/span> %<\/span>\r\n                                            <\/div>\r\n                <\/div>\r\n\r\n                <div class=\"twp-reacts-wrap\">\r\n                    <a react-data=\"be-react-6\" post-id=\"2350\" class=\"be-face-icons un-reacted\" href=\"javascript:void(0)\">\r\n                        <img decoding=\"async\" src=\"https:\/\/jornaloassobio.pt\/wp-content\/plugins\/booster-extension\/\/assets\/icon\/sleepy.svg\" alt=\"Sleepy\">\r\n                    <\/a>\r\n                    <div class=\"twp-reaction-title\">\r\n                        Sleepy                    <\/div>\r\n                    <div class=\"twp-count-percent\">\r\n                                                    <span style=\"display: none;\" class=\"twp-react-count\">0<\/span>\r\n                        \r\n                                                <span class=\"twp-react-percent\"><span>0<\/span> %<\/span>\r\n                                            <\/div>\r\n                <\/div>\r\n\r\n                <div class=\"twp-reacts-wrap\">\r\n                    <a react-data=\"be-react-4\" post-id=\"2350\" class=\"be-face-icons un-reacted\" href=\"javascript:void(0)\">\r\n                        <img decoding=\"async\" src=\"https:\/\/jornaloassobio.pt\/wp-content\/plugins\/booster-extension\/\/assets\/icon\/angry.svg\" alt=\"Angry\">\r\n                    <\/a>\r\n                    <div class=\"twp-reaction-title\">Angry<\/div>\r\n                    <div class=\"twp-count-percent\">\r\n                                                    <span style=\"display: none;\" class=\"twp-react-count\">0<\/span>\r\n                                                                        <span class=\"twp-react-percent\"><span>0<\/span> %<\/span>\r\n                        \r\n                    <\/div>\r\n                <\/div>\r\n\r\n                <div class=\"twp-reacts-wrap\">\r\n                    <a react-data=\"be-react-5\" post-id=\"2350\" class=\"be-face-icons un-reacted\" href=\"javascript:void(0)\">\r\n                        <img decoding=\"async\" src=\"https:\/\/jornaloassobio.pt\/wp-content\/plugins\/booster-extension\/\/assets\/icon\/surprise.svg\" alt=\"Surprise\">\r\n                    <\/a>\r\n                    <div class=\"twp-reaction-title\">Surprise<\/div>\r\n                    <div class=\"twp-count-percent\">\r\n                                                    <span style=\"display: none;\" class=\"twp-react-count\">0<\/span>\r\n                                                                        <span class=\"twp-react-percent\"><span>0<\/span> %<\/span>\r\n                                            <\/div>\r\n                <\/div>\r\n\r\n            <\/div>\r\n        <\/div>\r\n\r\n    ","protected":false},"excerpt":{"rendered":"<p>O Dia Mundial da Diversidade Cultural para o Di\u00e1logo e o Desenvolvimento celebra-se todos os anos a 21 de maio. Alicer\u00e7ada nos princ\u00edpios da Declara\u00e7\u00e3o Universal dos Direitos do Homem, esta data procura afirmar valores como o respeito pela diferen\u00e7a entre culturas, a toler\u00e2ncia, a solidariedade entre os povos, a coes\u00e3o social e o di\u00e1logo.\u00a0Sublinha, [&hellip;]<\/p>\n","protected":false},"author":5,"featured_media":2351,"comment_status":"open","ping_status":"open","sticky":false,"template":"","format":"standard","meta":{"footnotes":""},"categories":[4],"tags":[],"class_list":["post-2350","post","type-post","status-publish","format-standard","has-post-thumbnail","hentry","category-noticias"],"_links":{"self":[{"href":"https:\/\/jornaloassobio.pt\/index.php?rest_route=\/wp\/v2\/posts\/2350","targetHints":{"allow":["GET"]}}],"collection":[{"href":"https:\/\/jornaloassobio.pt\/index.php?rest_route=\/wp\/v2\/posts"}],"about":[{"href":"https:\/\/jornaloassobio.pt\/index.php?rest_route=\/wp\/v2\/types\/post"}],"author":[{"embeddable":true,"href":"https:\/\/jornaloassobio.pt\/index.php?rest_route=\/wp\/v2\/users\/5"}],"replies":[{"embeddable":true,"href":"https:\/\/jornaloassobio.pt\/index.php?rest_route=%2Fwp%2Fv2%2Fcomments&post=2350"}],"version-history":[{"count":8,"href":"https:\/\/jornaloassobio.pt\/index.php?rest_route=\/wp\/v2\/posts\/2350\/revisions"}],"predecessor-version":[{"id":2389,"href":"https:\/\/jornaloassobio.pt\/index.php?rest_route=\/wp\/v2\/posts\/2350\/revisions\/2389"}],"wp:featuredmedia":[{"embeddable":true,"href":"https:\/\/jornaloassobio.pt\/index.php?rest_route=\/wp\/v2\/media\/2351"}],"wp:attachment":[{"href":"https:\/\/jornaloassobio.pt\/index.php?rest_route=%2Fwp%2Fv2%2Fmedia&parent=2350"}],"wp:term":[{"taxonomy":"category","embeddable":true,"href":"https:\/\/jornaloassobio.pt\/index.php?rest_route=%2Fwp%2Fv2%2Fcategories&post=2350"},{"taxonomy":"post_tag","embeddable":true,"href":"https:\/\/jornaloassobio.pt\/index.php?rest_route=%2Fwp%2Fv2%2Ftags&post=2350"}],"curies":[{"name":"wp","href":"https:\/\/api.w.org\/{rel}","templated":true}]}}