{"id":2359,"date":"2024-05-22T10:41:49","date_gmt":"2024-05-22T10:41:49","guid":{"rendered":"https:\/\/jornaloassobio.pt\/?p=2359"},"modified":"2024-05-22T10:42:04","modified_gmt":"2024-05-22T10:42:04","slug":"dia-do-autor-portugues-22-de-maio","status":"publish","type":"post","link":"https:\/\/jornaloassobio.pt\/?p=2359","title":{"rendered":"DIA DO AUTOR PORTUGU\u00caS &#8211; 22 DE MAIO"},"content":{"rendered":"<div class='booster-block booster-read-block'>\r\n                <div class=\"twp-read-time\">\r\n                \t<i class=\"booster-icon twp-clock\"><\/i> <span>Read Time:<\/span>3 Minute, 18 Second                <\/div>\r\n\r\n            <\/div><blockquote>\n<p style=\"text-align: center;\"><img loading=\"lazy\" decoding=\"async\" class=\"alignnone wp-image-2360\" src=\"https:\/\/jornaloassobio.pt\/wp-content\/uploads\/2024\/05\/22autor22-300x169.png\" alt=\"\" width=\"483\" height=\"272\" srcset=\"https:\/\/jornaloassobio.pt\/wp-content\/uploads\/2024\/05\/22autor22-300x169.png 300w, https:\/\/jornaloassobio.pt\/wp-content\/uploads\/2024\/05\/22autor22-1024x576.png 1024w, https:\/\/jornaloassobio.pt\/wp-content\/uploads\/2024\/05\/22autor22-768x432.png 768w, https:\/\/jornaloassobio.pt\/wp-content\/uploads\/2024\/05\/22autor22-1536x864.png 1536w, https:\/\/jornaloassobio.pt\/wp-content\/uploads\/2024\/05\/22autor22.png 1600w\" sizes=\"auto, (max-width: 483px) 100vw, 483px\" \/><\/p>\n<p style=\"text-align: center;\"><span style=\"color: #993300;\">N\u00e3o basta que as coisas que se dizem sejam grandes, se quem as diz n\u00e3o \u00e9 grande.\u00a0Por isso os ditos que alegamos se chamam autoridades, porque o autor \u00e9 o que lhes d\u00e1 o cr\u00e9dito e lhes concilia o respeito.<\/span><\/p>\n<p style=\"text-align: right;\"><span style=\"color: #993300;\">Padre Ant\u00f3nio Vieira , in <em>Serm\u00f5es do Ros\u00e1rio<\/em><\/span><\/p>\n<h3><span style=\"color: #ff6600;\"><em>O Dia do Autor Portugu\u00eas<\/em> <\/span>sublinha a relev\u00e2ncia de introduzir as crian\u00e7as do jardim de inf\u00e2ncia \u00e0 literatura nacional desde tenra idade. Neste artigo, a autora real\u00e7a a riqueza da l\u00edngua portuguesa, o contributo dos autores an\u00f3nimos e a necessidade de criar material liter\u00e1rio cativante para os mais pequenos.<\/h3>\n<p>Ter\u00e1 alguma import\u00e2ncia para a crian\u00e7a do jardim de inf\u00e2ncia o contacto com textos de autores portugueses quando h\u00e1 tantos autores estrangeiros, de renome internacional, que se t\u00eam dedicado a esta faixa et\u00e1ria?<\/p>\n<p>Parece-me que \u00e9 imprescind\u00edvel pois s\u00f3 eles transmitem o fasc\u00ednio pela nossa l\u00edngua que nos deve cativar desde os primeiros anos, brincando com as palavras que usamos no dia a dia, fazendo-nos descobrir a sua versatilidade, desenvolvendo, atrav\u00e9s de situa\u00e7\u00f5es ligadas \u00e0 realidade local, o gosto pela identifica\u00e7\u00e3o, pela descoberta.<\/p>\n<p>O <span style=\"color: #ff6600;\">Dia do Autor Portugu\u00eas<\/span>, para os mais pequenos, deve tamb\u00e9m abranger os autores an\u00f3nimos que, ao longo dos s\u00e9culos, criaram um tesouro: o <strong>patrim\u00f3nio da literatura oral<\/strong>. S\u00e3o eles os respons\u00e1veis pelas <strong>lengalengas<\/strong> que tanto desenvolvem ludicamente a mem\u00f3ria, pelos <strong>trava-l\u00ednguas<\/strong> que, em jeito de desafio, melhoram a dic\u00e7\u00e3o, pelas <strong>adivinhas<\/strong> que fazem pensar e s\u00e3o tamb\u00e9m um fator de desenvolvimento.<\/p>\n<p>Eu aprendi a amar a l\u00edngua divertindo-me com o meu pai, que sabia de cor muitos jogos e rimas infantis, os quais nunca mais esqueci, que fazem hoje parte de mim, e sinto-me na obriga\u00e7\u00e3o de os ir passando \u00e0s novas gera\u00e7\u00f5es.<\/p>\n<p>Diariamente, verifico nas escolas como as crian\u00e7as do jardim de inf\u00e2ncia aderem com redobrado entusiasmo aos textos elaborados em portugu\u00eas.<\/p>\n<p>Quando hoje os autores se deslocam a estabelecimentos de ensino, privilegiam cada vez mais os <strong>encontros com os mais novos<\/strong> e encontram neles extraordin\u00e1rias capacidades de frui\u00e7\u00e3o de literatura infantil, uma imagina\u00e7\u00e3o muito f\u00e9rtil e espont\u00e2nea e at\u00e9 um gosto pela cria\u00e7\u00e3o aut\u00f3noma. \u00c0s vezes ao entrarem para o 1.\u00ba ciclo, come\u00e7am a ficar formatados de acordo com programas que lhes cortam certa autonomia de express\u00e3o.<\/p>\n<p>Um dia, o meu neto de 3 anos disse-me:<\/p>\n<p><i>&#8211; Av\u00f3, tu \u00e9s indecente.<\/i><\/p>\n<p><i>&#8211; Porqu\u00ea?<\/i><\/p>\n<p><i>&#8211; Porque s\u00f3 escreves para os mais velhos. E n\u00f3s queremos livros para n\u00f3s.<\/i><\/p>\n<p>Dei-lhe toda a raz\u00e3o e desde ent\u00e3o tenho-me deliciado a escrever para quem n\u00e3o sabe ler, mas tem uma inaudita capacidade de captar, de compreender, de questionar, de interagir.<\/p>\n<p>Sugiro a todas as educadoras que desvendem \u00e0s suas crian\u00e7as todas as potencialidades da literatura de autor e sem autor escrita na nossa l\u00edngua, porque ela \u00e9, como dizia Pessoa, a nossa verdadeira P\u00e1tria.<\/p>\n<hr \/>\n<p><b>LU\u00cdSA DUCLA SOARES<\/b><br \/>\nNascida em Lisboa e licenciada em Filologia Germ\u00e2nica, dedica-se especialmente \u00e0 literatura infantojuvenil como autora, estudiosa, divulgadora. Tendo sido jornalista, adjunta do Minist\u00e9rio da Educa\u00e7\u00e3o e trabalhando 30 anos na Biblioteca Nacional, tem realizado numerosas sess\u00f5es de incentivo \u00e0 leitura e confer\u00eancias em escolas, bibliotecas, universidades.<br \/>\nAutora de cerca de 130 livros, recusou, por motivos pol\u00edticos, o Pr\u00e9mio Maria Am\u00e1lia Vaz de Carvalho e foi por duas vezes galardoada pela Funda\u00e7\u00e3o Calouste Gulbenkian, uma delas pelo conjunto da sua obra.<\/p>\n<p><strong>O Dia do Autor Portugu\u00eas<\/strong> \u00e9 assinalado a <strong>22 de maio<\/strong> desde 1982. Esta data foi institu\u00edda pela Sociedade Portuguesa de Autores (SPA), numa iniciativa do maestro N\u00f3brega e Sousa. Este dia coincide com o anivers\u00e1rio da SPA, parceira corporativa da INCM, que tem por miss\u00e3o gerir os direitos de autor bem como representar todos os autores portugueses (tamb\u00e9m os seus sucessores e cession\u00e1rios) das \u00e1reas liter\u00e1rias e art\u00edsticas que nela estejam inscritos.<\/p>\n<p>https:\/\/www.escolavirtual.pt\/Blogue\/Artigos\/dia-do-autor-portugues.htm<\/p>\n<p>in https:\/\/imprensanacional.pt\/22-de-maio-dia-do-autor-portugues\/<\/p>\n<p><img loading=\"lazy\" decoding=\"async\" class=\"wp-image-2366 aligncenter\" src=\"https:\/\/jornaloassobio.pt\/wp-content\/uploads\/2024\/05\/dia22maio-autor-300x184.jpg\" alt=\"\" width=\"488\" height=\"299\" srcset=\"https:\/\/jornaloassobio.pt\/wp-content\/uploads\/2024\/05\/dia22maio-autor-300x184.jpg 300w, https:\/\/jornaloassobio.pt\/wp-content\/uploads\/2024\/05\/dia22maio-autor-1024x629.jpg 1024w, https:\/\/jornaloassobio.pt\/wp-content\/uploads\/2024\/05\/dia22maio-autor-768x472.jpg 768w, https:\/\/jornaloassobio.pt\/wp-content\/uploads\/2024\/05\/dia22maio-autor.jpg 1182w\" sizes=\"auto, (max-width: 488px) 100vw, 488px\" \/><\/p>\n<p>https:\/\/imprensanacional.pt\/22-de-maio-dia-do-autor-portugues\/<\/p><\/blockquote>\n        <div class=\"booster-block booster-reactions-block\">\r\n            <div class=\"twp-reactions-icons\">\r\n                \r\n                <div class=\"twp-reacts-wrap\">\r\n                    <a react-data=\"be-react-1\" post-id=\"2359\" class=\"be-face-icons un-reacted\" href=\"javascript:void(0)\">\r\n                        <img decoding=\"async\" src=\"https:\/\/jornaloassobio.pt\/wp-content\/plugins\/booster-extension\/\/assets\/icon\/happy.svg\" alt=\"Happy\">\r\n                    <\/a>\r\n                    <div class=\"twp-reaction-title\">\r\n                        Happy                    <\/div>\r\n                    <div class=\"twp-count-percent\">\r\n                                                    <span style=\"display: none;\" class=\"twp-react-count\">0<\/span>\r\n                        \r\n                                                <span class=\"twp-react-percent\"><span>0<\/span> %<\/span>\r\n                                            <\/div>\r\n                <\/div>\r\n\r\n                <div class=\"twp-reacts-wrap\">\r\n                    <a react-data=\"be-react-2\" post-id=\"2359\" class=\"be-face-icons un-reacted\" href=\"javascript:void(0)\">\r\n                        <img decoding=\"async\" src=\"https:\/\/jornaloassobio.pt\/wp-content\/plugins\/booster-extension\/\/assets\/icon\/sad.svg\" alt=\"Sad\">\r\n                    <\/a>\r\n                    <div class=\"twp-reaction-title\">\r\n                        Sad                    <\/div>\r\n                    <div class=\"twp-count-percent\">\r\n                                                    <span style=\"display: none;\" class=\"twp-react-count\">0<\/span>\r\n                                                                        <span class=\"twp-react-percent\"><span>0<\/span> %<\/span>\r\n                                            <\/div>\r\n                <\/div>\r\n\r\n                <div class=\"twp-reacts-wrap\">\r\n                    <a react-data=\"be-react-3\" post-id=\"2359\" class=\"be-face-icons un-reacted\" href=\"javascript:void(0)\">\r\n                        <img decoding=\"async\" src=\"https:\/\/jornaloassobio.pt\/wp-content\/plugins\/booster-extension\/\/assets\/icon\/excited.svg\" alt=\"Excited\">\r\n                    <\/a>\r\n                    <div class=\"twp-reaction-title\">\r\n                        Excited                    <\/div>\r\n                    <div class=\"twp-count-percent\">\r\n                                                    <span style=\"display: none;\" class=\"twp-react-count\">0<\/span>\r\n                                                                        <span class=\"twp-react-percent\"><span>0<\/span> %<\/span>\r\n                                            <\/div>\r\n                <\/div>\r\n\r\n                <div class=\"twp-reacts-wrap\">\r\n                    <a react-data=\"be-react-6\" post-id=\"2359\" class=\"be-face-icons un-reacted\" href=\"javascript:void(0)\">\r\n                        <img decoding=\"async\" src=\"https:\/\/jornaloassobio.pt\/wp-content\/plugins\/booster-extension\/\/assets\/icon\/sleepy.svg\" alt=\"Sleepy\">\r\n                    <\/a>\r\n                    <div class=\"twp-reaction-title\">\r\n                        Sleepy                    <\/div>\r\n                    <div class=\"twp-count-percent\">\r\n                                                    <span style=\"display: none;\" class=\"twp-react-count\">0<\/span>\r\n                        \r\n                                                <span class=\"twp-react-percent\"><span>0<\/span> %<\/span>\r\n                                            <\/div>\r\n                <\/div>\r\n\r\n                <div class=\"twp-reacts-wrap\">\r\n                    <a react-data=\"be-react-4\" post-id=\"2359\" class=\"be-face-icons un-reacted\" href=\"javascript:void(0)\">\r\n                        <img decoding=\"async\" src=\"https:\/\/jornaloassobio.pt\/wp-content\/plugins\/booster-extension\/\/assets\/icon\/angry.svg\" alt=\"Angry\">\r\n                    <\/a>\r\n                    <div class=\"twp-reaction-title\">Angry<\/div>\r\n                    <div class=\"twp-count-percent\">\r\n                                                    <span style=\"display: none;\" class=\"twp-react-count\">0<\/span>\r\n                                                                        <span class=\"twp-react-percent\"><span>0<\/span> %<\/span>\r\n                        \r\n                    <\/div>\r\n                <\/div>\r\n\r\n                <div class=\"twp-reacts-wrap\">\r\n                    <a react-data=\"be-react-5\" post-id=\"2359\" class=\"be-face-icons un-reacted\" href=\"javascript:void(0)\">\r\n                        <img decoding=\"async\" src=\"https:\/\/jornaloassobio.pt\/wp-content\/plugins\/booster-extension\/\/assets\/icon\/surprise.svg\" alt=\"Surprise\">\r\n                    <\/a>\r\n                    <div class=\"twp-reaction-title\">Surprise<\/div>\r\n                    <div class=\"twp-count-percent\">\r\n                                                    <span style=\"display: none;\" class=\"twp-react-count\">0<\/span>\r\n                                                                        <span class=\"twp-react-percent\"><span>0<\/span> %<\/span>\r\n                                            <\/div>\r\n                <\/div>\r\n\r\n            <\/div>\r\n        <\/div>\r\n\r\n    ","protected":false},"excerpt":{"rendered":"<p>N\u00e3o basta que as coisas que se dizem sejam grandes, se quem as diz n\u00e3o \u00e9 grande.\u00a0Por isso os ditos que alegamos se chamam autoridades, porque o autor \u00e9 o que lhes d\u00e1 o cr\u00e9dito e lhes concilia o respeito. Padre Ant\u00f3nio Vieira , in Serm\u00f5es do Ros\u00e1rio O Dia do Autor Portugu\u00eas sublinha a [&hellip;]<\/p>\n","protected":false},"author":6,"featured_media":2360,"comment_status":"open","ping_status":"open","sticky":false,"template":"","format":"standard","meta":{"footnotes":""},"categories":[4],"tags":[],"class_list":["post-2359","post","type-post","status-publish","format-standard","has-post-thumbnail","hentry","category-noticias"],"_links":{"self":[{"href":"https:\/\/jornaloassobio.pt\/index.php?rest_route=\/wp\/v2\/posts\/2359","targetHints":{"allow":["GET"]}}],"collection":[{"href":"https:\/\/jornaloassobio.pt\/index.php?rest_route=\/wp\/v2\/posts"}],"about":[{"href":"https:\/\/jornaloassobio.pt\/index.php?rest_route=\/wp\/v2\/types\/post"}],"author":[{"embeddable":true,"href":"https:\/\/jornaloassobio.pt\/index.php?rest_route=\/wp\/v2\/users\/6"}],"replies":[{"embeddable":true,"href":"https:\/\/jornaloassobio.pt\/index.php?rest_route=%2Fwp%2Fv2%2Fcomments&post=2359"}],"version-history":[{"count":4,"href":"https:\/\/jornaloassobio.pt\/index.php?rest_route=\/wp\/v2\/posts\/2359\/revisions"}],"predecessor-version":[{"id":2369,"href":"https:\/\/jornaloassobio.pt\/index.php?rest_route=\/wp\/v2\/posts\/2359\/revisions\/2369"}],"wp:featuredmedia":[{"embeddable":true,"href":"https:\/\/jornaloassobio.pt\/index.php?rest_route=\/wp\/v2\/media\/2360"}],"wp:attachment":[{"href":"https:\/\/jornaloassobio.pt\/index.php?rest_route=%2Fwp%2Fv2%2Fmedia&parent=2359"}],"wp:term":[{"taxonomy":"category","embeddable":true,"href":"https:\/\/jornaloassobio.pt\/index.php?rest_route=%2Fwp%2Fv2%2Fcategories&post=2359"},{"taxonomy":"post_tag","embeddable":true,"href":"https:\/\/jornaloassobio.pt\/index.php?rest_route=%2Fwp%2Fv2%2Ftags&post=2359"}],"curies":[{"name":"wp","href":"https:\/\/api.w.org\/{rel}","templated":true}]}}