{"id":2371,"date":"2024-05-22T11:12:36","date_gmt":"2024-05-22T11:12:36","guid":{"rendered":"https:\/\/jornaloassobio.pt\/?p=2371"},"modified":"2024-05-22T11:13:15","modified_gmt":"2024-05-22T11:13:15","slug":"ativista-marroquina-recebe-premio-norte-sul-em-defesa-dos-direitos-das-mulheres","status":"publish","type":"post","link":"https:\/\/jornaloassobio.pt\/?p=2371","title":{"rendered":"Ativista marroquina recebe Pr\u00e9mio Norte-Sul em defesa dos direitos das mulheres"},"content":{"rendered":"<div class='booster-block booster-read-block'>\r\n                <div class=\"twp-read-time\">\r\n                \t<i class=\"booster-icon twp-clock\"><\/i> <span>Read Time:<\/span>2 Minute, 33 Second                <\/div>\r\n\r\n            <\/div><div class=\"container px-0\">\n<div class=\"mx-3 mx-md-5 article-main-title\">\n<h1><\/h1>\n<h1><img loading=\"lazy\" decoding=\"async\" class=\" wp-image-2372 aligncenter\" src=\"https:\/\/jornaloassobio.pt\/wp-content\/uploads\/2024\/05\/transferir.jpg\" alt=\"\" width=\"459\" height=\"257\" \/><\/h1>\n<h1><span style=\"font-size: 16px;\">A ativista marroquina Amina Bouayach, que recebeu, no dia 21 de maio, o Pr\u00e9mio Norte-Sul 2023 do Conselho da Europa, disse \u00e0 Lusa que os direitos das mulheres s\u00e3o o maior desafio \u00e0 polariza\u00e7\u00e3o dos direitos humanos entre pa\u00edses mais e menos desenvolvidos.<\/span><\/h1>\n<\/div>\n<\/div>\n<div id=\"article-content-data\">\n<div class=\"hidden-content relative\">\n<div class=\"mx-3 mx-md-5 article-text\">\n<section class=\"article-body readthis-1573129\">&#8220;Os direitos das mulheres est\u00e3o a provocar preocupa\u00e7\u00f5es e interesse e a enfrentar pol\u00edticas&#8221;, afirmou, em entrevista \u00e0 ag\u00eancia Lusa, em Lisboa, admitindo que uma das suas principais preocupa\u00e7\u00f5es \u00e9 a igualdade de g\u00e9nero.O pr\u00e9mio hoje recebido \u00e9, para esta ativista, um sinal de reconhecimento.&#8221;\u00c9 o reconhecimento das mulheres marroquinas, das mulheres mu\u00e7ulmanas, das mulheres Imazighen&#8221; (conjunto de povos do Norte de \u00c1frica que falam l\u00ednguas berberes), disse, acrescentando que \u00e9 tamb\u00e9m &#8220;um reconhecimento do que [Marrocos] fez ou est\u00e1 a fazer em rela\u00e7\u00e3o aos direitos humanos e, especificamente, aos direitos das mulheres&#8221;.Segundo a ativista, Marrocos tem uma\u00a0abordagem espec\u00edfica de trabalhar os direitos humanos, assente em tr\u00eas elementos.<\/p>\n<p>&#8220;O <strong>primeiro<\/strong> \u00e9 a intera\u00e7\u00e3o entre organiza\u00e7\u00f5es n\u00e3o-governamentais, Estados e atores institucionais&#8221;, que permite &#8220;um primeiro consenso&#8221;, explicou; o segundo elemento \u00e9 o consenso, ou seja, &#8220;o tipo de respostas que podem ser dadas aos problemas&#8221;.<\/p>\n<p>Por fim, a terceira vertente \u00e9 ter &#8220;uma sociedade inclusiva, com uma abordagem participativa de todo o povo marroquino das 12 regi\u00f5es de Marrocos&#8221;.<\/p>\n<p>&#8220;Penso que este pr\u00e9mio tamb\u00e9m reconheceu esta abordagem para implementar os direitos humanos e a democracia&#8221;, reiterou.<\/p>\n<p>Para a ativista, que \u00e9 tamb\u00e9m presidente do <strong>Conselho Nacional de Direitos Humanos de Marrocos<\/strong>, a situa\u00e7\u00e3o atual do mundo requer uma &#8220;`remobiliza\u00e7\u00e3o` em torno dos valores e princ\u00edpios dos direitos humanos&#8221; e necessita de &#8220;muita perseveran\u00e7a&#8221;.<\/p>\n<p>&#8220;Temos de encontrar um equil\u00edbrio em cada situa\u00e7\u00e3o, em cada pa\u00eds, em cada continente, em cada conflito. N\u00e3o podemos implementar padr\u00f5es para o Norte e padr\u00f5es para o Sul&#8221;, defendeu, sublinhando que a comunidade internacional n\u00e3o encontrou, at\u00e9 agora, formas de equilibrar as solu\u00e7\u00f5es entre o Norte e o Sul para quest\u00f5es espec\u00edficas.<\/p>\n<p>Defensora ac\u00e9rrima da aboli\u00e7\u00e3o da pena de morte em todos os pa\u00edses, Amina Bouayach admite que sancionar os Estados que seguem esta solu\u00e7\u00e3o &#8220;\u00e9 importante, mas n\u00e3o \u00e9 suficiente&#8221;.<\/p>\n<p>&#8220;Temos de promover o direito \u00e0 vida, o dever de respeitar a integridade f\u00edsica de cada pessoa. Matar \u00e9 um ato de viol\u00eancia e os Estados deveriam lutar contra a viol\u00eancia&#8221;, sublinhou.<\/p>\n<p>A ativista marroquina recebeu , em conjunto com a rede de universidades Global Campus of Human Rights, o Pr\u00e9mio Norte-Sul 2023, atribu\u00eddo pelo <strong>Conselho da Europa<\/strong>, numa cerim\u00f3nia realizada na Assembleia da Rep\u00fablica.<\/p>\n<p>Segundo o j\u00fari da organiza\u00e7\u00e3o, <strong>Amina Bouayach<\/strong> foi escolhida &#8220;pelo seu compromisso com a promo\u00e7\u00e3o dos direitos humanos, a igualdade de g\u00e9nero e a preven\u00e7\u00e3o da tortura a n\u00edvel regional e continental&#8221;.<\/p>\n<p>Entregue pelo <strong>Presidente da Rep\u00fablica, Marcelo Rebelo de Sousa<\/strong>, o galard\u00e3o conta com uma vasta lista de vencedores desde 1995, entre os quais se contam os portugueses Jorge Sampaio, Ant\u00f3nio de Almeida Santos e M\u00e1rio Soares.<\/p>\n<\/section>\n<\/div>\n<div>\n<div><\/div>\n<\/div>\n<div>\n<div>in https:\/\/www.rtp.pt\/noticias\/pais\/ativista-marroquina-premio-norte-sul-aponta-direitos-das-mulheres-como-grande-desafio_n1573129 (acedido em 22\/5\/2024).<\/div>\n<div><\/div>\n<\/div>\n<div class=\"mx-3 mx-md-5 d-print-none padding-bottom-50\">\n<div class=\"row\">\n<div class=\"col-12\"><\/div>\n<\/div>\n<\/div>\n<\/div>\n<\/div>\n        <div class=\"booster-block booster-reactions-block\">\r\n            <div class=\"twp-reactions-icons\">\r\n                \r\n                <div class=\"twp-reacts-wrap\">\r\n                    <a react-data=\"be-react-1\" post-id=\"2371\" class=\"be-face-icons un-reacted\" href=\"javascript:void(0)\">\r\n                        <img decoding=\"async\" src=\"https:\/\/jornaloassobio.pt\/wp-content\/plugins\/booster-extension\/\/assets\/icon\/happy.svg\" alt=\"Happy\">\r\n                    <\/a>\r\n                    <div class=\"twp-reaction-title\">\r\n                        Happy                    <\/div>\r\n                    <div class=\"twp-count-percent\">\r\n                                                    <span style=\"display: none;\" class=\"twp-react-count\">0<\/span>\r\n                        \r\n                                                <span class=\"twp-react-percent\"><span>0<\/span> %<\/span>\r\n                                            <\/div>\r\n                <\/div>\r\n\r\n                <div class=\"twp-reacts-wrap\">\r\n                    <a react-data=\"be-react-2\" post-id=\"2371\" class=\"be-face-icons un-reacted\" href=\"javascript:void(0)\">\r\n                        <img decoding=\"async\" src=\"https:\/\/jornaloassobio.pt\/wp-content\/plugins\/booster-extension\/\/assets\/icon\/sad.svg\" alt=\"Sad\">\r\n                    <\/a>\r\n                    <div class=\"twp-reaction-title\">\r\n                        Sad                    <\/div>\r\n                    <div class=\"twp-count-percent\">\r\n                                                    <span style=\"display: none;\" class=\"twp-react-count\">0<\/span>\r\n                                                                        <span class=\"twp-react-percent\"><span>0<\/span> %<\/span>\r\n                                            <\/div>\r\n                <\/div>\r\n\r\n                <div class=\"twp-reacts-wrap\">\r\n                    <a react-data=\"be-react-3\" post-id=\"2371\" class=\"be-face-icons un-reacted\" href=\"javascript:void(0)\">\r\n                        <img decoding=\"async\" src=\"https:\/\/jornaloassobio.pt\/wp-content\/plugins\/booster-extension\/\/assets\/icon\/excited.svg\" alt=\"Excited\">\r\n                    <\/a>\r\n                    <div class=\"twp-reaction-title\">\r\n                        Excited                    <\/div>\r\n                    <div class=\"twp-count-percent\">\r\n                                                    <span style=\"display: none;\" class=\"twp-react-count\">0<\/span>\r\n                                                                        <span class=\"twp-react-percent\"><span>0<\/span> %<\/span>\r\n                                            <\/div>\r\n                <\/div>\r\n\r\n                <div class=\"twp-reacts-wrap\">\r\n                    <a react-data=\"be-react-6\" post-id=\"2371\" class=\"be-face-icons un-reacted\" href=\"javascript:void(0)\">\r\n                        <img decoding=\"async\" src=\"https:\/\/jornaloassobio.pt\/wp-content\/plugins\/booster-extension\/\/assets\/icon\/sleepy.svg\" alt=\"Sleepy\">\r\n                    <\/a>\r\n                    <div class=\"twp-reaction-title\">\r\n                        Sleepy                    <\/div>\r\n                    <div class=\"twp-count-percent\">\r\n                                                    <span style=\"display: none;\" class=\"twp-react-count\">0<\/span>\r\n                        \r\n                                                <span class=\"twp-react-percent\"><span>0<\/span> %<\/span>\r\n                                            <\/div>\r\n                <\/div>\r\n\r\n                <div class=\"twp-reacts-wrap\">\r\n                    <a react-data=\"be-react-4\" post-id=\"2371\" class=\"be-face-icons un-reacted\" href=\"javascript:void(0)\">\r\n                        <img decoding=\"async\" src=\"https:\/\/jornaloassobio.pt\/wp-content\/plugins\/booster-extension\/\/assets\/icon\/angry.svg\" alt=\"Angry\">\r\n                    <\/a>\r\n                    <div class=\"twp-reaction-title\">Angry<\/div>\r\n                    <div class=\"twp-count-percent\">\r\n                                                    <span style=\"display: none;\" class=\"twp-react-count\">0<\/span>\r\n                                                                        <span class=\"twp-react-percent\"><span>0<\/span> %<\/span>\r\n                        \r\n                    <\/div>\r\n                <\/div>\r\n\r\n                <div class=\"twp-reacts-wrap\">\r\n                    <a react-data=\"be-react-5\" post-id=\"2371\" class=\"be-face-icons un-reacted\" href=\"javascript:void(0)\">\r\n                        <img decoding=\"async\" src=\"https:\/\/jornaloassobio.pt\/wp-content\/plugins\/booster-extension\/\/assets\/icon\/surprise.svg\" alt=\"Surprise\">\r\n                    <\/a>\r\n                    <div class=\"twp-reaction-title\">Surprise<\/div>\r\n                    <div class=\"twp-count-percent\">\r\n                                                    <span style=\"display: none;\" class=\"twp-react-count\">0<\/span>\r\n                                                                        <span class=\"twp-react-percent\"><span>0<\/span> %<\/span>\r\n                                            <\/div>\r\n                <\/div>\r\n\r\n            <\/div>\r\n        <\/div>\r\n\r\n    ","protected":false},"excerpt":{"rendered":"<p>A ativista marroquina Amina Bouayach, que recebeu, no dia 21 de maio, o Pr\u00e9mio Norte-Sul 2023 do Conselho da Europa, disse \u00e0 Lusa que os direitos das mulheres s\u00e3o o maior desafio \u00e0 polariza\u00e7\u00e3o dos direitos humanos entre pa\u00edses mais e menos desenvolvidos. &#8220;Os direitos das mulheres est\u00e3o a provocar preocupa\u00e7\u00f5es e interesse e a [&hellip;]<\/p>\n","protected":false},"author":6,"featured_media":2372,"comment_status":"open","ping_status":"open","sticky":false,"template":"","format":"standard","meta":{"footnotes":""},"categories":[4],"tags":[],"class_list":["post-2371","post","type-post","status-publish","format-standard","has-post-thumbnail","hentry","category-noticias"],"_links":{"self":[{"href":"https:\/\/jornaloassobio.pt\/index.php?rest_route=\/wp\/v2\/posts\/2371","targetHints":{"allow":["GET"]}}],"collection":[{"href":"https:\/\/jornaloassobio.pt\/index.php?rest_route=\/wp\/v2\/posts"}],"about":[{"href":"https:\/\/jornaloassobio.pt\/index.php?rest_route=\/wp\/v2\/types\/post"}],"author":[{"embeddable":true,"href":"https:\/\/jornaloassobio.pt\/index.php?rest_route=\/wp\/v2\/users\/6"}],"replies":[{"embeddable":true,"href":"https:\/\/jornaloassobio.pt\/index.php?rest_route=%2Fwp%2Fv2%2Fcomments&post=2371"}],"version-history":[{"count":4,"href":"https:\/\/jornaloassobio.pt\/index.php?rest_route=\/wp\/v2\/posts\/2371\/revisions"}],"predecessor-version":[{"id":2376,"href":"https:\/\/jornaloassobio.pt\/index.php?rest_route=\/wp\/v2\/posts\/2371\/revisions\/2376"}],"wp:featuredmedia":[{"embeddable":true,"href":"https:\/\/jornaloassobio.pt\/index.php?rest_route=\/wp\/v2\/media\/2372"}],"wp:attachment":[{"href":"https:\/\/jornaloassobio.pt\/index.php?rest_route=%2Fwp%2Fv2%2Fmedia&parent=2371"}],"wp:term":[{"taxonomy":"category","embeddable":true,"href":"https:\/\/jornaloassobio.pt\/index.php?rest_route=%2Fwp%2Fv2%2Fcategories&post=2371"},{"taxonomy":"post_tag","embeddable":true,"href":"https:\/\/jornaloassobio.pt\/index.php?rest_route=%2Fwp%2Fv2%2Ftags&post=2371"}],"curies":[{"name":"wp","href":"https:\/\/api.w.org\/{rel}","templated":true}]}}