{"id":2420,"date":"2024-05-29T14:51:53","date_gmt":"2024-05-29T14:51:53","guid":{"rendered":"https:\/\/jornaloassobio.pt\/?p=2420"},"modified":"2024-05-29T14:51:53","modified_gmt":"2024-05-29T14:51:53","slug":"encerramento-do-ciclo-50-anos-de-abril-em-festa","status":"publish","type":"post","link":"https:\/\/jornaloassobio.pt\/?p=2420","title":{"rendered":"Encerramento do Ciclo 50 Anos de Abril, em Festa!"},"content":{"rendered":"<div class='booster-block booster-read-block'>\r\n                <div class=\"twp-read-time\">\r\n                \t<i class=\"booster-icon twp-clock\"><\/i> <span>Read Time:<\/span>1 Minute, 39 Second                <\/div>\r\n\r\n            <\/div><p>&nbsp;<\/p>\n<p>&nbsp;<\/p>\n<div style=\"width: 1140px;\" class=\"wp-video\"><video class=\"wp-video-shortcode\" id=\"video-2420-1\" width=\"1140\" height=\"641\" preload=\"metadata\" controls=\"controls\"><source type=\"video\/mp4\" src=\"https:\/\/jornaloassobio.pt\/wp-content\/uploads\/2024\/05\/1000006025.mp4?_=1\" \/><a href=\"https:\/\/jornaloassobio.pt\/wp-content\/uploads\/2024\/05\/1000006025.mp4\">https:\/\/jornaloassobio.pt\/wp-content\/uploads\/2024\/05\/1000006025.mp4<\/a><\/video><\/div>\n<p>&nbsp;<\/p>\n<p>&nbsp;<\/p>\n<p>No passado dia 23 de Maio, decorreu a \u00faltima sess\u00e3o do Ciclo de Cinema <em>50 Anos de Abril<\/em>.\u00a0O filme exibido foi <strong>Batida de Lisboa, <\/strong>da dupla portuguesa Rita Maia e Vasco Viana. Neste document\u00e1rio, realizado em 2019, somos conduzidos numa viagem pelos sub\u00farbios da capital. Os realizadores d\u00e3o-nos a conhecer a vida de uma s\u00e9rie de m\u00fasicos que se debatem com diversas quest\u00f5es identit\u00e1rias, e que vivem numa cidade que nem sempre lhes d\u00e1 o devido reconhecimento. Aqui encontramos diferentes gera\u00e7\u00f5es e origens, de Angola a S\u00e3o Tom\u00e9, de Cabo Verde \u00e0 Guin\u00e9 Bissau, representadas por antigos m\u00fasicos de renome e jovens produtores cheios de energia.<\/p>\n<p>Todos os filmes, exibidos neste Ciclo de Cinema foram selecionados, dos 25 filmes propostos pelo PNC, para assinalar os 50 anos da Revolu\u00e7\u00e3o de Abril.<\/p>\n<p>As turmas que, ao longo destes meses, visionaram os filmes, foram, essencialmente, turmas do Ensino Secund\u00e1rio acompanhadas pelos professores de v\u00e1rias disciplinas: Portugu\u00eas, Hist\u00f3ria, Filosofia, \u00c1rea de Integra\u00e7\u00e3o, Ingl\u00eas, Espanhol, entre outras. Participaram nesta Atividade Comemorativa um total de 350 alunos.<\/p>\n<p>A destacar o entusiasmo revelado pelos alunos de S. Tom\u00e9, nos dois \u00faltimos filmes exibidos: <strong>Djon \u00c1frica<\/strong> e <strong>Batida de Lisboa<\/strong>. Este grupo de alunos encontram-se\u00a0 a frequentar esta Escola integrados num programa de ERASMUS.<\/p>\n<p>No filme de\u00a0 encerramento, estes alunos vibraram com a m\u00fasica, cantaram e, no final, foram convidados a dan\u00e7ar no palco. Foi um momento emocionante, pela sua alegria, o seu ritmo e a capacidade de contagiar outros colegas, que subiram ao palco para os acompanhar.<\/p>\n<p>Agradecemos a todos os que participaram nesta Atividade, em especial ao Dr. Jos\u00e9 Alberto Ferreira, docente convidado da Universidade de \u00c9vora, que gentilmente aceitou o nosso convite. A sua colabora\u00e7\u00e3o enriqueceu exponencialmente este Ciclo de Cinema. Ele apresentou, contextualizou e comentou todos filmes, de forma din\u00e2mica, interpelando os alunos e fomentando a sua participa\u00e7\u00e3o.<\/p>\n<p><img loading=\"lazy\" decoding=\"async\" class=\"alignnone size-medium wp-image-2422\" src=\"https:\/\/jornaloassobio.pt\/wp-content\/uploads\/2024\/05\/1000006012-300x225.jpg\" alt=\"\" width=\"300\" height=\"225\" srcset=\"https:\/\/jornaloassobio.pt\/wp-content\/uploads\/2024\/05\/1000006012-300x225.jpg 300w, https:\/\/jornaloassobio.pt\/wp-content\/uploads\/2024\/05\/1000006012-1024x768.jpg 1024w, https:\/\/jornaloassobio.pt\/wp-content\/uploads\/2024\/05\/1000006012-768x576.jpg 768w, https:\/\/jornaloassobio.pt\/wp-content\/uploads\/2024\/05\/1000006012-1536x1152.jpg 1536w, https:\/\/jornaloassobio.pt\/wp-content\/uploads\/2024\/05\/1000006012-2048x1536.jpg 2048w\" sizes=\"auto, (max-width: 300px) 100vw, 300px\" \/> <img loading=\"lazy\" decoding=\"async\" class=\"alignnone size-medium wp-image-2423\" src=\"https:\/\/jornaloassobio.pt\/wp-content\/uploads\/2024\/05\/1000006013-300x225.jpg\" alt=\"\" width=\"300\" height=\"225\" srcset=\"https:\/\/jornaloassobio.pt\/wp-content\/uploads\/2024\/05\/1000006013-300x225.jpg 300w, https:\/\/jornaloassobio.pt\/wp-content\/uploads\/2024\/05\/1000006013-1024x768.jpg 1024w, https:\/\/jornaloassobio.pt\/wp-content\/uploads\/2024\/05\/1000006013-768x576.jpg 768w, https:\/\/jornaloassobio.pt\/wp-content\/uploads\/2024\/05\/1000006013-1536x1152.jpg 1536w, https:\/\/jornaloassobio.pt\/wp-content\/uploads\/2024\/05\/1000006013-2048x1536.jpg 2048w\" sizes=\"auto, (max-width: 300px) 100vw, 300px\" \/><img loading=\"lazy\" decoding=\"async\" class=\"alignnone size-medium wp-image-2427\" src=\"https:\/\/jornaloassobio.pt\/wp-content\/uploads\/2024\/05\/1000006017-300x225.jpg\" alt=\"\" width=\"300\" height=\"225\" srcset=\"https:\/\/jornaloassobio.pt\/wp-content\/uploads\/2024\/05\/1000006017-300x225.jpg 300w, https:\/\/jornaloassobio.pt\/wp-content\/uploads\/2024\/05\/1000006017-1024x768.jpg 1024w, https:\/\/jornaloassobio.pt\/wp-content\/uploads\/2024\/05\/1000006017-768x576.jpg 768w, https:\/\/jornaloassobio.pt\/wp-content\/uploads\/2024\/05\/1000006017-1536x1152.jpg 1536w, https:\/\/jornaloassobio.pt\/wp-content\/uploads\/2024\/05\/1000006017-2048x1536.jpg 2048w\" sizes=\"auto, (max-width: 300px) 100vw, 300px\" \/><\/p>\n        <div class=\"booster-block booster-reactions-block\">\r\n            <div class=\"twp-reactions-icons\">\r\n                \r\n                <div class=\"twp-reacts-wrap\">\r\n                    <a react-data=\"be-react-1\" post-id=\"2420\" class=\"be-face-icons un-reacted\" href=\"javascript:void(0)\">\r\n                        <img decoding=\"async\" src=\"https:\/\/jornaloassobio.pt\/wp-content\/plugins\/booster-extension\/\/assets\/icon\/happy.svg\" alt=\"Happy\">\r\n                    <\/a>\r\n                    <div class=\"twp-reaction-title\">\r\n                        Happy                    <\/div>\r\n                    <div class=\"twp-count-percent\">\r\n                                                    <span style=\"display: none;\" class=\"twp-react-count\">0<\/span>\r\n                        \r\n                                                <span class=\"twp-react-percent\"><span>0<\/span> %<\/span>\r\n                                            <\/div>\r\n                <\/div>\r\n\r\n                <div class=\"twp-reacts-wrap\">\r\n                    <a react-data=\"be-react-2\" post-id=\"2420\" class=\"be-face-icons un-reacted\" href=\"javascript:void(0)\">\r\n                        <img decoding=\"async\" src=\"https:\/\/jornaloassobio.pt\/wp-content\/plugins\/booster-extension\/\/assets\/icon\/sad.svg\" alt=\"Sad\">\r\n                    <\/a>\r\n                    <div class=\"twp-reaction-title\">\r\n                        Sad                    <\/div>\r\n                    <div class=\"twp-count-percent\">\r\n                                                    <span style=\"display: none;\" class=\"twp-react-count\">0<\/span>\r\n                                                                        <span class=\"twp-react-percent\"><span>0<\/span> %<\/span>\r\n                                            <\/div>\r\n                <\/div>\r\n\r\n                <div class=\"twp-reacts-wrap\">\r\n                    <a react-data=\"be-react-3\" post-id=\"2420\" class=\"be-face-icons un-reacted\" href=\"javascript:void(0)\">\r\n                        <img decoding=\"async\" src=\"https:\/\/jornaloassobio.pt\/wp-content\/plugins\/booster-extension\/\/assets\/icon\/excited.svg\" alt=\"Excited\">\r\n                    <\/a>\r\n                    <div class=\"twp-reaction-title\">\r\n                        Excited                    <\/div>\r\n                    <div class=\"twp-count-percent\">\r\n                                                    <span style=\"display: none;\" class=\"twp-react-count\">0<\/span>\r\n                                                                        <span class=\"twp-react-percent\"><span>0<\/span> %<\/span>\r\n                                            <\/div>\r\n                <\/div>\r\n\r\n                <div class=\"twp-reacts-wrap\">\r\n                    <a react-data=\"be-react-6\" post-id=\"2420\" class=\"be-face-icons un-reacted\" href=\"javascript:void(0)\">\r\n                        <img decoding=\"async\" src=\"https:\/\/jornaloassobio.pt\/wp-content\/plugins\/booster-extension\/\/assets\/icon\/sleepy.svg\" alt=\"Sleepy\">\r\n                    <\/a>\r\n                    <div class=\"twp-reaction-title\">\r\n                        Sleepy                    <\/div>\r\n                    <div class=\"twp-count-percent\">\r\n                                                    <span style=\"display: none;\" class=\"twp-react-count\">0<\/span>\r\n                        \r\n                                                <span class=\"twp-react-percent\"><span>0<\/span> %<\/span>\r\n                                            <\/div>\r\n                <\/div>\r\n\r\n                <div class=\"twp-reacts-wrap\">\r\n                    <a react-data=\"be-react-4\" post-id=\"2420\" class=\"be-face-icons un-reacted\" href=\"javascript:void(0)\">\r\n                        <img decoding=\"async\" src=\"https:\/\/jornaloassobio.pt\/wp-content\/plugins\/booster-extension\/\/assets\/icon\/angry.svg\" alt=\"Angry\">\r\n                    <\/a>\r\n                    <div class=\"twp-reaction-title\">Angry<\/div>\r\n                    <div class=\"twp-count-percent\">\r\n                                                    <span style=\"display: none;\" class=\"twp-react-count\">0<\/span>\r\n                                                                        <span class=\"twp-react-percent\"><span>0<\/span> %<\/span>\r\n                        \r\n                    <\/div>\r\n                <\/div>\r\n\r\n                <div class=\"twp-reacts-wrap\">\r\n                    <a react-data=\"be-react-5\" post-id=\"2420\" class=\"be-face-icons un-reacted\" href=\"javascript:void(0)\">\r\n                        <img decoding=\"async\" src=\"https:\/\/jornaloassobio.pt\/wp-content\/plugins\/booster-extension\/\/assets\/icon\/surprise.svg\" alt=\"Surprise\">\r\n                    <\/a>\r\n                    <div class=\"twp-reaction-title\">Surprise<\/div>\r\n                    <div class=\"twp-count-percent\">\r\n                                                    <span style=\"display: none;\" class=\"twp-react-count\">0<\/span>\r\n                                                                        <span class=\"twp-react-percent\"><span>0<\/span> %<\/span>\r\n                                            <\/div>\r\n                <\/div>\r\n\r\n            <\/div>\r\n        <\/div>\r\n\r\n    ","protected":false},"excerpt":{"rendered":"<p>&nbsp; &nbsp; &nbsp; &nbsp; No passado dia 23 de Maio, decorreu a \u00faltima sess\u00e3o do Ciclo de Cinema 50 Anos de Abril.\u00a0O filme exibido foi Batida de Lisboa, da dupla portuguesa Rita Maia e Vasco Viana. Neste document\u00e1rio, realizado em 2019, somos conduzidos numa viagem pelos sub\u00farbios da capital. Os realizadores d\u00e3o-nos a conhecer a [&hellip;]<\/p>\n","protected":false},"author":7,"featured_media":2421,"comment_status":"open","ping_status":"open","sticky":false,"template":"","format":"standard","meta":{"footnotes":""},"categories":[4],"tags":[],"class_list":["post-2420","post","type-post","status-publish","format-standard","has-post-thumbnail","hentry","category-noticias"],"_links":{"self":[{"href":"https:\/\/jornaloassobio.pt\/index.php?rest_route=\/wp\/v2\/posts\/2420","targetHints":{"allow":["GET"]}}],"collection":[{"href":"https:\/\/jornaloassobio.pt\/index.php?rest_route=\/wp\/v2\/posts"}],"about":[{"href":"https:\/\/jornaloassobio.pt\/index.php?rest_route=\/wp\/v2\/types\/post"}],"author":[{"embeddable":true,"href":"https:\/\/jornaloassobio.pt\/index.php?rest_route=\/wp\/v2\/users\/7"}],"replies":[{"embeddable":true,"href":"https:\/\/jornaloassobio.pt\/index.php?rest_route=%2Fwp%2Fv2%2Fcomments&post=2420"}],"version-history":[{"count":4,"href":"https:\/\/jornaloassobio.pt\/index.php?rest_route=\/wp\/v2\/posts\/2420\/revisions"}],"predecessor-version":[{"id":2430,"href":"https:\/\/jornaloassobio.pt\/index.php?rest_route=\/wp\/v2\/posts\/2420\/revisions\/2430"}],"wp:featuredmedia":[{"embeddable":true,"href":"https:\/\/jornaloassobio.pt\/index.php?rest_route=\/wp\/v2\/media\/2421"}],"wp:attachment":[{"href":"https:\/\/jornaloassobio.pt\/index.php?rest_route=%2Fwp%2Fv2%2Fmedia&parent=2420"}],"wp:term":[{"taxonomy":"category","embeddable":true,"href":"https:\/\/jornaloassobio.pt\/index.php?rest_route=%2Fwp%2Fv2%2Fcategories&post=2420"},{"taxonomy":"post_tag","embeddable":true,"href":"https:\/\/jornaloassobio.pt\/index.php?rest_route=%2Fwp%2Fv2%2Ftags&post=2420"}],"curies":[{"name":"wp","href":"https:\/\/api.w.org\/{rel}","templated":true}]}}