{"id":2457,"date":"2024-06-02T16:50:51","date_gmt":"2024-06-02T16:50:51","guid":{"rendered":"https:\/\/jornaloassobio.pt\/?p=2457"},"modified":"2024-06-02T17:14:07","modified_gmt":"2024-06-02T17:14:07","slug":"exposicao-de-fotografia-igualdade-de-genero-um-olhar-contemporaneo","status":"publish","type":"post","link":"https:\/\/jornaloassobio.pt\/?p=2457","title":{"rendered":"Exposi\u00e7\u00e3o de Fotografia \u201cIgualdade de G\u00e9nero \u2013 Um Olhar Contempor\u00e2neo\u201d"},"content":{"rendered":"<div class='booster-block booster-read-block'>\r\n                <div class=\"twp-read-time\">\r\n                \t<i class=\"booster-icon twp-clock\"><\/i> <span>Read Time:<\/span>57 Second                <\/div>\r\n\r\n            <\/div><p><img loading=\"lazy\" decoding=\"async\" class=\"size-medium wp-image-2462 aligncenter\" src=\"https:\/\/jornaloassobio.pt\/wp-content\/uploads\/2024\/06\/IMG-20240524-WA0005-300x225.jpg\" alt=\"\" width=\"300\" height=\"225\" srcset=\"https:\/\/jornaloassobio.pt\/wp-content\/uploads\/2024\/06\/IMG-20240524-WA0005-300x225.jpg 300w, https:\/\/jornaloassobio.pt\/wp-content\/uploads\/2024\/06\/IMG-20240524-WA0005-1024x768.jpg 1024w, https:\/\/jornaloassobio.pt\/wp-content\/uploads\/2024\/06\/IMG-20240524-WA0005-768x576.jpg 768w, https:\/\/jornaloassobio.pt\/wp-content\/uploads\/2024\/06\/IMG-20240524-WA0005-1536x1152.jpg 1536w, https:\/\/jornaloassobio.pt\/wp-content\/uploads\/2024\/06\/IMG-20240524-WA0005.jpg 1984w\" sizes=\"auto, (max-width: 300px) 100vw, 300px\" \/><\/p>\n<p>Integrada no \u00e2mbito dos Dias das Comunidades APS, a Exposi\u00e7\u00e3o de Fotografia \u201c<strong>Igualdade de G\u00e9nero \u2013 Um Olhar Contempor\u00e2neo<\/strong>\u201d est\u00e1 patente na biblioteca da escola Severim de Faria.<\/p>\n<p>Esta exposi\u00e7\u00e3o, que tamb\u00e9m se enquadra nas comemora\u00e7\u00f5es dos <strong>50 anos do 25 de abril<\/strong>, foi organizada pela Dire\u00e7\u00e3o Regional do Alentejo do IPDJ, em parceria com o Comit\u00e9 de Liaison Diagonal France, e colabora\u00e7\u00e3o com a Funda\u00e7\u00e3o Inatel de \u00c9vora, e resulta do 1.\u00ba Concurso Internacional de Fotografia Jovem \u00abIgualdade de G\u00e9nero, um Olhar Contempor\u00e2neo\u00bb (realizado no \u00e2mbito da Temporada Cruzada Portugal\/Fran\u00e7a 2022, no \u00e2mbito do Acordo de Coopera\u00e7\u00e3o Cultural, Cient\u00edfica e T\u00e9cnica entre o Governo da Rep\u00fablica Portuguesa e o Governo da Rep\u00fablica Francesa).<\/p>\n<p>Na mostra, est\u00e3o representados\/as jovens concorrentes, residentes em Portugal e em Fran\u00e7a, com destaque para os quatro vencedores, nas tr\u00eas categorias a concurso, nomeadamente, <strong>Maria Beatriz Matos<\/strong> e <strong>Luana Azevedo<\/strong>, pr\u00e9mio ex aequo \u2013 categoria A (entre os 16 e os 19 anos), <strong>Leonardo Ladeira<\/strong> \u2013 categoria B (entre os 20 e os 25 anos) e <strong>Maria Giorgi<\/strong> \u2013 categoria C (entre os 26 e os 30 anos). (Informa\u00e7\u00e3o do IPDJ)<\/p>\n<div id='gallery-1' class='gallery galleryid-2457 gallery-columns-3 gallery-size-medium'><figure class='gallery-item'>\n\t\t\t<div class='gallery-icon landscape'>\n\t\t\t\t<a href='https:\/\/jornaloassobio.pt\/?attachment_id=2460'><img loading=\"lazy\" decoding=\"async\" width=\"300\" height=\"200\" src=\"https:\/\/jornaloassobio.pt\/wp-content\/uploads\/2024\/06\/exposicao_igualdade_genero_2024-300x200.jpg\" class=\"attachment-medium size-medium\" alt=\"\" srcset=\"https:\/\/jornaloassobio.pt\/wp-content\/uploads\/2024\/06\/exposicao_igualdade_genero_2024-300x200.jpg 300w, https:\/\/jornaloassobio.pt\/wp-content\/uploads\/2024\/06\/exposicao_igualdade_genero_2024-1024x683.jpg 1024w, https:\/\/jornaloassobio.pt\/wp-content\/uploads\/2024\/06\/exposicao_igualdade_genero_2024-768x512.jpg 768w, https:\/\/jornaloassobio.pt\/wp-content\/uploads\/2024\/06\/exposicao_igualdade_genero_2024-1536x1024.jpg 1536w, https:\/\/jornaloassobio.pt\/wp-content\/uploads\/2024\/06\/exposicao_igualdade_genero_2024-2048x1366.jpg 2048w\" sizes=\"auto, (max-width: 300px) 100vw, 300px\" \/><\/a>\n\t\t\t<\/div><\/figure><figure class='gallery-item'>\n\t\t\t<div class='gallery-icon portrait'>\n\t\t\t\t<a href='https:\/\/jornaloassobio.pt\/?attachment_id=2459'><img loading=\"lazy\" decoding=\"async\" width=\"225\" height=\"300\" src=\"https:\/\/jornaloassobio.pt\/wp-content\/uploads\/2024\/06\/20240531_090230-225x300.jpg\" class=\"attachment-medium size-medium\" alt=\"\" srcset=\"https:\/\/jornaloassobio.pt\/wp-content\/uploads\/2024\/06\/20240531_090230-225x300.jpg 225w, https:\/\/jornaloassobio.pt\/wp-content\/uploads\/2024\/06\/20240531_090230-768x1024.jpg 768w, https:\/\/jornaloassobio.pt\/wp-content\/uploads\/2024\/06\/20240531_090230-1152x1536.jpg 1152w, https:\/\/jornaloassobio.pt\/wp-content\/uploads\/2024\/06\/20240531_090230-1536x2048.jpg 1536w, https:\/\/jornaloassobio.pt\/wp-content\/uploads\/2024\/06\/20240531_090230-scaled.jpg 1920w\" sizes=\"auto, (max-width: 225px) 100vw, 225px\" \/><\/a>\n\t\t\t<\/div><\/figure><figure class='gallery-item'>\n\t\t\t<div class='gallery-icon landscape'>\n\t\t\t\t<a href='https:\/\/jornaloassobio.pt\/?attachment_id=2462'><img loading=\"lazy\" decoding=\"async\" width=\"300\" height=\"225\" src=\"https:\/\/jornaloassobio.pt\/wp-content\/uploads\/2024\/06\/IMG-20240524-WA0005-300x225.jpg\" class=\"attachment-medium size-medium\" alt=\"\" srcset=\"https:\/\/jornaloassobio.pt\/wp-content\/uploads\/2024\/06\/IMG-20240524-WA0005-300x225.jpg 300w, https:\/\/jornaloassobio.pt\/wp-content\/uploads\/2024\/06\/IMG-20240524-WA0005-1024x768.jpg 1024w, https:\/\/jornaloassobio.pt\/wp-content\/uploads\/2024\/06\/IMG-20240524-WA0005-768x576.jpg 768w, https:\/\/jornaloassobio.pt\/wp-content\/uploads\/2024\/06\/IMG-20240524-WA0005-1536x1152.jpg 1536w, https:\/\/jornaloassobio.pt\/wp-content\/uploads\/2024\/06\/IMG-20240524-WA0005.jpg 1984w\" sizes=\"auto, (max-width: 300px) 100vw, 300px\" \/><\/a>\n\t\t\t<\/div><\/figure>\n\t\t<\/div>\n\n        <div class=\"booster-block booster-reactions-block\">\r\n            <div class=\"twp-reactions-icons\">\r\n                \r\n                <div class=\"twp-reacts-wrap\">\r\n                    <a react-data=\"be-react-1\" post-id=\"2457\" class=\"be-face-icons un-reacted\" href=\"javascript:void(0)\">\r\n                        <img decoding=\"async\" src=\"https:\/\/jornaloassobio.pt\/wp-content\/plugins\/booster-extension\/\/assets\/icon\/happy.svg\" alt=\"Happy\">\r\n                    <\/a>\r\n                    <div class=\"twp-reaction-title\">\r\n                        Happy                    <\/div>\r\n                    <div class=\"twp-count-percent\">\r\n                                                    <span style=\"display: none;\" class=\"twp-react-count\">0<\/span>\r\n                        \r\n                                                <span class=\"twp-react-percent\"><span>0<\/span> %<\/span>\r\n                                            <\/div>\r\n                <\/div>\r\n\r\n                <div class=\"twp-reacts-wrap\">\r\n                    <a react-data=\"be-react-2\" post-id=\"2457\" class=\"be-face-icons un-reacted\" href=\"javascript:void(0)\">\r\n                        <img decoding=\"async\" src=\"https:\/\/jornaloassobio.pt\/wp-content\/plugins\/booster-extension\/\/assets\/icon\/sad.svg\" alt=\"Sad\">\r\n                    <\/a>\r\n                    <div class=\"twp-reaction-title\">\r\n                        Sad                    <\/div>\r\n                    <div class=\"twp-count-percent\">\r\n                                                    <span style=\"display: none;\" class=\"twp-react-count\">0<\/span>\r\n                                                                        <span class=\"twp-react-percent\"><span>0<\/span> %<\/span>\r\n                                            <\/div>\r\n                <\/div>\r\n\r\n                <div class=\"twp-reacts-wrap\">\r\n                    <a react-data=\"be-react-3\" post-id=\"2457\" class=\"be-face-icons un-reacted\" href=\"javascript:void(0)\">\r\n                        <img decoding=\"async\" src=\"https:\/\/jornaloassobio.pt\/wp-content\/plugins\/booster-extension\/\/assets\/icon\/excited.svg\" alt=\"Excited\">\r\n                    <\/a>\r\n                    <div class=\"twp-reaction-title\">\r\n                        Excited                    <\/div>\r\n                    <div class=\"twp-count-percent\">\r\n                                                    <span style=\"display: none;\" class=\"twp-react-count\">0<\/span>\r\n                                                                        <span class=\"twp-react-percent\"><span>0<\/span> %<\/span>\r\n                                            <\/div>\r\n                <\/div>\r\n\r\n                <div class=\"twp-reacts-wrap\">\r\n                    <a react-data=\"be-react-6\" post-id=\"2457\" class=\"be-face-icons un-reacted\" href=\"javascript:void(0)\">\r\n                        <img decoding=\"async\" src=\"https:\/\/jornaloassobio.pt\/wp-content\/plugins\/booster-extension\/\/assets\/icon\/sleepy.svg\" alt=\"Sleepy\">\r\n                    <\/a>\r\n                    <div class=\"twp-reaction-title\">\r\n                        Sleepy                    <\/div>\r\n                    <div class=\"twp-count-percent\">\r\n                                                    <span style=\"display: none;\" class=\"twp-react-count\">0<\/span>\r\n                        \r\n                                                <span class=\"twp-react-percent\"><span>0<\/span> %<\/span>\r\n                                            <\/div>\r\n                <\/div>\r\n\r\n                <div class=\"twp-reacts-wrap\">\r\n                    <a react-data=\"be-react-4\" post-id=\"2457\" class=\"be-face-icons un-reacted\" href=\"javascript:void(0)\">\r\n                        <img decoding=\"async\" src=\"https:\/\/jornaloassobio.pt\/wp-content\/plugins\/booster-extension\/\/assets\/icon\/angry.svg\" alt=\"Angry\">\r\n                    <\/a>\r\n                    <div class=\"twp-reaction-title\">Angry<\/div>\r\n                    <div class=\"twp-count-percent\">\r\n                                                    <span style=\"display: none;\" class=\"twp-react-count\">0<\/span>\r\n                                                                        <span class=\"twp-react-percent\"><span>0<\/span> %<\/span>\r\n                        \r\n                    <\/div>\r\n                <\/div>\r\n\r\n                <div class=\"twp-reacts-wrap\">\r\n                    <a react-data=\"be-react-5\" post-id=\"2457\" class=\"be-face-icons un-reacted\" href=\"javascript:void(0)\">\r\n                        <img decoding=\"async\" src=\"https:\/\/jornaloassobio.pt\/wp-content\/plugins\/booster-extension\/\/assets\/icon\/surprise.svg\" alt=\"Surprise\">\r\n                    <\/a>\r\n                    <div class=\"twp-reaction-title\">Surprise<\/div>\r\n                    <div class=\"twp-count-percent\">\r\n                                                    <span style=\"display: none;\" class=\"twp-react-count\">0<\/span>\r\n                                                                        <span class=\"twp-react-percent\"><span>0<\/span> %<\/span>\r\n                                            <\/div>\r\n                <\/div>\r\n\r\n            <\/div>\r\n        <\/div>\r\n\r\n    ","protected":false},"excerpt":{"rendered":"<p>Integrada no \u00e2mbito dos Dias das Comunidades APS, a Exposi\u00e7\u00e3o de Fotografia \u201cIgualdade de G\u00e9nero \u2013 Um Olhar Contempor\u00e2neo\u201d est\u00e1 patente na biblioteca da escola Severim de Faria. Esta exposi\u00e7\u00e3o, que tamb\u00e9m se enquadra nas comemora\u00e7\u00f5es dos 50 anos do 25 de abril, foi organizada pela Dire\u00e7\u00e3o Regional do Alentejo do IPDJ, em parceria com [&hellip;]<\/p>\n","protected":false},"author":5,"featured_media":2462,"comment_status":"open","ping_status":"open","sticky":false,"template":"","format":"standard","meta":{"footnotes":""},"categories":[4],"tags":[],"class_list":["post-2457","post","type-post","status-publish","format-standard","has-post-thumbnail","hentry","category-noticias"],"_links":{"self":[{"href":"https:\/\/jornaloassobio.pt\/index.php?rest_route=\/wp\/v2\/posts\/2457","targetHints":{"allow":["GET"]}}],"collection":[{"href":"https:\/\/jornaloassobio.pt\/index.php?rest_route=\/wp\/v2\/posts"}],"about":[{"href":"https:\/\/jornaloassobio.pt\/index.php?rest_route=\/wp\/v2\/types\/post"}],"author":[{"embeddable":true,"href":"https:\/\/jornaloassobio.pt\/index.php?rest_route=\/wp\/v2\/users\/5"}],"replies":[{"embeddable":true,"href":"https:\/\/jornaloassobio.pt\/index.php?rest_route=%2Fwp%2Fv2%2Fcomments&post=2457"}],"version-history":[{"count":3,"href":"https:\/\/jornaloassobio.pt\/index.php?rest_route=\/wp\/v2\/posts\/2457\/revisions"}],"predecessor-version":[{"id":2465,"href":"https:\/\/jornaloassobio.pt\/index.php?rest_route=\/wp\/v2\/posts\/2457\/revisions\/2465"}],"wp:featuredmedia":[{"embeddable":true,"href":"https:\/\/jornaloassobio.pt\/index.php?rest_route=\/wp\/v2\/media\/2462"}],"wp:attachment":[{"href":"https:\/\/jornaloassobio.pt\/index.php?rest_route=%2Fwp%2Fv2%2Fmedia&parent=2457"}],"wp:term":[{"taxonomy":"category","embeddable":true,"href":"https:\/\/jornaloassobio.pt\/index.php?rest_route=%2Fwp%2Fv2%2Fcategories&post=2457"},{"taxonomy":"post_tag","embeddable":true,"href":"https:\/\/jornaloassobio.pt\/index.php?rest_route=%2Fwp%2Fv2%2Ftags&post=2457"}],"curies":[{"name":"wp","href":"https:\/\/api.w.org\/{rel}","templated":true}]}}