{"id":247,"date":"2023-09-22T15:50:14","date_gmt":"2023-09-22T15:50:14","guid":{"rendered":"https:\/\/jornaloassobio.pt\/?p=247"},"modified":"2023-12-15T09:44:30","modified_gmt":"2023-12-15T09:44:30","slug":"recomeco-do-ano-letivo-e-entrega-de-diplomas","status":"publish","type":"post","link":"https:\/\/jornaloassobio.pt\/?p=247","title":{"rendered":"RECOME\u00c7O DO ANO LETIVO E ENTREGA DE DIPLOMAS"},"content":{"rendered":"<div class='booster-block booster-read-block'>\r\n                <div class=\"twp-read-time\">\r\n                \t<i class=\"booster-icon twp-clock\"><\/i> <span>Read Time:<\/span>27 Second                <\/div>\r\n\r\n            <\/div><p><img loading=\"lazy\" decoding=\"async\" class=\"wp-image-258 alignleft\" src=\"https:\/\/jornaloassobio.pt\/wp-content\/uploads\/2023\/09\/diplomas6-1-300x300.jpg\" alt=\"\" width=\"268\" height=\"268\" srcset=\"https:\/\/jornaloassobio.pt\/wp-content\/uploads\/2023\/09\/diplomas6-1-300x300.jpg 300w, https:\/\/jornaloassobio.pt\/wp-content\/uploads\/2023\/09\/diplomas6-1-150x150.jpg 150w, https:\/\/jornaloassobio.pt\/wp-content\/uploads\/2023\/09\/diplomas6-1-768x768.jpg 768w, https:\/\/jornaloassobio.pt\/wp-content\/uploads\/2023\/09\/diplomas6-1.jpg 1024w\" sizes=\"auto, (max-width: 268px) 100vw, 268px\" \/><\/p>\n<p>&nbsp;<\/p>\n<p>No dia 15 de setembro , das 17 \u00e0s 18.30 horas, realizou-se no Audit\u00f3rio da Escola Secund\u00e1ria Severim de Faria, a Sess\u00e3o de Entrega dos Certificados\/Diplomas aos alunos que conclu\u00edram o Ensino B\u00e1sico, Secund\u00e1rio Regular e Profissional em 2022\/2023.<\/p>\n<p>Esta sess\u00e3o contou com a presen\u00e7a da Diretora do Agrupamento, do Vice-Diretor, dos Diretores de Turma, dos Docentes, dos Alunos Finalistas, dos Pais e Encarregados de Educa\u00e7\u00e3o.<\/p>\n<p>Foi um recome\u00e7o de ano letivo festivo que marcou o in\u00edcio de uma nova \u00a0etapa na vida escolar dos alunos.<img loading=\"lazy\" decoding=\"async\" class=\"wp-image-257 aligncenter\" src=\"https:\/\/jornaloassobio.pt\/wp-content\/uploads\/2023\/09\/Diploma5-2-300x135.jpg\" alt=\"\" width=\"620\" height=\"279\" srcset=\"https:\/\/jornaloassobio.pt\/wp-content\/uploads\/2023\/09\/Diploma5-2-300x135.jpg 300w, https:\/\/jornaloassobio.pt\/wp-content\/uploads\/2023\/09\/Diploma5-2-1024x461.jpg 1024w, https:\/\/jornaloassobio.pt\/wp-content\/uploads\/2023\/09\/Diploma5-2-768x346.jpg 768w, https:\/\/jornaloassobio.pt\/wp-content\/uploads\/2023\/09\/Diploma5-2-1536x691.jpg 1536w, https:\/\/jornaloassobio.pt\/wp-content\/uploads\/2023\/09\/Diploma5-2.jpg 2040w\" sizes=\"auto, (max-width: 620px) 100vw, 620px\" \/><\/p>\n        <div class=\"booster-block booster-reactions-block\">\r\n            <div class=\"twp-reactions-icons\">\r\n                \r\n                <div class=\"twp-reacts-wrap\">\r\n                    <a react-data=\"be-react-1\" post-id=\"247\" class=\"be-face-icons un-reacted\" href=\"javascript:void(0)\">\r\n                        <img decoding=\"async\" src=\"https:\/\/jornaloassobio.pt\/wp-content\/plugins\/booster-extension\/\/assets\/icon\/happy.svg\" alt=\"Happy\">\r\n                    <\/a>\r\n                    <div class=\"twp-reaction-title\">\r\n                        Happy                    <\/div>\r\n                    <div class=\"twp-count-percent\">\r\n                                                    <span style=\"display: none;\" class=\"twp-react-count\">0<\/span>\r\n                        \r\n                                                <span class=\"twp-react-percent\"><span>0<\/span> %<\/span>\r\n                                            <\/div>\r\n                <\/div>\r\n\r\n                <div class=\"twp-reacts-wrap\">\r\n                    <a react-data=\"be-react-2\" post-id=\"247\" class=\"be-face-icons un-reacted\" href=\"javascript:void(0)\">\r\n                        <img decoding=\"async\" src=\"https:\/\/jornaloassobio.pt\/wp-content\/plugins\/booster-extension\/\/assets\/icon\/sad.svg\" alt=\"Sad\">\r\n                    <\/a>\r\n                    <div class=\"twp-reaction-title\">\r\n                        Sad                    <\/div>\r\n                    <div class=\"twp-count-percent\">\r\n                                                    <span style=\"display: none;\" class=\"twp-react-count\">0<\/span>\r\n                                                                        <span class=\"twp-react-percent\"><span>0<\/span> %<\/span>\r\n                                            <\/div>\r\n                <\/div>\r\n\r\n                <div class=\"twp-reacts-wrap\">\r\n                    <a react-data=\"be-react-3\" post-id=\"247\" class=\"be-face-icons un-reacted\" href=\"javascript:void(0)\">\r\n                        <img decoding=\"async\" src=\"https:\/\/jornaloassobio.pt\/wp-content\/plugins\/booster-extension\/\/assets\/icon\/excited.svg\" alt=\"Excited\">\r\n                    <\/a>\r\n                    <div class=\"twp-reaction-title\">\r\n                        Excited                    <\/div>\r\n                    <div class=\"twp-count-percent\">\r\n                                                    <span style=\"display: none;\" class=\"twp-react-count\">0<\/span>\r\n                                                                        <span class=\"twp-react-percent\"><span>0<\/span> %<\/span>\r\n                                            <\/div>\r\n                <\/div>\r\n\r\n                <div class=\"twp-reacts-wrap\">\r\n                    <a react-data=\"be-react-6\" post-id=\"247\" class=\"be-face-icons un-reacted\" href=\"javascript:void(0)\">\r\n                        <img decoding=\"async\" src=\"https:\/\/jornaloassobio.pt\/wp-content\/plugins\/booster-extension\/\/assets\/icon\/sleepy.svg\" alt=\"Sleepy\">\r\n                    <\/a>\r\n                    <div class=\"twp-reaction-title\">\r\n                        Sleepy                    <\/div>\r\n                    <div class=\"twp-count-percent\">\r\n                                                    <span style=\"display: none;\" class=\"twp-react-count\">0<\/span>\r\n                        \r\n                                                <span class=\"twp-react-percent\"><span>0<\/span> %<\/span>\r\n                                            <\/div>\r\n                <\/div>\r\n\r\n                <div class=\"twp-reacts-wrap\">\r\n                    <a react-data=\"be-react-4\" post-id=\"247\" class=\"be-face-icons un-reacted\" href=\"javascript:void(0)\">\r\n                        <img decoding=\"async\" src=\"https:\/\/jornaloassobio.pt\/wp-content\/plugins\/booster-extension\/\/assets\/icon\/angry.svg\" alt=\"Angry\">\r\n                    <\/a>\r\n                    <div class=\"twp-reaction-title\">Angry<\/div>\r\n                    <div class=\"twp-count-percent\">\r\n                                                    <span style=\"display: none;\" class=\"twp-react-count\">0<\/span>\r\n                                                                        <span class=\"twp-react-percent\"><span>0<\/span> %<\/span>\r\n                        \r\n                    <\/div>\r\n                <\/div>\r\n\r\n                <div class=\"twp-reacts-wrap\">\r\n                    <a react-data=\"be-react-5\" post-id=\"247\" class=\"be-face-icons un-reacted\" href=\"javascript:void(0)\">\r\n                        <img decoding=\"async\" src=\"https:\/\/jornaloassobio.pt\/wp-content\/plugins\/booster-extension\/\/assets\/icon\/surprise.svg\" alt=\"Surprise\">\r\n                    <\/a>\r\n                    <div class=\"twp-reaction-title\">Surprise<\/div>\r\n                    <div class=\"twp-count-percent\">\r\n                                                    <span style=\"display: none;\" class=\"twp-react-count\">0<\/span>\r\n                                                                        <span class=\"twp-react-percent\"><span>0<\/span> %<\/span>\r\n                                            <\/div>\r\n                <\/div>\r\n\r\n            <\/div>\r\n        <\/div>\r\n\r\n    ","protected":false},"excerpt":{"rendered":"<p>&nbsp; No dia 15 de setembro , das 17 \u00e0s 18.30 horas, realizou-se no Audit\u00f3rio da Escola Secund\u00e1ria Severim de Faria, a Sess\u00e3o de Entrega dos Certificados\/Diplomas aos alunos que conclu\u00edram o Ensino B\u00e1sico, Secund\u00e1rio Regular e Profissional em 2022\/2023. Esta sess\u00e3o contou com a presen\u00e7a da Diretora do Agrupamento, do Vice-Diretor, dos Diretores de [&hellip;]<\/p>\n","protected":false},"author":6,"featured_media":258,"comment_status":"open","ping_status":"open","sticky":false,"template":"","format":"standard","meta":{"footnotes":""},"categories":[4],"tags":[],"class_list":["post-247","post","type-post","status-publish","format-standard","has-post-thumbnail","hentry","category-noticias"],"_links":{"self":[{"href":"https:\/\/jornaloassobio.pt\/index.php?rest_route=\/wp\/v2\/posts\/247","targetHints":{"allow":["GET"]}}],"collection":[{"href":"https:\/\/jornaloassobio.pt\/index.php?rest_route=\/wp\/v2\/posts"}],"about":[{"href":"https:\/\/jornaloassobio.pt\/index.php?rest_route=\/wp\/v2\/types\/post"}],"author":[{"embeddable":true,"href":"https:\/\/jornaloassobio.pt\/index.php?rest_route=\/wp\/v2\/users\/6"}],"replies":[{"embeddable":true,"href":"https:\/\/jornaloassobio.pt\/index.php?rest_route=%2Fwp%2Fv2%2Fcomments&post=247"}],"version-history":[{"count":6,"href":"https:\/\/jornaloassobio.pt\/index.php?rest_route=\/wp\/v2\/posts\/247\/revisions"}],"predecessor-version":[{"id":499,"href":"https:\/\/jornaloassobio.pt\/index.php?rest_route=\/wp\/v2\/posts\/247\/revisions\/499"}],"wp:featuredmedia":[{"embeddable":true,"href":"https:\/\/jornaloassobio.pt\/index.php?rest_route=\/wp\/v2\/media\/258"}],"wp:attachment":[{"href":"https:\/\/jornaloassobio.pt\/index.php?rest_route=%2Fwp%2Fv2%2Fmedia&parent=247"}],"wp:term":[{"taxonomy":"category","embeddable":true,"href":"https:\/\/jornaloassobio.pt\/index.php?rest_route=%2Fwp%2Fv2%2Fcategories&post=247"},{"taxonomy":"post_tag","embeddable":true,"href":"https:\/\/jornaloassobio.pt\/index.php?rest_route=%2Fwp%2Fv2%2Ftags&post=247"}],"curies":[{"name":"wp","href":"https:\/\/api.w.org\/{rel}","templated":true}]}}