{"id":2502,"date":"2024-06-02T22:58:03","date_gmt":"2024-06-02T22:58:03","guid":{"rendered":"https:\/\/jornaloassobio.pt\/?p=2502"},"modified":"2024-06-03T11:43:56","modified_gmt":"2024-06-03T11:43:56","slug":"participacao-na-sessao-nacional-do-parlamento-dos-jovens-do-ensino-secundario-de-2024","status":"publish","type":"post","link":"https:\/\/jornaloassobio.pt\/?p=2502","title":{"rendered":"Participa\u00e7\u00e3o na SESS\u00c3O NACIONAL do Parlamento dos Jovens, do Ensino Secund\u00e1rio, de 2024"},"content":{"rendered":"<div class='booster-block booster-read-block'>\r\n                <div class=\"twp-read-time\">\r\n                \t<i class=\"booster-icon twp-clock\"><\/i> <span>Read Time:<\/span>1 Minute, 48 Second                <\/div>\r\n\r\n            <\/div><div style=\"width: 848px;\" class=\"wp-video\"><video class=\"wp-video-shortcode\" id=\"video-2502-1\" width=\"848\" height=\"478\" preload=\"metadata\" controls=\"controls\"><source type=\"video\/mp4\" src=\"https:\/\/jornaloassobio.pt\/wp-content\/uploads\/2024\/06\/VID-20240528-WA0012.mp4?_=1\" \/><a href=\"https:\/\/jornaloassobio.pt\/wp-content\/uploads\/2024\/06\/VID-20240528-WA0012.mp4\">https:\/\/jornaloassobio.pt\/wp-content\/uploads\/2024\/06\/VID-20240528-WA0012.mp4<\/a><\/video><\/div>\n<p>&nbsp;<\/p>\n<p>Nos passados dias<strong> 27 e 28 de maio<\/strong>, dois alunos do Ensino Secund\u00e1rio, da Escola Secund\u00e1ria Severim de Faria, participaram, como deputados, na <strong>Sess\u00e3o Nacional do Programa Parlamento dos Jovens<\/strong>, realizada na <strong>Assembleia da Rep\u00fablica.<\/strong> Por sua vez, uma aluna participou nos trabalhos parlamentares, na qualidade de <strong>jornalista<\/strong>.<\/p>\n<p>Os representantes da escola, <strong>Ana Cabral<\/strong> e <strong>Tom\u00e1s Lavouras<\/strong>, ambos do 12\u00ba ano, deputados eleitos pelo c\u00edrculo eleitoral de \u00c9vora, a par dos alunos de Estremoz, tiveram um excelente desempenho no programa, participando ativamente nos debates. Os trabalhos parlamentares distribu\u00edram-se pelo debate nas reuni\u00f5es das Comiss\u00f5es Parlamentares (1.\u00aa Comiss\u00e3o), no primeiro dia. Enquanto no segundo dia, a sess\u00e3o plen\u00e1ria, na Sala das Sess\u00f5es, incluiu perguntas aos deputados eleitos, debate e vota\u00e7\u00e3o das propostas para a recomenda\u00e7\u00e3o final \u00e0 Assembleia da Rep\u00fablica. De referir, ainda, que o Tom\u00e1s foi tamb\u00e9m porta voz do C\u00edrculo eleitoral, incumb\u00eancia que desempenhou brilhantemente.<\/p>\n<p>Mediante uma pr\u00e1tica simulada, os representantes eleitos pelos alunos das escolas portuguesas propuseram um projeto, designado por RECOMENDA\u00c7\u00c3O FINAL, que dever\u00e1 ser tido em considera\u00e7\u00e3o pelos deputados da rep\u00fablica (ver o anexo), cujo tema deste ano \u00e9<strong> \u201c<\/strong><strong>Viver ABRIL na Educa\u00e7\u00e3o: caminhos para uma escola plural e participativa<\/strong><strong>\u201d.<\/strong><\/p>\n<p style=\"text-align: center;\"><a href=\"https:\/\/jornaloassobio.pt\/wp-content\/uploads\/2024\/06\/Recomendacao_Final_SEC2024.pdf\">Recomendacao_Final_SEC2024<\/a><\/p>\n<p>A aluna, do 10\u00ba ano, <strong>Margarida Correia<\/strong>, na qualidade de jornalista, ap\u00f3s o briefing inicial com os restantes alunos jornalistas, fez o acompanhamento exaustivo dos trabalhos, tomando notas e registando imagens dos trabalhos, quer nas Comiss\u00f5es Parlamentares quer na Sess\u00e3o Plen\u00e1ria, quer ainda na confer\u00eancia de imprensa, exclusiva para jornalistas.<\/p>\n<p>Todos os alunos tiveram uma participa\u00e7\u00e3o entusiasta e um excelente desempenho no programa.<\/p>\n<p><strong>Tiveram oportunidade para aprofundar os seus conhecimentos sobre o funcionamento do Parlamento, e as regras da democracia e da cidadania ativa. Puderam, ainda, desenvolver compet\u00eancias (debate\/pensamento cr\u00edtico), ou conhecer jovens provenientes de diversos pontos do pa\u00eds (incluindo Comunidades de Emigrantes), com pontos de vista distintos dos seus, e fazer novos amigos.<\/strong><\/p>\n<p>Uma experi\u00eancia que n\u00e3o se esquece.<\/p>\n<p>As professoras Manuela Ramalho e Rosa Punilhas<\/p>\n<div id='gallery-1' class='gallery galleryid-2502 gallery-columns-3 gallery-size-thumbnail'><figure class='gallery-item'>\n\t\t\t<div class='gallery-icon landscape'>\n\t\t\t\t<a href='https:\/\/jornaloassobio.pt\/?attachment_id=2513'><img loading=\"lazy\" decoding=\"async\" width=\"150\" height=\"150\" src=\"https:\/\/jornaloassobio.pt\/wp-content\/uploads\/2024\/06\/IMG-20240529-WA0000-150x150.jpg\" class=\"attachment-thumbnail size-thumbnail\" alt=\"\" \/><\/a>\n\t\t\t<\/div><\/figure><figure class='gallery-item'>\n\t\t\t<div class='gallery-icon portrait'>\n\t\t\t\t<a href='https:\/\/jornaloassobio.pt\/?attachment_id=2517'><img loading=\"lazy\" decoding=\"async\" width=\"150\" height=\"150\" src=\"https:\/\/jornaloassobio.pt\/wp-content\/uploads\/2024\/06\/IMG-20240527-WA0007-150x150.jpg\" class=\"attachment-thumbnail size-thumbnail\" alt=\"\" \/><\/a>\n\t\t\t<\/div><\/figure><figure class='gallery-item'>\n\t\t\t<div class='gallery-icon portrait'>\n\t\t\t\t<a href='https:\/\/jornaloassobio.pt\/?attachment_id=2508'><img loading=\"lazy\" decoding=\"async\" width=\"150\" height=\"150\" src=\"https:\/\/jornaloassobio.pt\/wp-content\/uploads\/2024\/06\/IMG-20240527-WA0006-150x150.jpg\" class=\"attachment-thumbnail size-thumbnail\" alt=\"\" \/><\/a>\n\t\t\t<\/div><\/figure><figure class='gallery-item'>\n\t\t\t<div class='gallery-icon landscape'>\n\t\t\t\t<a href='https:\/\/jornaloassobio.pt\/?attachment_id=2512'><img loading=\"lazy\" decoding=\"async\" width=\"150\" height=\"150\" src=\"https:\/\/jornaloassobio.pt\/wp-content\/uploads\/2024\/06\/IMG-20240528-WA0009-150x150.jpg\" class=\"attachment-thumbnail size-thumbnail\" alt=\"\" \/><\/a>\n\t\t\t<\/div><\/figure><figure class='gallery-item'>\n\t\t\t<div class='gallery-icon landscape'>\n\t\t\t\t<a href='https:\/\/jornaloassobio.pt\/?attachment_id=2511'><img loading=\"lazy\" decoding=\"async\" width=\"150\" height=\"150\" src=\"https:\/\/jornaloassobio.pt\/wp-content\/uploads\/2024\/06\/IMG-20240528-WA0008-150x150.jpg\" class=\"attachment-thumbnail size-thumbnail\" alt=\"\" \/><\/a>\n\t\t\t<\/div><\/figure><figure class='gallery-item'>\n\t\t\t<div class='gallery-icon landscape'>\n\t\t\t\t<a href='https:\/\/jornaloassobio.pt\/?attachment_id=2505'><img loading=\"lazy\" decoding=\"async\" width=\"150\" height=\"150\" src=\"https:\/\/jornaloassobio.pt\/wp-content\/uploads\/2024\/06\/20240527_184612-150x150.jpg\" class=\"attachment-thumbnail size-thumbnail\" alt=\"\" \/><\/a>\n\t\t\t<\/div><\/figure><figure class='gallery-item'>\n\t\t\t<div class='gallery-icon landscape'>\n\t\t\t\t<a href='https:\/\/jornaloassobio.pt\/?attachment_id=2514'><img loading=\"lazy\" decoding=\"async\" width=\"150\" height=\"150\" src=\"https:\/\/jornaloassobio.pt\/wp-content\/uploads\/2024\/06\/IMG-20240529-WA0001-150x150.jpg\" class=\"attachment-thumbnail size-thumbnail\" alt=\"\" \/><\/a>\n\t\t\t<\/div><\/figure><figure class='gallery-item'>\n\t\t\t<div class='gallery-icon landscape'>\n\t\t\t\t<a href='https:\/\/jornaloassobio.pt\/?attachment_id=2510'><img loading=\"lazy\" decoding=\"async\" width=\"150\" height=\"150\" src=\"https:\/\/jornaloassobio.pt\/wp-content\/uploads\/2024\/06\/IMG-20240528-WA0001-150x150.jpg\" class=\"attachment-thumbnail size-thumbnail\" alt=\"\" \/><\/a>\n\t\t\t<\/div><\/figure><figure class='gallery-item'>\n\t\t\t<div class='gallery-icon landscape'>\n\t\t\t\t<a href='https:\/\/jornaloassobio.pt\/?attachment_id=2507'><img loading=\"lazy\" decoding=\"async\" width=\"150\" height=\"150\" src=\"https:\/\/jornaloassobio.pt\/wp-content\/uploads\/2024\/06\/20240528_150230-150x150.jpg\" class=\"attachment-thumbnail size-thumbnail\" alt=\"\" \/><\/a>\n\t\t\t<\/div><\/figure><figure class='gallery-item'>\n\t\t\t<div class='gallery-icon landscape'>\n\t\t\t\t<a href='https:\/\/jornaloassobio.pt\/?attachment_id=2504'><img loading=\"lazy\" decoding=\"async\" width=\"150\" height=\"150\" src=\"https:\/\/jornaloassobio.pt\/wp-content\/uploads\/2024\/06\/20240527_162707-150x150.jpg\" class=\"attachment-thumbnail size-thumbnail\" alt=\"\" \/><\/a>\n\t\t\t<\/div><\/figure><figure class='gallery-item'>\n\t\t\t<div class='gallery-icon landscape'>\n\t\t\t\t<a href='https:\/\/jornaloassobio.pt\/?attachment_id=2509'><img loading=\"lazy\" decoding=\"async\" width=\"150\" height=\"150\" src=\"https:\/\/jornaloassobio.pt\/wp-content\/uploads\/2024\/06\/IMG-20240528-WA0000-150x150.jpg\" class=\"attachment-thumbnail size-thumbnail\" alt=\"\" \/><\/a>\n\t\t\t<\/div><\/figure><figure class='gallery-item'>\n\t\t\t<div class='gallery-icon landscape'>\n\t\t\t\t<a href='https:\/\/jornaloassobio.pt\/?attachment_id=2515'><img loading=\"lazy\" decoding=\"async\" width=\"150\" height=\"150\" src=\"https:\/\/jornaloassobio.pt\/wp-content\/uploads\/2024\/06\/IMG-20240602-WA0000-150x150.jpg\" class=\"attachment-thumbnail size-thumbnail\" alt=\"\" \/><\/a>\n\t\t\t<\/div><\/figure>\n\t\t<\/div>\n\n        <div class=\"booster-block booster-reactions-block\">\r\n            <div class=\"twp-reactions-icons\">\r\n                \r\n                <div class=\"twp-reacts-wrap\">\r\n                    <a react-data=\"be-react-1\" post-id=\"2502\" class=\"be-face-icons un-reacted\" href=\"javascript:void(0)\">\r\n                        <img decoding=\"async\" src=\"https:\/\/jornaloassobio.pt\/wp-content\/plugins\/booster-extension\/\/assets\/icon\/happy.svg\" alt=\"Happy\">\r\n                    <\/a>\r\n                    <div class=\"twp-reaction-title\">\r\n                        Happy                    <\/div>\r\n                    <div class=\"twp-count-percent\">\r\n                                                    <span style=\"display: none;\" class=\"twp-react-count\">0<\/span>\r\n                        \r\n                                                <span class=\"twp-react-percent\"><span>0<\/span> %<\/span>\r\n                                            <\/div>\r\n                <\/div>\r\n\r\n                <div class=\"twp-reacts-wrap\">\r\n                    <a react-data=\"be-react-2\" post-id=\"2502\" class=\"be-face-icons un-reacted\" href=\"javascript:void(0)\">\r\n                        <img decoding=\"async\" src=\"https:\/\/jornaloassobio.pt\/wp-content\/plugins\/booster-extension\/\/assets\/icon\/sad.svg\" alt=\"Sad\">\r\n                    <\/a>\r\n                    <div class=\"twp-reaction-title\">\r\n                        Sad                    <\/div>\r\n                    <div class=\"twp-count-percent\">\r\n                                                    <span style=\"display: none;\" class=\"twp-react-count\">0<\/span>\r\n                                                                        <span class=\"twp-react-percent\"><span>0<\/span> %<\/span>\r\n                                            <\/div>\r\n                <\/div>\r\n\r\n                <div class=\"twp-reacts-wrap\">\r\n                    <a react-data=\"be-react-3\" post-id=\"2502\" class=\"be-face-icons un-reacted\" href=\"javascript:void(0)\">\r\n                        <img decoding=\"async\" src=\"https:\/\/jornaloassobio.pt\/wp-content\/plugins\/booster-extension\/\/assets\/icon\/excited.svg\" alt=\"Excited\">\r\n                    <\/a>\r\n                    <div class=\"twp-reaction-title\">\r\n                        Excited                    <\/div>\r\n                    <div class=\"twp-count-percent\">\r\n                                                    <span style=\"display: none;\" class=\"twp-react-count\">0<\/span>\r\n                                                                        <span class=\"twp-react-percent\"><span>0<\/span> %<\/span>\r\n                                            <\/div>\r\n                <\/div>\r\n\r\n                <div class=\"twp-reacts-wrap\">\r\n                    <a react-data=\"be-react-6\" post-id=\"2502\" class=\"be-face-icons un-reacted\" href=\"javascript:void(0)\">\r\n                        <img decoding=\"async\" src=\"https:\/\/jornaloassobio.pt\/wp-content\/plugins\/booster-extension\/\/assets\/icon\/sleepy.svg\" alt=\"Sleepy\">\r\n                    <\/a>\r\n                    <div class=\"twp-reaction-title\">\r\n                        Sleepy                    <\/div>\r\n                    <div class=\"twp-count-percent\">\r\n                                                    <span style=\"display: none;\" class=\"twp-react-count\">0<\/span>\r\n                        \r\n                                                <span class=\"twp-react-percent\"><span>0<\/span> %<\/span>\r\n                                            <\/div>\r\n                <\/div>\r\n\r\n                <div class=\"twp-reacts-wrap\">\r\n                    <a react-data=\"be-react-4\" post-id=\"2502\" class=\"be-face-icons un-reacted\" href=\"javascript:void(0)\">\r\n                        <img decoding=\"async\" src=\"https:\/\/jornaloassobio.pt\/wp-content\/plugins\/booster-extension\/\/assets\/icon\/angry.svg\" alt=\"Angry\">\r\n                    <\/a>\r\n                    <div class=\"twp-reaction-title\">Angry<\/div>\r\n                    <div class=\"twp-count-percent\">\r\n                                                    <span style=\"display: none;\" class=\"twp-react-count\">0<\/span>\r\n                                                                        <span class=\"twp-react-percent\"><span>0<\/span> %<\/span>\r\n                        \r\n                    <\/div>\r\n                <\/div>\r\n\r\n                <div class=\"twp-reacts-wrap\">\r\n                    <a react-data=\"be-react-5\" post-id=\"2502\" class=\"be-face-icons un-reacted\" href=\"javascript:void(0)\">\r\n                        <img decoding=\"async\" src=\"https:\/\/jornaloassobio.pt\/wp-content\/plugins\/booster-extension\/\/assets\/icon\/surprise.svg\" alt=\"Surprise\">\r\n                    <\/a>\r\n                    <div class=\"twp-reaction-title\">Surprise<\/div>\r\n                    <div class=\"twp-count-percent\">\r\n                                                    <span style=\"display: none;\" class=\"twp-react-count\">0<\/span>\r\n                                                                        <span class=\"twp-react-percent\"><span>0<\/span> %<\/span>\r\n                                            <\/div>\r\n                <\/div>\r\n\r\n            <\/div>\r\n        <\/div>\r\n\r\n    ","protected":false},"excerpt":{"rendered":"<p>&nbsp; Nos passados dias 27 e 28 de maio, dois alunos do Ensino Secund\u00e1rio, da Escola Secund\u00e1ria Severim de Faria, participaram, como deputados, na Sess\u00e3o Nacional do Programa Parlamento dos Jovens, realizada na Assembleia da Rep\u00fablica. Por sua vez, uma aluna participou nos trabalhos parlamentares, na qualidade de jornalista. Os representantes da escola, Ana Cabral [&hellip;]<\/p>\n","protected":false},"author":5,"featured_media":2514,"comment_status":"open","ping_status":"open","sticky":false,"template":"","format":"standard","meta":{"footnotes":""},"categories":[4],"tags":[],"class_list":["post-2502","post","type-post","status-publish","format-standard","has-post-thumbnail","hentry","category-noticias"],"_links":{"self":[{"href":"https:\/\/jornaloassobio.pt\/index.php?rest_route=\/wp\/v2\/posts\/2502","targetHints":{"allow":["GET"]}}],"collection":[{"href":"https:\/\/jornaloassobio.pt\/index.php?rest_route=\/wp\/v2\/posts"}],"about":[{"href":"https:\/\/jornaloassobio.pt\/index.php?rest_route=\/wp\/v2\/types\/post"}],"author":[{"embeddable":true,"href":"https:\/\/jornaloassobio.pt\/index.php?rest_route=\/wp\/v2\/users\/5"}],"replies":[{"embeddable":true,"href":"https:\/\/jornaloassobio.pt\/index.php?rest_route=%2Fwp%2Fv2%2Fcomments&post=2502"}],"version-history":[{"count":5,"href":"https:\/\/jornaloassobio.pt\/index.php?rest_route=\/wp\/v2\/posts\/2502\/revisions"}],"predecessor-version":[{"id":2520,"href":"https:\/\/jornaloassobio.pt\/index.php?rest_route=\/wp\/v2\/posts\/2502\/revisions\/2520"}],"wp:featuredmedia":[{"embeddable":true,"href":"https:\/\/jornaloassobio.pt\/index.php?rest_route=\/wp\/v2\/media\/2514"}],"wp:attachment":[{"href":"https:\/\/jornaloassobio.pt\/index.php?rest_route=%2Fwp%2Fv2%2Fmedia&parent=2502"}],"wp:term":[{"taxonomy":"category","embeddable":true,"href":"https:\/\/jornaloassobio.pt\/index.php?rest_route=%2Fwp%2Fv2%2Fcategories&post=2502"},{"taxonomy":"post_tag","embeddable":true,"href":"https:\/\/jornaloassobio.pt\/index.php?rest_route=%2Fwp%2Fv2%2Ftags&post=2502"}],"curies":[{"name":"wp","href":"https:\/\/api.w.org\/{rel}","templated":true}]}}