{"id":2526,"date":"2024-06-05T15:22:56","date_gmt":"2024-06-05T15:22:56","guid":{"rendered":"https:\/\/jornaloassobio.pt\/?p=2526"},"modified":"2024-06-06T09:20:30","modified_gmt":"2024-06-06T09:20:30","slug":"lancamento-do-caderno-literario-e-de-ilustracoes-katharsis-2","status":"publish","type":"post","link":"https:\/\/jornaloassobio.pt\/?p=2526","title":{"rendered":"LAN\u00c7AMENTO DO CADERNO LITER\u00c1RIO E DE ILUSTRA\u00c7\u00d5ES &#8211;  KATH\u00c1RSIS"},"content":{"rendered":"<div class='booster-block booster-read-block'>\r\n                <div class=\"twp-read-time\">\r\n                \t<i class=\"booster-icon twp-clock\"><\/i> <span>Read Time:<\/span>1 Minute, 11 Second                <\/div>\r\n\r\n            <\/div><p>No passado dia 29 de maio, teve lugar no Audit\u00f3rio da Escola, o lan\u00e7amento do <strong>Caderno Liter\u00e1rio e de Ilustra\u00e7\u00f5es <\/strong><em><strong>Kath\u00e1rsis<\/strong>.\u00a0<\/em>Esta Concurso surgiu no ano letivo de 1998\/99, integrado numa Atividade da disciplina de Filosofia e, durante alguns anos, foi assegurado pelas turmas dos Cursos Human\u00edsticos. Inicialmente, era apenas um Concurso Liter\u00e1rio e, muitos foram os alunos que, ao longo de todos estes anos, participaram com os seus textos de prosa e poesia. Mais tarde, esta Atividade integrou o Plano Plurianual de Atividades da Biblioteca da Escola Severim de Faria e, abrindo-se a outros &#8220;talentos&#8221;, passou a integrar um Concurso de Ilustra\u00e7\u00f5es.<\/p>\n<p>&nbsp;<\/p>\n<p><img loading=\"lazy\" decoding=\"async\" class=\"size-medium wp-image-2529 aligncenter\" src=\"https:\/\/jornaloassobio.pt\/wp-content\/uploads\/2024\/06\/IMG_20240529_112011-300x225.jpg\" alt=\"\" width=\"300\" height=\"225\" srcset=\"https:\/\/jornaloassobio.pt\/wp-content\/uploads\/2024\/06\/IMG_20240529_112011-300x225.jpg 300w, https:\/\/jornaloassobio.pt\/wp-content\/uploads\/2024\/06\/IMG_20240529_112011-1024x768.jpg 1024w, https:\/\/jornaloassobio.pt\/wp-content\/uploads\/2024\/06\/IMG_20240529_112011-768x576.jpg 768w, https:\/\/jornaloassobio.pt\/wp-content\/uploads\/2024\/06\/IMG_20240529_112011-1536x1152.jpg 1536w, https:\/\/jornaloassobio.pt\/wp-content\/uploads\/2024\/06\/IMG_20240529_112011-2048x1536.jpg 2048w\" sizes=\"auto, (max-width: 300px) 100vw, 300px\" \/><img loading=\"lazy\" decoding=\"async\" class=\"size-medium wp-image-2527 aligncenter\" src=\"https:\/\/jornaloassobio.pt\/wp-content\/uploads\/2024\/06\/IMG_20240529_111019-225x300.jpg\" alt=\"\" width=\"225\" height=\"300\" srcset=\"https:\/\/jornaloassobio.pt\/wp-content\/uploads\/2024\/06\/IMG_20240529_111019-225x300.jpg 225w, https:\/\/jornaloassobio.pt\/wp-content\/uploads\/2024\/06\/IMG_20240529_111019-768x1024.jpg 768w, https:\/\/jornaloassobio.pt\/wp-content\/uploads\/2024\/06\/IMG_20240529_111019-1152x1536.jpg 1152w, https:\/\/jornaloassobio.pt\/wp-content\/uploads\/2024\/06\/IMG_20240529_111019-1536x2048.jpg 1536w, https:\/\/jornaloassobio.pt\/wp-content\/uploads\/2024\/06\/IMG_20240529_111019-scaled.jpg 1920w\" sizes=\"auto, (max-width: 225px) 100vw, 225px\" \/><\/p>\n<p>&nbsp;<\/p>\n<p>&nbsp;<\/p>\n<p>&nbsp;<\/p>\n<p><img loading=\"lazy\" decoding=\"async\" class=\"size-medium wp-image-2528 alignleft\" src=\"https:\/\/jornaloassobio.pt\/wp-content\/uploads\/2024\/06\/IMG_20240529_111013-300x225.jpg\" alt=\"\" width=\"300\" height=\"225\" srcset=\"https:\/\/jornaloassobio.pt\/wp-content\/uploads\/2024\/06\/IMG_20240529_111013-300x225.jpg 300w, https:\/\/jornaloassobio.pt\/wp-content\/uploads\/2024\/06\/IMG_20240529_111013-1024x768.jpg 1024w, https:\/\/jornaloassobio.pt\/wp-content\/uploads\/2024\/06\/IMG_20240529_111013-768x576.jpg 768w, https:\/\/jornaloassobio.pt\/wp-content\/uploads\/2024\/06\/IMG_20240529_111013-1536x1152.jpg 1536w, https:\/\/jornaloassobio.pt\/wp-content\/uploads\/2024\/06\/IMG_20240529_111013-2048x1536.jpg 2048w\" sizes=\"auto, (max-width: 300px) 100vw, 300px\" \/><img loading=\"lazy\" decoding=\"async\" class=\"size-medium wp-image-2530 alignright\" src=\"https:\/\/jornaloassobio.pt\/wp-content\/uploads\/2024\/06\/IMG_20240529_112343-300x225.jpg\" alt=\"\" width=\"300\" height=\"225\" srcset=\"https:\/\/jornaloassobio.pt\/wp-content\/uploads\/2024\/06\/IMG_20240529_112343-300x225.jpg 300w, https:\/\/jornaloassobio.pt\/wp-content\/uploads\/2024\/06\/IMG_20240529_112343-1024x768.jpg 1024w, https:\/\/jornaloassobio.pt\/wp-content\/uploads\/2024\/06\/IMG_20240529_112343-768x576.jpg 768w, https:\/\/jornaloassobio.pt\/wp-content\/uploads\/2024\/06\/IMG_20240529_112343-1536x1152.jpg 1536w, https:\/\/jornaloassobio.pt\/wp-content\/uploads\/2024\/06\/IMG_20240529_112343-2048x1536.jpg 2048w\" sizes=\"auto, (max-width: 300px) 100vw, 300px\" \/>No presente ano letivo, este Concurso contou com a participa\u00e7\u00e3o de vinte e quatro alunos, alguns deles apresentando v\u00e1rios trabalhos.<\/p>\n<p>&nbsp;<\/p>\n<p>Como habitualmente, todos os concorrentes\u00a0 receberam Certificados de Participa\u00e7\u00e3o e um <em>Caderno Kath\u00e1rsis.<\/em>\u00a0 Os alunos premiados, em cada uma das\u00a0 Categorias,\u00a0 receberam tamb\u00e9m um pr\u00e9mio.<\/p>\n<p>Nesta cerim\u00f3nia estiveram presentes elementos da Dire\u00e7\u00e3o da Escola, nomeadamente a Dr. Ana Pires e a Dr. Marta Rebocho. A assistir, cont\u00e1mos com a presen\u00e7a dos familiares dos concorrentes, alguns dos seus professores e elementos do j\u00fari.<\/p>\n<p>&nbsp;<\/p>\n<p>Mais um ano letivo em que esta Atividade se cumpriu, com o apoio da Biblioteca Dr. Carlos Percheiro, da Rede de Bibliotecas de \u00c9vora, da Dire\u00e7\u00e3o da Escola, dos Professores e, essencialmente, dos alunos, que s\u00e3o os seus principais protagonistas.<\/p>\n<p><img loading=\"lazy\" decoding=\"async\" class=\"alignnone size-medium wp-image-2531\" src=\"https:\/\/jornaloassobio.pt\/wp-content\/uploads\/2024\/06\/IMG_20240529_112538-225x300.jpg\" alt=\"\" width=\"225\" height=\"300\" srcset=\"https:\/\/jornaloassobio.pt\/wp-content\/uploads\/2024\/06\/IMG_20240529_112538-225x300.jpg 225w, https:\/\/jornaloassobio.pt\/wp-content\/uploads\/2024\/06\/IMG_20240529_112538-768x1024.jpg 768w, https:\/\/jornaloassobio.pt\/wp-content\/uploads\/2024\/06\/IMG_20240529_112538-1152x1536.jpg 1152w, https:\/\/jornaloassobio.pt\/wp-content\/uploads\/2024\/06\/IMG_20240529_112538-1536x2048.jpg 1536w, https:\/\/jornaloassobio.pt\/wp-content\/uploads\/2024\/06\/IMG_20240529_112538-scaled.jpg 1920w\" sizes=\"auto, (max-width: 225px) 100vw, 225px\" \/><img loading=\"lazy\" decoding=\"async\" class=\"alignnone size-medium wp-image-2532\" src=\"https:\/\/jornaloassobio.pt\/wp-content\/uploads\/2024\/06\/IMG_20240529_112613-300x225.jpg\" alt=\"\" width=\"300\" height=\"225\" srcset=\"https:\/\/jornaloassobio.pt\/wp-content\/uploads\/2024\/06\/IMG_20240529_112613-300x225.jpg 300w, https:\/\/jornaloassobio.pt\/wp-content\/uploads\/2024\/06\/IMG_20240529_112613-1024x768.jpg 1024w, https:\/\/jornaloassobio.pt\/wp-content\/uploads\/2024\/06\/IMG_20240529_112613-768x576.jpg 768w, https:\/\/jornaloassobio.pt\/wp-content\/uploads\/2024\/06\/IMG_20240529_112613-1536x1152.jpg 1536w, https:\/\/jornaloassobio.pt\/wp-content\/uploads\/2024\/06\/IMG_20240529_112613-2048x1536.jpg 2048w\" sizes=\"auto, (max-width: 300px) 100vw, 300px\" \/><img loading=\"lazy\" decoding=\"async\" class=\"alignnone size-medium wp-image-2533\" src=\"https:\/\/jornaloassobio.pt\/wp-content\/uploads\/2024\/06\/IMG_20240529_112737-225x300.jpg\" alt=\"\" width=\"225\" height=\"300\" srcset=\"https:\/\/jornaloassobio.pt\/wp-content\/uploads\/2024\/06\/IMG_20240529_112737-225x300.jpg 225w, https:\/\/jornaloassobio.pt\/wp-content\/uploads\/2024\/06\/IMG_20240529_112737-768x1024.jpg 768w, https:\/\/jornaloassobio.pt\/wp-content\/uploads\/2024\/06\/IMG_20240529_112737-1152x1536.jpg 1152w, https:\/\/jornaloassobio.pt\/wp-content\/uploads\/2024\/06\/IMG_20240529_112737-1536x2048.jpg 1536w, https:\/\/jornaloassobio.pt\/wp-content\/uploads\/2024\/06\/IMG_20240529_112737-scaled.jpg 1920w\" sizes=\"auto, (max-width: 225px) 100vw, 225px\" \/> <img loading=\"lazy\" decoding=\"async\" class=\"alignnone size-medium wp-image-2534\" src=\"https:\/\/jornaloassobio.pt\/wp-content\/uploads\/2024\/06\/IMG_20240529_113138-300x225.jpg\" alt=\"\" width=\"300\" height=\"225\" srcset=\"https:\/\/jornaloassobio.pt\/wp-content\/uploads\/2024\/06\/IMG_20240529_113138-300x225.jpg 300w, https:\/\/jornaloassobio.pt\/wp-content\/uploads\/2024\/06\/IMG_20240529_113138-1024x768.jpg 1024w, https:\/\/jornaloassobio.pt\/wp-content\/uploads\/2024\/06\/IMG_20240529_113138-768x576.jpg 768w, https:\/\/jornaloassobio.pt\/wp-content\/uploads\/2024\/06\/IMG_20240529_113138-1536x1152.jpg 1536w, https:\/\/jornaloassobio.pt\/wp-content\/uploads\/2024\/06\/IMG_20240529_113138-2048x1536.jpg 2048w\" sizes=\"auto, (max-width: 300px) 100vw, 300px\" \/><\/p>\n<p>&nbsp;<\/p>\n<p style=\"text-align: center;\">PARAB\u00c9NS!<\/p>\n<p>&nbsp;<\/p>\n<p>&nbsp;<\/p>\n        <div class=\"booster-block booster-reactions-block\">\r\n            <div class=\"twp-reactions-icons\">\r\n                \r\n                <div class=\"twp-reacts-wrap\">\r\n                    <a react-data=\"be-react-1\" post-id=\"2526\" class=\"be-face-icons un-reacted\" href=\"javascript:void(0)\">\r\n                        <img decoding=\"async\" src=\"https:\/\/jornaloassobio.pt\/wp-content\/plugins\/booster-extension\/\/assets\/icon\/happy.svg\" alt=\"Happy\">\r\n                    <\/a>\r\n                    <div class=\"twp-reaction-title\">\r\n                        Happy                    <\/div>\r\n                    <div class=\"twp-count-percent\">\r\n                                                    <span style=\"display: none;\" class=\"twp-react-count\">0<\/span>\r\n                        \r\n                                                <span class=\"twp-react-percent\"><span>0<\/span> %<\/span>\r\n                                            <\/div>\r\n                <\/div>\r\n\r\n                <div class=\"twp-reacts-wrap\">\r\n                    <a react-data=\"be-react-2\" post-id=\"2526\" class=\"be-face-icons un-reacted\" href=\"javascript:void(0)\">\r\n                        <img decoding=\"async\" src=\"https:\/\/jornaloassobio.pt\/wp-content\/plugins\/booster-extension\/\/assets\/icon\/sad.svg\" alt=\"Sad\">\r\n                    <\/a>\r\n                    <div class=\"twp-reaction-title\">\r\n                        Sad                    <\/div>\r\n                    <div class=\"twp-count-percent\">\r\n                                                    <span style=\"display: none;\" class=\"twp-react-count\">0<\/span>\r\n                                                                        <span class=\"twp-react-percent\"><span>0<\/span> %<\/span>\r\n                                            <\/div>\r\n                <\/div>\r\n\r\n                <div class=\"twp-reacts-wrap\">\r\n                    <a react-data=\"be-react-3\" post-id=\"2526\" class=\"be-face-icons un-reacted\" href=\"javascript:void(0)\">\r\n                        <img decoding=\"async\" src=\"https:\/\/jornaloassobio.pt\/wp-content\/plugins\/booster-extension\/\/assets\/icon\/excited.svg\" alt=\"Excited\">\r\n                    <\/a>\r\n                    <div class=\"twp-reaction-title\">\r\n                        Excited                    <\/div>\r\n                    <div class=\"twp-count-percent\">\r\n                                                    <span style=\"display: none;\" class=\"twp-react-count\">0<\/span>\r\n                                                                        <span class=\"twp-react-percent\"><span>0<\/span> %<\/span>\r\n                                            <\/div>\r\n                <\/div>\r\n\r\n                <div class=\"twp-reacts-wrap\">\r\n                    <a react-data=\"be-react-6\" post-id=\"2526\" class=\"be-face-icons un-reacted\" href=\"javascript:void(0)\">\r\n                        <img decoding=\"async\" src=\"https:\/\/jornaloassobio.pt\/wp-content\/plugins\/booster-extension\/\/assets\/icon\/sleepy.svg\" alt=\"Sleepy\">\r\n                    <\/a>\r\n                    <div class=\"twp-reaction-title\">\r\n                        Sleepy                    <\/div>\r\n                    <div class=\"twp-count-percent\">\r\n                                                    <span style=\"display: none;\" class=\"twp-react-count\">0<\/span>\r\n                        \r\n                                                <span class=\"twp-react-percent\"><span>0<\/span> %<\/span>\r\n                                            <\/div>\r\n                <\/div>\r\n\r\n                <div class=\"twp-reacts-wrap\">\r\n                    <a react-data=\"be-react-4\" post-id=\"2526\" class=\"be-face-icons un-reacted\" href=\"javascript:void(0)\">\r\n                        <img decoding=\"async\" src=\"https:\/\/jornaloassobio.pt\/wp-content\/plugins\/booster-extension\/\/assets\/icon\/angry.svg\" alt=\"Angry\">\r\n                    <\/a>\r\n                    <div class=\"twp-reaction-title\">Angry<\/div>\r\n                    <div class=\"twp-count-percent\">\r\n                                                    <span style=\"display: none;\" class=\"twp-react-count\">0<\/span>\r\n                                                                        <span class=\"twp-react-percent\"><span>0<\/span> %<\/span>\r\n                        \r\n                    <\/div>\r\n                <\/div>\r\n\r\n                <div class=\"twp-reacts-wrap\">\r\n                    <a react-data=\"be-react-5\" post-id=\"2526\" class=\"be-face-icons un-reacted\" href=\"javascript:void(0)\">\r\n                        <img decoding=\"async\" src=\"https:\/\/jornaloassobio.pt\/wp-content\/plugins\/booster-extension\/\/assets\/icon\/surprise.svg\" alt=\"Surprise\">\r\n                    <\/a>\r\n                    <div class=\"twp-reaction-title\">Surprise<\/div>\r\n                    <div class=\"twp-count-percent\">\r\n                                                    <span style=\"display: none;\" class=\"twp-react-count\">0<\/span>\r\n                                                                        <span class=\"twp-react-percent\"><span>0<\/span> %<\/span>\r\n                                            <\/div>\r\n                <\/div>\r\n\r\n            <\/div>\r\n        <\/div>\r\n\r\n    ","protected":false},"excerpt":{"rendered":"<p>No passado dia 29 de maio, teve lugar no Audit\u00f3rio da Escola, o lan\u00e7amento do Caderno Liter\u00e1rio e de Ilustra\u00e7\u00f5es Kath\u00e1rsis.\u00a0Esta Concurso surgiu no ano letivo de 1998\/99, integrado numa Atividade da disciplina de Filosofia e, durante alguns anos, foi assegurado pelas turmas dos Cursos Human\u00edsticos. Inicialmente, era apenas um Concurso Liter\u00e1rio e, muitos foram [&hellip;]<\/p>\n","protected":false},"author":7,"featured_media":2534,"comment_status":"open","ping_status":"open","sticky":false,"template":"","format":"standard","meta":{"footnotes":""},"categories":[4],"tags":[],"class_list":["post-2526","post","type-post","status-publish","format-standard","has-post-thumbnail","hentry","category-noticias"],"_links":{"self":[{"href":"https:\/\/jornaloassobio.pt\/index.php?rest_route=\/wp\/v2\/posts\/2526","targetHints":{"allow":["GET"]}}],"collection":[{"href":"https:\/\/jornaloassobio.pt\/index.php?rest_route=\/wp\/v2\/posts"}],"about":[{"href":"https:\/\/jornaloassobio.pt\/index.php?rest_route=\/wp\/v2\/types\/post"}],"author":[{"embeddable":true,"href":"https:\/\/jornaloassobio.pt\/index.php?rest_route=\/wp\/v2\/users\/7"}],"replies":[{"embeddable":true,"href":"https:\/\/jornaloassobio.pt\/index.php?rest_route=%2Fwp%2Fv2%2Fcomments&post=2526"}],"version-history":[{"count":4,"href":"https:\/\/jornaloassobio.pt\/index.php?rest_route=\/wp\/v2\/posts\/2526\/revisions"}],"predecessor-version":[{"id":2538,"href":"https:\/\/jornaloassobio.pt\/index.php?rest_route=\/wp\/v2\/posts\/2526\/revisions\/2538"}],"wp:featuredmedia":[{"embeddable":true,"href":"https:\/\/jornaloassobio.pt\/index.php?rest_route=\/wp\/v2\/media\/2534"}],"wp:attachment":[{"href":"https:\/\/jornaloassobio.pt\/index.php?rest_route=%2Fwp%2Fv2%2Fmedia&parent=2526"}],"wp:term":[{"taxonomy":"category","embeddable":true,"href":"https:\/\/jornaloassobio.pt\/index.php?rest_route=%2Fwp%2Fv2%2Fcategories&post=2526"},{"taxonomy":"post_tag","embeddable":true,"href":"https:\/\/jornaloassobio.pt\/index.php?rest_route=%2Fwp%2Fv2%2Ftags&post=2526"}],"curies":[{"name":"wp","href":"https:\/\/api.w.org\/{rel}","templated":true}]}}