{"id":2539,"date":"2024-06-06T10:20:03","date_gmt":"2024-06-06T10:20:03","guid":{"rendered":"https:\/\/jornaloassobio.pt\/?p=2539"},"modified":"2024-06-06T10:37:39","modified_gmt":"2024-06-06T10:37:39","slug":"liberdade-de-escolha-encontro-de-poetas-populares","status":"publish","type":"post","link":"https:\/\/jornaloassobio.pt\/?p=2539","title":{"rendered":"Liberdade de Escolha &#8211; Encontro de Poetas Populares"},"content":{"rendered":"<div class='booster-block booster-read-block'>\r\n                <div class=\"twp-read-time\">\r\n                \t<i class=\"booster-icon twp-clock\"><\/i> <span>Read Time:<\/span>1 Minute, 23 Second                <\/div>\r\n\r\n            <\/div><p>No passado dia 5 de Junho, teve lugar na Escola Secund\u00e1ria Severim de Faria, um Encontro de Poetas Populares. Esta Atividade foi proposta pela Uni\u00e3o de Freguesias da Malagueira e Horta das Figueiras, promovida pela Biblioteca Dr. Carlos Percheiro e est\u00e1 integrada nas comemora\u00e7\u00f5es dos 50 Anos de Abril.<\/p>\n<p>Estiveram presentes o Presidente da Uni\u00e3o de Juntas de Freguesia, Dr. Ananias Quintano, a Diretora da Escola Severim de Faria, Dr. Ana Pires, v\u00e1rios professores, elementos da equipa da Biblioteca e tr\u00eas turmas do 10\u00ba ano.<\/p>\n<p>Os poetas populares convidados foram: In\u00e1cio Roque Teixeira;\u00a0 Jos\u00e9 Manuel Coelho e o Poeta Silvais. Este \u00faltimo apresentou a m\u00e9trica das d\u00e9cimas, \u00a0contou como come\u00e7ou a escrever versos, e referiu o analfabetismo e as tem\u00e1ticas que aborda nos seus poemas. O professor e poeta, Jos\u00e9 Manuel Coelho, referiu como, com oito anos, encontrou a poesia e falou sobre o seu crescente interesse pela poesia popular. Todos os poetas declamaram v\u00e1rias poesias da sua autoria e, tamb\u00e9m, de outros autores.<\/p>\n<p>Esta \u00e9 uma poesia muito significativa em termos etnogr\u00e1ficos, uma arte, tradicionalmente, transmitida e ensinada por via oral, que, no passado, deu express\u00e3o ao talento de pessoas pouco letradas e analfabetas. De uma imensa riqueza tem\u00e1tica, esta poesia, e &#8220;os seus&#8221; poetas, trouxeram grande entusiasmo e ensinamento a todos os presentes. Bem hajam por preservarem o Patrim\u00f3nio Imaterial da Regi\u00e3o do Alentejo<\/p>\n<p>.<\/p>\n<div id='gallery-1' class='gallery galleryid-2539 gallery-columns-3 gallery-size-medium'><figure class='gallery-item'>\n\t\t\t<div class='gallery-icon portrait'>\n\t\t\t\t<a href='https:\/\/jornaloassobio.pt\/?attachment_id=2552'><img loading=\"lazy\" decoding=\"async\" width=\"225\" height=\"300\" src=\"https:\/\/jornaloassobio.pt\/wp-content\/uploads\/2024\/06\/1000006821-225x300.jpg\" class=\"attachment-medium size-medium\" alt=\"\" srcset=\"https:\/\/jornaloassobio.pt\/wp-content\/uploads\/2024\/06\/1000006821-225x300.jpg 225w, https:\/\/jornaloassobio.pt\/wp-content\/uploads\/2024\/06\/1000006821-768x1024.jpg 768w, https:\/\/jornaloassobio.pt\/wp-content\/uploads\/2024\/06\/1000006821-1152x1536.jpg 1152w, https:\/\/jornaloassobio.pt\/wp-content\/uploads\/2024\/06\/1000006821.jpg 1200w\" sizes=\"auto, (max-width: 225px) 100vw, 225px\" \/><\/a>\n\t\t\t<\/div><\/figure><figure class='gallery-item'>\n\t\t\t<div class='gallery-icon landscape'>\n\t\t\t\t<a href='https:\/\/jornaloassobio.pt\/?attachment_id=2551'><img loading=\"lazy\" decoding=\"async\" width=\"300\" height=\"225\" src=\"https:\/\/jornaloassobio.pt\/wp-content\/uploads\/2024\/06\/1000006815-300x225.jpg\" class=\"attachment-medium size-medium\" alt=\"\" srcset=\"https:\/\/jornaloassobio.pt\/wp-content\/uploads\/2024\/06\/1000006815-300x225.jpg 300w, https:\/\/jornaloassobio.pt\/wp-content\/uploads\/2024\/06\/1000006815-1024x768.jpg 1024w, https:\/\/jornaloassobio.pt\/wp-content\/uploads\/2024\/06\/1000006815-768x576.jpg 768w, https:\/\/jornaloassobio.pt\/wp-content\/uploads\/2024\/06\/1000006815-1536x1152.jpg 1536w, https:\/\/jornaloassobio.pt\/wp-content\/uploads\/2024\/06\/1000006815.jpg 1600w\" sizes=\"auto, (max-width: 300px) 100vw, 300px\" \/><\/a>\n\t\t\t<\/div><\/figure><figure class='gallery-item'>\n\t\t\t<div class='gallery-icon landscape'>\n\t\t\t\t<a href='https:\/\/jornaloassobio.pt\/?attachment_id=2548'><img loading=\"lazy\" decoding=\"async\" width=\"300\" height=\"225\" src=\"https:\/\/jornaloassobio.pt\/wp-content\/uploads\/2024\/06\/IMG_20240605_115526-300x225.jpg\" class=\"attachment-medium size-medium\" alt=\"\" srcset=\"https:\/\/jornaloassobio.pt\/wp-content\/uploads\/2024\/06\/IMG_20240605_115526-300x225.jpg 300w, https:\/\/jornaloassobio.pt\/wp-content\/uploads\/2024\/06\/IMG_20240605_115526-1024x768.jpg 1024w, https:\/\/jornaloassobio.pt\/wp-content\/uploads\/2024\/06\/IMG_20240605_115526-768x576.jpg 768w, https:\/\/jornaloassobio.pt\/wp-content\/uploads\/2024\/06\/IMG_20240605_115526-1536x1152.jpg 1536w, https:\/\/jornaloassobio.pt\/wp-content\/uploads\/2024\/06\/IMG_20240605_115526-2048x1536.jpg 2048w\" sizes=\"auto, (max-width: 300px) 100vw, 300px\" \/><\/a>\n\t\t\t<\/div><\/figure><figure class='gallery-item'>\n\t\t\t<div class='gallery-icon portrait'>\n\t\t\t\t<a href='https:\/\/jornaloassobio.pt\/?attachment_id=2544'><img loading=\"lazy\" decoding=\"async\" width=\"225\" height=\"300\" src=\"https:\/\/jornaloassobio.pt\/wp-content\/uploads\/2024\/06\/IMG_20240605_121421-225x300.jpg\" class=\"attachment-medium size-medium\" alt=\"\" srcset=\"https:\/\/jornaloassobio.pt\/wp-content\/uploads\/2024\/06\/IMG_20240605_121421-225x300.jpg 225w, https:\/\/jornaloassobio.pt\/wp-content\/uploads\/2024\/06\/IMG_20240605_121421-768x1024.jpg 768w, https:\/\/jornaloassobio.pt\/wp-content\/uploads\/2024\/06\/IMG_20240605_121421-1152x1536.jpg 1152w, https:\/\/jornaloassobio.pt\/wp-content\/uploads\/2024\/06\/IMG_20240605_121421-1536x2048.jpg 1536w, https:\/\/jornaloassobio.pt\/wp-content\/uploads\/2024\/06\/IMG_20240605_121421-scaled.jpg 1920w\" sizes=\"auto, (max-width: 225px) 100vw, 225px\" \/><\/a>\n\t\t\t<\/div><\/figure><figure class='gallery-item'>\n\t\t\t<div class='gallery-icon landscape'>\n\t\t\t\t<a href='https:\/\/jornaloassobio.pt\/?attachment_id=2543'><img loading=\"lazy\" decoding=\"async\" width=\"300\" height=\"225\" src=\"https:\/\/jornaloassobio.pt\/wp-content\/uploads\/2024\/06\/IMG_20240605_125154-300x225.jpg\" class=\"attachment-medium size-medium\" alt=\"\" srcset=\"https:\/\/jornaloassobio.pt\/wp-content\/uploads\/2024\/06\/IMG_20240605_125154-300x225.jpg 300w, https:\/\/jornaloassobio.pt\/wp-content\/uploads\/2024\/06\/IMG_20240605_125154-1024x768.jpg 1024w, https:\/\/jornaloassobio.pt\/wp-content\/uploads\/2024\/06\/IMG_20240605_125154-768x576.jpg 768w, https:\/\/jornaloassobio.pt\/wp-content\/uploads\/2024\/06\/IMG_20240605_125154-1536x1152.jpg 1536w, https:\/\/jornaloassobio.pt\/wp-content\/uploads\/2024\/06\/IMG_20240605_125154-2048x1536.jpg 2048w\" sizes=\"auto, (max-width: 300px) 100vw, 300px\" \/><\/a>\n\t\t\t<\/div><\/figure><figure class='gallery-item'>\n\t\t\t<div class='gallery-icon landscape'>\n\t\t\t\t<a href='https:\/\/jornaloassobio.pt\/?attachment_id=2542'><img loading=\"lazy\" decoding=\"async\" width=\"300\" height=\"225\" src=\"https:\/\/jornaloassobio.pt\/wp-content\/uploads\/2024\/06\/IMG_20240605_115804-300x225.jpg\" class=\"attachment-medium size-medium\" alt=\"\" srcset=\"https:\/\/jornaloassobio.pt\/wp-content\/uploads\/2024\/06\/IMG_20240605_115804-300x225.jpg 300w, https:\/\/jornaloassobio.pt\/wp-content\/uploads\/2024\/06\/IMG_20240605_115804-1024x768.jpg 1024w, https:\/\/jornaloassobio.pt\/wp-content\/uploads\/2024\/06\/IMG_20240605_115804-768x576.jpg 768w, https:\/\/jornaloassobio.pt\/wp-content\/uploads\/2024\/06\/IMG_20240605_115804-1536x1152.jpg 1536w, https:\/\/jornaloassobio.pt\/wp-content\/uploads\/2024\/06\/IMG_20240605_115804-2048x1536.jpg 2048w\" sizes=\"auto, (max-width: 300px) 100vw, 300px\" \/><\/a>\n\t\t\t<\/div><\/figure><figure class='gallery-item'>\n\t\t\t<div class='gallery-icon landscape'>\n\t\t\t\t<a href='https:\/\/jornaloassobio.pt\/?attachment_id=2541'><img loading=\"lazy\" decoding=\"async\" width=\"300\" height=\"225\" src=\"https:\/\/jornaloassobio.pt\/wp-content\/uploads\/2024\/06\/IMG_20240605_115508-300x225.jpg\" class=\"attachment-medium size-medium\" alt=\"\" srcset=\"https:\/\/jornaloassobio.pt\/wp-content\/uploads\/2024\/06\/IMG_20240605_115508-300x225.jpg 300w, https:\/\/jornaloassobio.pt\/wp-content\/uploads\/2024\/06\/IMG_20240605_115508-1024x768.jpg 1024w, https:\/\/jornaloassobio.pt\/wp-content\/uploads\/2024\/06\/IMG_20240605_115508-768x576.jpg 768w, https:\/\/jornaloassobio.pt\/wp-content\/uploads\/2024\/06\/IMG_20240605_115508-1536x1152.jpg 1536w, https:\/\/jornaloassobio.pt\/wp-content\/uploads\/2024\/06\/IMG_20240605_115508-2048x1536.jpg 2048w\" sizes=\"auto, (max-width: 300px) 100vw, 300px\" \/><\/a>\n\t\t\t<\/div><\/figure>\n\t\t<\/div>\n\n<p>&nbsp;<\/p>\n<div style=\"width: 1140px;\" class=\"wp-video\"><video class=\"wp-video-shortcode\" id=\"video-2539-1\" width=\"1140\" height=\"641\" preload=\"metadata\" controls=\"controls\"><source type=\"video\/mp4\" src=\"https:\/\/jornaloassobio.pt\/wp-content\/uploads\/2024\/06\/VID_20240605_122141.mp4?_=1\" \/><a href=\"https:\/\/jornaloassobio.pt\/wp-content\/uploads\/2024\/06\/VID_20240605_122141.mp4\">https:\/\/jornaloassobio.pt\/wp-content\/uploads\/2024\/06\/VID_20240605_122141.mp4<\/a><\/video><\/div>\n<div style=\"width: 1140px;\" class=\"wp-video\"><video class=\"wp-video-shortcode\" id=\"video-2539-2\" width=\"1140\" height=\"641\" preload=\"metadata\" controls=\"controls\"><source type=\"video\/mp4\" src=\"https:\/\/jornaloassobio.pt\/wp-content\/uploads\/2024\/06\/VID_20240605_123006.mp4?_=2\" \/><a href=\"https:\/\/jornaloassobio.pt\/wp-content\/uploads\/2024\/06\/VID_20240605_123006.mp4\">https:\/\/jornaloassobio.pt\/wp-content\/uploads\/2024\/06\/VID_20240605_123006.mp4<\/a><\/video><\/div>\n<p>&nbsp;<\/p>\n        <div class=\"booster-block booster-reactions-block\">\r\n            <div class=\"twp-reactions-icons\">\r\n                \r\n                <div class=\"twp-reacts-wrap\">\r\n                    <a react-data=\"be-react-1\" post-id=\"2539\" class=\"be-face-icons un-reacted\" href=\"javascript:void(0)\">\r\n                        <img decoding=\"async\" src=\"https:\/\/jornaloassobio.pt\/wp-content\/plugins\/booster-extension\/\/assets\/icon\/happy.svg\" alt=\"Happy\">\r\n                    <\/a>\r\n                    <div class=\"twp-reaction-title\">\r\n                        Happy                    <\/div>\r\n                    <div class=\"twp-count-percent\">\r\n                                                    <span style=\"display: none;\" class=\"twp-react-count\">0<\/span>\r\n                        \r\n                                                <span class=\"twp-react-percent\"><span>0<\/span> %<\/span>\r\n                                            <\/div>\r\n                <\/div>\r\n\r\n                <div class=\"twp-reacts-wrap\">\r\n                    <a react-data=\"be-react-2\" post-id=\"2539\" class=\"be-face-icons un-reacted\" href=\"javascript:void(0)\">\r\n                        <img decoding=\"async\" src=\"https:\/\/jornaloassobio.pt\/wp-content\/plugins\/booster-extension\/\/assets\/icon\/sad.svg\" alt=\"Sad\">\r\n                    <\/a>\r\n                    <div class=\"twp-reaction-title\">\r\n                        Sad                    <\/div>\r\n                    <div class=\"twp-count-percent\">\r\n                                                    <span style=\"display: none;\" class=\"twp-react-count\">0<\/span>\r\n                                                                        <span class=\"twp-react-percent\"><span>0<\/span> %<\/span>\r\n                                            <\/div>\r\n                <\/div>\r\n\r\n                <div class=\"twp-reacts-wrap\">\r\n                    <a react-data=\"be-react-3\" post-id=\"2539\" class=\"be-face-icons un-reacted\" href=\"javascript:void(0)\">\r\n                        <img decoding=\"async\" src=\"https:\/\/jornaloassobio.pt\/wp-content\/plugins\/booster-extension\/\/assets\/icon\/excited.svg\" alt=\"Excited\">\r\n                    <\/a>\r\n                    <div class=\"twp-reaction-title\">\r\n                        Excited                    <\/div>\r\n                    <div class=\"twp-count-percent\">\r\n                                                    <span style=\"display: none;\" class=\"twp-react-count\">0<\/span>\r\n                                                                        <span class=\"twp-react-percent\"><span>0<\/span> %<\/span>\r\n                                            <\/div>\r\n                <\/div>\r\n\r\n                <div class=\"twp-reacts-wrap\">\r\n                    <a react-data=\"be-react-6\" post-id=\"2539\" class=\"be-face-icons un-reacted\" href=\"javascript:void(0)\">\r\n                        <img decoding=\"async\" src=\"https:\/\/jornaloassobio.pt\/wp-content\/plugins\/booster-extension\/\/assets\/icon\/sleepy.svg\" alt=\"Sleepy\">\r\n                    <\/a>\r\n                    <div class=\"twp-reaction-title\">\r\n                        Sleepy                    <\/div>\r\n                    <div class=\"twp-count-percent\">\r\n                                                    <span style=\"display: none;\" class=\"twp-react-count\">0<\/span>\r\n                        \r\n                                                <span class=\"twp-react-percent\"><span>0<\/span> %<\/span>\r\n                                            <\/div>\r\n                <\/div>\r\n\r\n                <div class=\"twp-reacts-wrap\">\r\n                    <a react-data=\"be-react-4\" post-id=\"2539\" class=\"be-face-icons un-reacted\" href=\"javascript:void(0)\">\r\n                        <img decoding=\"async\" src=\"https:\/\/jornaloassobio.pt\/wp-content\/plugins\/booster-extension\/\/assets\/icon\/angry.svg\" alt=\"Angry\">\r\n                    <\/a>\r\n                    <div class=\"twp-reaction-title\">Angry<\/div>\r\n                    <div class=\"twp-count-percent\">\r\n                                                    <span style=\"display: none;\" class=\"twp-react-count\">0<\/span>\r\n                                                                        <span class=\"twp-react-percent\"><span>0<\/span> %<\/span>\r\n                        \r\n                    <\/div>\r\n                <\/div>\r\n\r\n                <div class=\"twp-reacts-wrap\">\r\n                    <a react-data=\"be-react-5\" post-id=\"2539\" class=\"be-face-icons un-reacted\" href=\"javascript:void(0)\">\r\n                        <img decoding=\"async\" src=\"https:\/\/jornaloassobio.pt\/wp-content\/plugins\/booster-extension\/\/assets\/icon\/surprise.svg\" alt=\"Surprise\">\r\n                    <\/a>\r\n                    <div class=\"twp-reaction-title\">Surprise<\/div>\r\n                    <div class=\"twp-count-percent\">\r\n                                                    <span style=\"display: none;\" class=\"twp-react-count\">0<\/span>\r\n                                                                        <span class=\"twp-react-percent\"><span>0<\/span> %<\/span>\r\n                                            <\/div>\r\n                <\/div>\r\n\r\n            <\/div>\r\n        <\/div>\r\n\r\n    ","protected":false},"excerpt":{"rendered":"<p>No passado dia 5 de Junho, teve lugar na Escola Secund\u00e1ria Severim de Faria, um Encontro de Poetas Populares. Esta Atividade foi proposta pela Uni\u00e3o de Freguesias da Malagueira e Horta das Figueiras, promovida pela Biblioteca Dr. Carlos Percheiro e est\u00e1 integrada nas comemora\u00e7\u00f5es dos 50 Anos de Abril. Estiveram presentes o Presidente da Uni\u00e3o [&hellip;]<\/p>\n","protected":false},"author":7,"featured_media":2543,"comment_status":"open","ping_status":"open","sticky":false,"template":"","format":"standard","meta":{"footnotes":""},"categories":[4],"tags":[],"class_list":["post-2539","post","type-post","status-publish","format-standard","has-post-thumbnail","hentry","category-noticias"],"_links":{"self":[{"href":"https:\/\/jornaloassobio.pt\/index.php?rest_route=\/wp\/v2\/posts\/2539","targetHints":{"allow":["GET"]}}],"collection":[{"href":"https:\/\/jornaloassobio.pt\/index.php?rest_route=\/wp\/v2\/posts"}],"about":[{"href":"https:\/\/jornaloassobio.pt\/index.php?rest_route=\/wp\/v2\/types\/post"}],"author":[{"embeddable":true,"href":"https:\/\/jornaloassobio.pt\/index.php?rest_route=\/wp\/v2\/users\/7"}],"replies":[{"embeddable":true,"href":"https:\/\/jornaloassobio.pt\/index.php?rest_route=%2Fwp%2Fv2%2Fcomments&post=2539"}],"version-history":[{"count":5,"href":"https:\/\/jornaloassobio.pt\/index.php?rest_route=\/wp\/v2\/posts\/2539\/revisions"}],"predecessor-version":[{"id":2554,"href":"https:\/\/jornaloassobio.pt\/index.php?rest_route=\/wp\/v2\/posts\/2539\/revisions\/2554"}],"wp:featuredmedia":[{"embeddable":true,"href":"https:\/\/jornaloassobio.pt\/index.php?rest_route=\/wp\/v2\/media\/2543"}],"wp:attachment":[{"href":"https:\/\/jornaloassobio.pt\/index.php?rest_route=%2Fwp%2Fv2%2Fmedia&parent=2539"}],"wp:term":[{"taxonomy":"category","embeddable":true,"href":"https:\/\/jornaloassobio.pt\/index.php?rest_route=%2Fwp%2Fv2%2Fcategories&post=2539"},{"taxonomy":"post_tag","embeddable":true,"href":"https:\/\/jornaloassobio.pt\/index.php?rest_route=%2Fwp%2Fv2%2Ftags&post=2539"}],"curies":[{"name":"wp","href":"https:\/\/api.w.org\/{rel}","templated":true}]}}