{"id":2561,"date":"2024-06-07T11:15:39","date_gmt":"2024-06-07T11:15:39","guid":{"rendered":"https:\/\/jornaloassobio.pt\/?p=2561"},"modified":"2024-06-07T11:17:09","modified_gmt":"2024-06-07T11:17:09","slug":"dia-d-dia-decisivo","status":"publish","type":"post","link":"https:\/\/jornaloassobio.pt\/?p=2561","title":{"rendered":"DIA D &#8211; DIA DECISIVO"},"content":{"rendered":"<div class='booster-block booster-read-block'>\r\n                <div class=\"twp-read-time\">\r\n                \t<i class=\"booster-icon twp-clock\"><\/i> <span>Read Time:<\/span>59 Second                <\/div>\r\n\r\n            <\/div><p><img loading=\"lazy\" decoding=\"async\" class=\" wp-image-2563 aligncenter\" src=\"https:\/\/jornaloassobio.pt\/wp-content\/uploads\/2024\/06\/macron.biden_.diad_.afp_-300x200.jpg\" alt=\"\" width=\"333\" height=\"222\" srcset=\"https:\/\/jornaloassobio.pt\/wp-content\/uploads\/2024\/06\/macron.biden_.diad_.afp_-300x200.jpg 300w, https:\/\/jornaloassobio.pt\/wp-content\/uploads\/2024\/06\/macron.biden_.diad_.afp_-1024x683.jpg 1024w, https:\/\/jornaloassobio.pt\/wp-content\/uploads\/2024\/06\/macron.biden_.diad_.afp_-768x512.jpg 768w, https:\/\/jornaloassobio.pt\/wp-content\/uploads\/2024\/06\/macron.biden_.diad_.afp_-1536x1024.jpg 1536w, https:\/\/jornaloassobio.pt\/wp-content\/uploads\/2024\/06\/macron.biden_.diad_.afp_.jpg 1920w\" sizes=\"auto, (max-width: 333px) 100vw, 333px\" \/><\/p>\n<p>No dia <strong>6 de junho de 2024<\/strong>, celebraram-se <strong>80 anos\u00a0 do Dia D<\/strong>, quando se deu o desembarque das tropas aliadas nas praias da Normandia, no norte de Fran\u00e7a, iniciando a opera\u00e7\u00e3o militar decisiva para a vit\u00f3ria dos aliados e para o fim da II.\u00aa Guerra Mundial.<\/p>\n<div class=\"article-desc readthis\">\n<p>Quase 200 mil soldados aliados e milhares de navios de guerra atravessaram o Canal da Mancha para defrontar a \u201cMuralha do Atl\u00e2ntico\u201d, a linha da defesa erguida pelos alem\u00e3es no norte de Fran\u00e7a.<\/p>\n<p>Apelidada de <strong>opera\u00e7\u00e3o Overlord<\/strong>, trata-se de uma das batalhas mais ic\u00f3nicas da Segunda Grande Guerra, tendo come\u00e7ado a incurs\u00e3o na frente oeste e a consequente press\u00e3o sobre as tropas de Hitler.<\/p>\n<article class=\"wp-block-group is-layout-constrained wp-block-group-is-layout-constrained\">\n<div class=\"entry-content wp-block-post-content is-layout-constrained wp-block-post-content-is-layout-constrained\">\n<p>O Presidente franc\u00eas, Emmanuel Macron, n\u00e3o poupou esfor\u00e7os e realizou comemora\u00e7\u00f5es que ficar\u00e3o para a posteridade, principalmente pela realidade geopol\u00edtica atual da Europa.<\/p>\n<p>Os veteranos\u00a0 recriaram os desembarques dos aliados nas praias do norte de Fran\u00e7a.<\/p>\n<div id=\"ionli-1435672122\" class=\"ionli-post-content-placeholder\">\n<div id=\"MPUPos1\" data-pub=\"appNexus\" data-pub-siteid=\"NEWSPLEX_Ionline\" data-pub-pageid=\"ARTICLE_Mundo\" data-pub-formatid=\"MPU\" data-pub-target=\"cpid=ARTICLE_Mundo;category=regresso-a-normandia-80-anos-depois-do-dia-d;slug=regresso-a-normandia-80-anos-depois-do-dia-d;slugid=20240607110203184384\" data-observer=\"true\" data-pub-counted=\"yes\" data-pub-processed=\"yes\" data-google-query-id=\"CMq-sbOryYYDFXdG9ggdvugxbg\" data-pub-rendered=\"yes\">\n<div id=\"google_ads_iframe_\/125049332\/NEWSPLEX_Ionline\/ARTICLE_Mundo\/MPU_0__container__\">Deslocaram-se tamb\u00e9m \u00e0 Normandia o Presidente americano, Joe Biden, o Rei Carlos III, o primeiro-ministro canadiano Justin Trudeau, o chanceler alem\u00e3o Olaf Scholz e ainda Volodymyr Zelenskyy.<\/div>\n<div><\/div>\n<\/div>\n<\/div>\n<div id=\"ionli-270019999\" class=\"ionli-article-script\">in https:\/\/ionline.sapo.pt\/2024\/06\/07\/regresso-a-normandia-80-anos-depois-do-dia-d\/<\/div>\n<\/div>\n<\/article>\n<\/div>\n        <div class=\"booster-block booster-reactions-block\">\r\n            <div class=\"twp-reactions-icons\">\r\n                \r\n                <div class=\"twp-reacts-wrap\">\r\n                    <a react-data=\"be-react-1\" post-id=\"2561\" class=\"be-face-icons un-reacted\" href=\"javascript:void(0)\">\r\n                        <img decoding=\"async\" src=\"https:\/\/jornaloassobio.pt\/wp-content\/plugins\/booster-extension\/\/assets\/icon\/happy.svg\" alt=\"Happy\">\r\n                    <\/a>\r\n                    <div class=\"twp-reaction-title\">\r\n                        Happy                    <\/div>\r\n                    <div class=\"twp-count-percent\">\r\n                                                    <span style=\"display: none;\" class=\"twp-react-count\">0<\/span>\r\n                        \r\n                                                <span class=\"twp-react-percent\"><span>0<\/span> %<\/span>\r\n                                            <\/div>\r\n                <\/div>\r\n\r\n                <div class=\"twp-reacts-wrap\">\r\n                    <a react-data=\"be-react-2\" post-id=\"2561\" class=\"be-face-icons un-reacted\" href=\"javascript:void(0)\">\r\n                        <img decoding=\"async\" src=\"https:\/\/jornaloassobio.pt\/wp-content\/plugins\/booster-extension\/\/assets\/icon\/sad.svg\" alt=\"Sad\">\r\n                    <\/a>\r\n                    <div class=\"twp-reaction-title\">\r\n                        Sad                    <\/div>\r\n                    <div class=\"twp-count-percent\">\r\n                                                    <span style=\"display: none;\" class=\"twp-react-count\">0<\/span>\r\n                                                                        <span class=\"twp-react-percent\"><span>0<\/span> %<\/span>\r\n                                            <\/div>\r\n                <\/div>\r\n\r\n                <div class=\"twp-reacts-wrap\">\r\n                    <a react-data=\"be-react-3\" post-id=\"2561\" class=\"be-face-icons un-reacted\" href=\"javascript:void(0)\">\r\n                        <img decoding=\"async\" src=\"https:\/\/jornaloassobio.pt\/wp-content\/plugins\/booster-extension\/\/assets\/icon\/excited.svg\" alt=\"Excited\">\r\n                    <\/a>\r\n                    <div class=\"twp-reaction-title\">\r\n                        Excited                    <\/div>\r\n                    <div class=\"twp-count-percent\">\r\n                                                    <span style=\"display: none;\" class=\"twp-react-count\">0<\/span>\r\n                                                                        <span class=\"twp-react-percent\"><span>0<\/span> %<\/span>\r\n                                            <\/div>\r\n                <\/div>\r\n\r\n                <div class=\"twp-reacts-wrap\">\r\n                    <a react-data=\"be-react-6\" post-id=\"2561\" class=\"be-face-icons un-reacted\" href=\"javascript:void(0)\">\r\n                        <img decoding=\"async\" src=\"https:\/\/jornaloassobio.pt\/wp-content\/plugins\/booster-extension\/\/assets\/icon\/sleepy.svg\" alt=\"Sleepy\">\r\n                    <\/a>\r\n                    <div class=\"twp-reaction-title\">\r\n                        Sleepy                    <\/div>\r\n                    <div class=\"twp-count-percent\">\r\n                                                    <span style=\"display: none;\" class=\"twp-react-count\">0<\/span>\r\n                        \r\n                                                <span class=\"twp-react-percent\"><span>0<\/span> %<\/span>\r\n                                            <\/div>\r\n                <\/div>\r\n\r\n                <div class=\"twp-reacts-wrap\">\r\n                    <a react-data=\"be-react-4\" post-id=\"2561\" class=\"be-face-icons un-reacted\" href=\"javascript:void(0)\">\r\n                        <img decoding=\"async\" src=\"https:\/\/jornaloassobio.pt\/wp-content\/plugins\/booster-extension\/\/assets\/icon\/angry.svg\" alt=\"Angry\">\r\n                    <\/a>\r\n                    <div class=\"twp-reaction-title\">Angry<\/div>\r\n                    <div class=\"twp-count-percent\">\r\n                                                    <span style=\"display: none;\" class=\"twp-react-count\">0<\/span>\r\n                                                                        <span class=\"twp-react-percent\"><span>0<\/span> %<\/span>\r\n                        \r\n                    <\/div>\r\n                <\/div>\r\n\r\n                <div class=\"twp-reacts-wrap\">\r\n                    <a react-data=\"be-react-5\" post-id=\"2561\" class=\"be-face-icons un-reacted\" href=\"javascript:void(0)\">\r\n                        <img decoding=\"async\" src=\"https:\/\/jornaloassobio.pt\/wp-content\/plugins\/booster-extension\/\/assets\/icon\/surprise.svg\" alt=\"Surprise\">\r\n                    <\/a>\r\n                    <div class=\"twp-reaction-title\">Surprise<\/div>\r\n                    <div class=\"twp-count-percent\">\r\n                                                    <span style=\"display: none;\" class=\"twp-react-count\">0<\/span>\r\n                                                                        <span class=\"twp-react-percent\"><span>0<\/span> %<\/span>\r\n                                            <\/div>\r\n                <\/div>\r\n\r\n            <\/div>\r\n        <\/div>\r\n\r\n    ","protected":false},"excerpt":{"rendered":"<p>No dia 6 de junho de 2024, celebraram-se 80 anos\u00a0 do Dia D, quando se deu o desembarque das tropas aliadas nas praias da Normandia, no norte de Fran\u00e7a, iniciando a opera\u00e7\u00e3o militar decisiva para a vit\u00f3ria dos aliados e para o fim da II.\u00aa Guerra Mundial. Quase 200 mil soldados aliados e milhares de [&hellip;]<\/p>\n","protected":false},"author":6,"featured_media":2565,"comment_status":"open","ping_status":"open","sticky":false,"template":"","format":"standard","meta":{"footnotes":""},"categories":[4],"tags":[],"class_list":["post-2561","post","type-post","status-publish","format-standard","has-post-thumbnail","hentry","category-noticias"],"_links":{"self":[{"href":"https:\/\/jornaloassobio.pt\/index.php?rest_route=\/wp\/v2\/posts\/2561","targetHints":{"allow":["GET"]}}],"collection":[{"href":"https:\/\/jornaloassobio.pt\/index.php?rest_route=\/wp\/v2\/posts"}],"about":[{"href":"https:\/\/jornaloassobio.pt\/index.php?rest_route=\/wp\/v2\/types\/post"}],"author":[{"embeddable":true,"href":"https:\/\/jornaloassobio.pt\/index.php?rest_route=\/wp\/v2\/users\/6"}],"replies":[{"embeddable":true,"href":"https:\/\/jornaloassobio.pt\/index.php?rest_route=%2Fwp%2Fv2%2Fcomments&post=2561"}],"version-history":[{"count":3,"href":"https:\/\/jornaloassobio.pt\/index.php?rest_route=\/wp\/v2\/posts\/2561\/revisions"}],"predecessor-version":[{"id":2566,"href":"https:\/\/jornaloassobio.pt\/index.php?rest_route=\/wp\/v2\/posts\/2561\/revisions\/2566"}],"wp:featuredmedia":[{"embeddable":true,"href":"https:\/\/jornaloassobio.pt\/index.php?rest_route=\/wp\/v2\/media\/2565"}],"wp:attachment":[{"href":"https:\/\/jornaloassobio.pt\/index.php?rest_route=%2Fwp%2Fv2%2Fmedia&parent=2561"}],"wp:term":[{"taxonomy":"category","embeddable":true,"href":"https:\/\/jornaloassobio.pt\/index.php?rest_route=%2Fwp%2Fv2%2Fcategories&post=2561"},{"taxonomy":"post_tag","embeddable":true,"href":"https:\/\/jornaloassobio.pt\/index.php?rest_route=%2Fwp%2Fv2%2Ftags&post=2561"}],"curies":[{"name":"wp","href":"https:\/\/api.w.org\/{rel}","templated":true}]}}