{"id":2576,"date":"2024-06-07T12:07:20","date_gmt":"2024-06-07T12:07:20","guid":{"rendered":"https:\/\/jornaloassobio.pt\/?p=2576"},"modified":"2024-06-07T12:07:38","modified_gmt":"2024-06-07T12:07:38","slug":"10-de-junho-dia-de-portugal-de-camoes-e-das-comunidades-portuguesas","status":"publish","type":"post","link":"https:\/\/jornaloassobio.pt\/?p=2576","title":{"rendered":"10 de Junho -Dia de Portugal, de Cam\u00f5es e das Comunidades Portuguesas"},"content":{"rendered":"<div class='booster-block booster-read-block'>\r\n                <div class=\"twp-read-time\">\r\n                \t<i class=\"booster-icon twp-clock\"><\/i> <span>Read Time:<\/span>1 Minute, 39 Second                <\/div>\r\n\r\n            <\/div><div class=\"clearfix d-block\">\n<div class=\"content-text\">\n<p>&nbsp;<\/p>\n<p><img loading=\"lazy\" decoding=\"async\" class=\"size-medium wp-image-2577 aligncenter\" src=\"https:\/\/jornaloassobio.pt\/wp-content\/uploads\/2024\/06\/18628832022_6e8d04ccef-300x144.jpg\" alt=\"\" width=\"300\" height=\"144\" srcset=\"https:\/\/jornaloassobio.pt\/wp-content\/uploads\/2024\/06\/18628832022_6e8d04ccef-300x144.jpg 300w, https:\/\/jornaloassobio.pt\/wp-content\/uploads\/2024\/06\/18628832022_6e8d04ccef.jpg 499w\" sizes=\"auto, (max-width: 300px) 100vw, 300px\" \/><\/p>\n<p>A primeira refer\u00eancia ao car\u00e1ter festivo do dia <strong>10 de Junho<\/strong> \u00e9 no ano de<strong> 1880<\/strong> por um decreto real de <strong>D. Lu\u00eds I<\/strong> que declara &#8220;<strong>Dia de Festa Nacional e de Grande Gala<\/strong>&#8221; para comemorar apenas nesse ano os 300 anos da hipot\u00e9tica data da morte de Lu\u00eds de Cam\u00f5es, <strong>10 de junho de 1580<\/strong>.<\/p>\n<p>Na sequ\u00eancia dos trabalhos legislativos, ap\u00f3s a <strong>Proclama\u00e7\u00e3o da Rep\u00fablica Portuguesa de 5 de Outubro de 1910<\/strong>, foi publicado um decreto em 12 de Outubro estipulando os feriados nacionais. Alguns feriados foram eliminados, particularmente os religiosos, de modo a diminuir a influ\u00eancia social da igreja cat\u00f3lica e laicizar o Estado.<\/p>\n<p>Neste decreto, ficaram consignados os feriados de 1 de Janeiro, Dia da Fraternidade Universal; 31 de Janeiro, que evocava a revolu\u00e7\u00e3o falhada no Porto, e portanto foi consagrado aos m\u00e1rtires da Rep\u00fablica; 5 de Outubro, Dia dos Her\u00f3is da Rep\u00fablica; 1 de Dezembro, o Dia da Autonomia (Restaura\u00e7\u00e3o da Independ\u00eancia) e o Dia da Bandeira; e 25 de Dezembro, que passou a ser considerado o Dia da Fam\u00edlia, laicizando a festa religiosa do Natal.<\/p>\n<p>O decreto de 12 de Junho dava ainda a possibilidade de os\u00a0concelhos\u00a0escolherem um dia do ano que representasse as suas festas tradicionais e municipais.<\/p>\n<p>A <strong>29 de agosto de 1919<\/strong>, atrav\u00e9s do decreto 17.171, passa a consagrar-se o <strong>dia 10 de junho como feriado naciona<\/strong>l.<\/p>\n<p>Durante o <strong>regime ditatorial do Estado Novo,<\/strong> de 1933 at\u00e9 \u00e0 Revolu\u00e7\u00e3o dos Cravos de 25 de abril de 1974, o dia 10 de junho era celebrado como o <strong>&#8220;Dia da Ra\u00e7a: a ra\u00e7a portuguesa ou os portugueses&#8221;.<\/strong><\/p>\n<p><strong>Ap\u00f3s a Revolu\u00e7\u00e3o do 25 de abril de 1974<\/strong>, que marcou o fim do regime ditatorial do Estado Novo, a celebra\u00e7\u00e3o do dia passou a prestar homenagem a <strong>Portugal, a Cam\u00f5es e \u00e0s Comunidades Portuguesas.<\/strong><\/p>\n<p>in https:\/\/www.oatual.pt\/noticias\/hoje-10-de-junho-celebra-se-o-dia-de-portugal-de-camoes-e-das-comunidades-portuguesas<\/p>\n<\/div>\n<\/div>\n<div class=\"section-title mt-5\">\n<h2>Comente esta not\u00edcia<\/h2>\n<\/div>\n        <div class=\"booster-block booster-reactions-block\">\r\n            <div class=\"twp-reactions-icons\">\r\n                \r\n                <div class=\"twp-reacts-wrap\">\r\n                    <a react-data=\"be-react-1\" post-id=\"2576\" class=\"be-face-icons un-reacted\" href=\"javascript:void(0)\">\r\n                        <img decoding=\"async\" src=\"https:\/\/jornaloassobio.pt\/wp-content\/plugins\/booster-extension\/\/assets\/icon\/happy.svg\" alt=\"Happy\">\r\n                    <\/a>\r\n                    <div class=\"twp-reaction-title\">\r\n                        Happy                    <\/div>\r\n                    <div class=\"twp-count-percent\">\r\n                                                    <span style=\"display: none;\" class=\"twp-react-count\">0<\/span>\r\n                        \r\n                                                <span class=\"twp-react-percent\"><span>0<\/span> %<\/span>\r\n                                            <\/div>\r\n                <\/div>\r\n\r\n                <div class=\"twp-reacts-wrap\">\r\n                    <a react-data=\"be-react-2\" post-id=\"2576\" class=\"be-face-icons un-reacted\" href=\"javascript:void(0)\">\r\n                        <img decoding=\"async\" src=\"https:\/\/jornaloassobio.pt\/wp-content\/plugins\/booster-extension\/\/assets\/icon\/sad.svg\" alt=\"Sad\">\r\n                    <\/a>\r\n                    <div class=\"twp-reaction-title\">\r\n                        Sad                    <\/div>\r\n                    <div class=\"twp-count-percent\">\r\n                                                    <span style=\"display: none;\" class=\"twp-react-count\">0<\/span>\r\n                                                                        <span class=\"twp-react-percent\"><span>0<\/span> %<\/span>\r\n                                            <\/div>\r\n                <\/div>\r\n\r\n                <div class=\"twp-reacts-wrap\">\r\n                    <a react-data=\"be-react-3\" post-id=\"2576\" class=\"be-face-icons un-reacted\" href=\"javascript:void(0)\">\r\n                        <img decoding=\"async\" src=\"https:\/\/jornaloassobio.pt\/wp-content\/plugins\/booster-extension\/\/assets\/icon\/excited.svg\" alt=\"Excited\">\r\n                    <\/a>\r\n                    <div class=\"twp-reaction-title\">\r\n                        Excited                    <\/div>\r\n                    <div class=\"twp-count-percent\">\r\n                                                    <span style=\"display: none;\" class=\"twp-react-count\">0<\/span>\r\n                                                                        <span class=\"twp-react-percent\"><span>0<\/span> %<\/span>\r\n                                            <\/div>\r\n                <\/div>\r\n\r\n                <div class=\"twp-reacts-wrap\">\r\n                    <a react-data=\"be-react-6\" post-id=\"2576\" class=\"be-face-icons un-reacted\" href=\"javascript:void(0)\">\r\n                        <img decoding=\"async\" src=\"https:\/\/jornaloassobio.pt\/wp-content\/plugins\/booster-extension\/\/assets\/icon\/sleepy.svg\" alt=\"Sleepy\">\r\n                    <\/a>\r\n                    <div class=\"twp-reaction-title\">\r\n                        Sleepy                    <\/div>\r\n                    <div class=\"twp-count-percent\">\r\n                                                    <span style=\"display: none;\" class=\"twp-react-count\">0<\/span>\r\n                        \r\n                                                <span class=\"twp-react-percent\"><span>0<\/span> %<\/span>\r\n                                            <\/div>\r\n                <\/div>\r\n\r\n                <div class=\"twp-reacts-wrap\">\r\n                    <a react-data=\"be-react-4\" post-id=\"2576\" class=\"be-face-icons un-reacted\" href=\"javascript:void(0)\">\r\n                        <img decoding=\"async\" src=\"https:\/\/jornaloassobio.pt\/wp-content\/plugins\/booster-extension\/\/assets\/icon\/angry.svg\" alt=\"Angry\">\r\n                    <\/a>\r\n                    <div class=\"twp-reaction-title\">Angry<\/div>\r\n                    <div class=\"twp-count-percent\">\r\n                                                    <span style=\"display: none;\" class=\"twp-react-count\">0<\/span>\r\n                                                                        <span class=\"twp-react-percent\"><span>0<\/span> %<\/span>\r\n                        \r\n                    <\/div>\r\n                <\/div>\r\n\r\n                <div class=\"twp-reacts-wrap\">\r\n                    <a react-data=\"be-react-5\" post-id=\"2576\" class=\"be-face-icons un-reacted\" href=\"javascript:void(0)\">\r\n                        <img decoding=\"async\" src=\"https:\/\/jornaloassobio.pt\/wp-content\/plugins\/booster-extension\/\/assets\/icon\/surprise.svg\" alt=\"Surprise\">\r\n                    <\/a>\r\n                    <div class=\"twp-reaction-title\">Surprise<\/div>\r\n                    <div class=\"twp-count-percent\">\r\n                                                    <span style=\"display: none;\" class=\"twp-react-count\">0<\/span>\r\n                                                                        <span class=\"twp-react-percent\"><span>0<\/span> %<\/span>\r\n                                            <\/div>\r\n                <\/div>\r\n\r\n            <\/div>\r\n        <\/div>\r\n\r\n    ","protected":false},"excerpt":{"rendered":"<p>&nbsp; A primeira refer\u00eancia ao car\u00e1ter festivo do dia 10 de Junho \u00e9 no ano de 1880 por um decreto real de D. Lu\u00eds I que declara &#8220;Dia de Festa Nacional e de Grande Gala&#8221; para comemorar apenas nesse ano os 300 anos da hipot\u00e9tica data da morte de Lu\u00eds de Cam\u00f5es, 10 de junho [&hellip;]<\/p>\n","protected":false},"author":6,"featured_media":2577,"comment_status":"open","ping_status":"open","sticky":false,"template":"","format":"standard","meta":{"footnotes":""},"categories":[4],"tags":[],"class_list":["post-2576","post","type-post","status-publish","format-standard","has-post-thumbnail","hentry","category-noticias"],"_links":{"self":[{"href":"https:\/\/jornaloassobio.pt\/index.php?rest_route=\/wp\/v2\/posts\/2576","targetHints":{"allow":["GET"]}}],"collection":[{"href":"https:\/\/jornaloassobio.pt\/index.php?rest_route=\/wp\/v2\/posts"}],"about":[{"href":"https:\/\/jornaloassobio.pt\/index.php?rest_route=\/wp\/v2\/types\/post"}],"author":[{"embeddable":true,"href":"https:\/\/jornaloassobio.pt\/index.php?rest_route=\/wp\/v2\/users\/6"}],"replies":[{"embeddable":true,"href":"https:\/\/jornaloassobio.pt\/index.php?rest_route=%2Fwp%2Fv2%2Fcomments&post=2576"}],"version-history":[{"count":3,"href":"https:\/\/jornaloassobio.pt\/index.php?rest_route=\/wp\/v2\/posts\/2576\/revisions"}],"predecessor-version":[{"id":2580,"href":"https:\/\/jornaloassobio.pt\/index.php?rest_route=\/wp\/v2\/posts\/2576\/revisions\/2580"}],"wp:featuredmedia":[{"embeddable":true,"href":"https:\/\/jornaloassobio.pt\/index.php?rest_route=\/wp\/v2\/media\/2577"}],"wp:attachment":[{"href":"https:\/\/jornaloassobio.pt\/index.php?rest_route=%2Fwp%2Fv2%2Fmedia&parent=2576"}],"wp:term":[{"taxonomy":"category","embeddable":true,"href":"https:\/\/jornaloassobio.pt\/index.php?rest_route=%2Fwp%2Fv2%2Fcategories&post=2576"},{"taxonomy":"post_tag","embeddable":true,"href":"https:\/\/jornaloassobio.pt\/index.php?rest_route=%2Fwp%2Fv2%2Ftags&post=2576"}],"curies":[{"name":"wp","href":"https:\/\/api.w.org\/{rel}","templated":true}]}}