{"id":2702,"date":"2024-07-07T14:07:00","date_gmt":"2024-07-07T14:07:00","guid":{"rendered":"https:\/\/jornaloassobio.pt\/?p=2702"},"modified":"2024-07-07T14:10:59","modified_gmt":"2024-07-07T14:10:59","slug":"margarida-correia-reporter-do-parlamento-dos-jovens-ensino-secundario-edicao-de-2024","status":"publish","type":"post","link":"https:\/\/jornaloassobio.pt\/?p=2702","title":{"rendered":"MARGARIDA CORREIA \u2013 Rep\u00f3rter do Parlamento dos Jovens &#8211; Ensino secund\u00e1rio &#8211; Edi\u00e7\u00e3o de 2024"},"content":{"rendered":"<div class='booster-block booster-read-block'>\r\n                <div class=\"twp-read-time\">\r\n                \t<i class=\"booster-icon twp-clock\"><\/i> <span>Read Time:<\/span>9 Minute, 11 Second                <\/div>\r\n\r\n            <\/div><table width=\"100%\">\n<tbody>\n<tr>\n<td>\n<p style=\"text-align: center;\">\u00a0 \u00a0<span style=\"font-family: inherit; font-size: inherit;\">\u00a0<\/span><img loading=\"lazy\" decoding=\"async\" class=\"alignnone size-medium wp-image-2706\" style=\"font-family: inherit; font-size: inherit;\" src=\"https:\/\/jornaloassobio.pt\/wp-content\/uploads\/2024\/07\/Imagem4-300x39.png\" alt=\"\" width=\"300\" height=\"39\" srcset=\"https:\/\/jornaloassobio.pt\/wp-content\/uploads\/2024\/07\/Imagem4-300x39.png 300w, https:\/\/jornaloassobio.pt\/wp-content\/uploads\/2024\/07\/Imagem4.png 566w\" sizes=\"auto, (max-width: 300px) 100vw, 300px\" \/>\u00a0 \u00a0 \u00a0 \u00a0 \u00a0 \u00a0 \u00a0 \u00a0 \u00a0 <img loading=\"lazy\" decoding=\"async\" class=\"alignnone wp-image-2705\" style=\"font-family: inherit; font-size: inherit;\" src=\"https:\/\/jornaloassobio.pt\/wp-content\/uploads\/2024\/07\/Imagem3.png\" alt=\"\" width=\"72\" height=\"39\" \/><\/p>\n<p style=\"text-align: center;\"><span style=\"text-align: center;\">MARGARIDA CORREIA \u2013 C\u00cdRCUL<\/span><span style=\"font-family: inherit; font-size: inherit; text-align: center;\">O ELEITORAL DE \u00c9VORA\u00a0<\/span><\/p>\n<\/td>\n<\/tr>\n<\/tbody>\n<\/table>\n<p style=\"text-align: center;\">PR\u00c9MIO REPORTAGEM<\/p>\n<p style=\"text-align: center;\">PARLAMENTO DOS JOVENS &#8211; Ensino secund\u00e1rio &#8211; 2024<\/p>\n<p><img loading=\"lazy\" decoding=\"async\" class=\"size-medium wp-image-2704 aligncenter\" style=\"text-align: center;\" src=\"https:\/\/jornaloassobio.pt\/wp-content\/uploads\/2024\/07\/Imagem2-227x300.jpg\" alt=\"\" width=\"227\" height=\"300\" srcset=\"https:\/\/jornaloassobio.pt\/wp-content\/uploads\/2024\/07\/Imagem2-227x300.jpg 227w, https:\/\/jornaloassobio.pt\/wp-content\/uploads\/2024\/07\/Imagem2.jpg 654w\" sizes=\"auto, (max-width: 227px) 100vw, 227px\" \/><\/p>\n<p>&nbsp;<\/p>\n<p style=\"text-align: center;\"><strong>A VOZ DOS JOVENS\u2026<\/strong><\/p>\n<p>Desde pequena que sempre gostei de falar e de ser ouvida, quando n\u00e3o me prestavam aten\u00e7\u00e3o eu batia com o p\u00e9 no ch\u00e3o e fazia uma birra, ora nem mais, n\u00e3o mudei nem um bocadinho e acho que n\u00e3o sou a \u00fanica jovem que \u00e9 assim.<\/p>\n<p>O Parlamento dos Jovens \u00e9 o projeto indicado para quem quer ser ouvido e mesmo para aqueles que n\u00e3o gostam muito de \u201caparecer ou mostrar a cara\u201d, pois vai lhes ajudar imenso na sua capacidade de dialogar com os outros, digo isto por experi\u00eancia pr\u00f3pria.\u00a0 A meu ver \u00e9 um projeto que tenta tornar a sociedade mais equitativa e inclusiva.<\/p>\n<p>Com este projeto, temos a prova ineg\u00e1vel de que os jovens est\u00e3o cada vez mais interessados e com vontade de ajudar e mudar, \u00e9 verdade que podemos ter falta de experi\u00eancia de vida e que ainda n\u00e3o vivenciamos quase nada a comparar com os adultos, no entanto tamb\u00e9m somos pessoas com VOZ e que as suas palavras e pensamentos s\u00e3o v\u00e1lidos e relevantes.<\/p>\n<p>A primeira vez que fiz parte deste projeto estava no 8\u00ba ano, decidi permanecer na mesa e fui secret\u00e1ria, n\u00e3o tinha coragem de falar e ficava bastante nervosa s\u00f3 de pensar em pessoas a olhar para mim, por\u00e9m com o tempo percebi que n\u00e3o h\u00e1 que ter medo em compartilhar a nossa opini\u00e3o com os outros.<\/p>\n<p>No 10\u00ba ano foi quando considerei fazer parte deste projeto de novo, e assim o fiz e n\u00e3o me arrependo de nada, pois n\u00e3o h\u00e1 melhor maneira de conhecer uma realidade do que a experiment\u00e1-la e assim o permite o Parlamento dos Jovens. Transmite-nos conhecimento, esp\u00edrito democr\u00e1tico, liberdade e acima de tudo o poder que os jovens t\u00eam durante um per\u00edodo de tempo para mostrar as suas mentes abertas e que conseguem dialogar e respeitar todas as perspetivas.<\/p>\n<p>N\u00f3s temos opini\u00e3o, ou\u00e7am-nos!<\/p>\n<p><img loading=\"lazy\" decoding=\"async\" class=\" wp-image-2708 aligncenter\" src=\"https:\/\/jornaloassobio.pt\/wp-content\/uploads\/2024\/07\/Imagem5-211x300.jpg\" alt=\"\" width=\"174\" height=\"247\" srcset=\"https:\/\/jornaloassobio.pt\/wp-content\/uploads\/2024\/07\/Imagem5-211x300.jpg 211w, https:\/\/jornaloassobio.pt\/wp-content\/uploads\/2024\/07\/Imagem5.jpg 248w\" sizes=\"auto, (max-width: 174px) 100vw, 174px\" \/><\/p>\n<p style=\"text-align: center;\"><strong>Sess\u00e3o Escolar <\/strong><\/p>\n<p>Foi em dezembro, que come\u00e7\u00e1mos a trocar ideias e propostas que representavam aquilo em que acreditamos. Todos estavam bastante empolgados com o projeto, um projeto que nos abriu portas a mais amplos e novos horizontes, que nos envolveu e inspirou de diversas maneiras e que representa a ess\u00eancia do nosso esp\u00edrito colaborativo e a vontade de fazer algo significativo para todos n\u00f3s.<\/p>\n<p>Cada passo dado e cada ideia partilhada foram sim importantes, mas o verdadeiro valor deste projeto \u00e9 o percurso que fizemos para chegar l\u00e1 e todos os momentos bons que lev\u00e1mos connosco.<\/p>\n<p>A Escola Secund\u00e1ria Severim de Faria teve a oportunidade de conseguir fazer um debate entre duas listas, a lista X, que era a que eu pertencia, e a lista A , e como podem imaginar, todos de uma certa forma, durante as semanas de campanha estiveram envolvidos com o projeto.<\/p>\n<p>Dia 22 de janeiro, decorreram as t\u00e3o aguardadas elei\u00e7\u00f5es para o Parlamento dos Jovens, tendo ganho as elei\u00e7\u00f5es a lista A com 17 votos de diferen\u00e7a da lista X, foi um grande momento de celebra\u00e7\u00e3o e reconhecimento pelo trabalho \u00e1rduo e dedica\u00e7\u00e3o de todos os envolvidos.<\/p>\n<p>No \u00e2mbito do projeto do Parlamento dos Jovens dia 4 de dezembro, recebemos um dos deputados eleitos pelo c\u00edrculo eleitoral de \u00c9vora, Dr. Capoulas Santos, no Audit\u00f3rio da Escola Severim de Faria, \u00e0s 10 horas, para um debate com os alunos acerca do tema.<\/p>\n<div id='gallery-1' class='gallery galleryid-2702 gallery-columns-3 gallery-size-thumbnail'><figure class='gallery-item'>\n\t\t\t<div class='gallery-icon landscape'>\n\t\t\t\t<a href='https:\/\/jornaloassobio.pt\/?attachment_id=2709'><img loading=\"lazy\" decoding=\"async\" width=\"150\" height=\"150\" src=\"https:\/\/jornaloassobio.pt\/wp-content\/uploads\/2024\/07\/Imagem6-150x150.jpg\" class=\"attachment-thumbnail size-thumbnail\" alt=\"\" \/><\/a>\n\t\t\t<\/div><\/figure><figure class='gallery-item'>\n\t\t\t<div class='gallery-icon portrait'>\n\t\t\t\t<a href='https:\/\/jornaloassobio.pt\/?attachment_id=2710'><img loading=\"lazy\" decoding=\"async\" width=\"150\" height=\"150\" src=\"https:\/\/jornaloassobio.pt\/wp-content\/uploads\/2024\/07\/Imagem7-150x150.jpg\" class=\"attachment-thumbnail size-thumbnail\" alt=\"\" \/><\/a>\n\t\t\t<\/div><\/figure><figure class='gallery-item'>\n\t\t\t<div class='gallery-icon portrait'>\n\t\t\t\t<a href='https:\/\/jornaloassobio.pt\/?attachment_id=2711'><img loading=\"lazy\" decoding=\"async\" width=\"150\" height=\"150\" src=\"https:\/\/jornaloassobio.pt\/wp-content\/uploads\/2024\/07\/Imagem8-150x150.png\" class=\"attachment-thumbnail size-thumbnail\" alt=\"\" \/><\/a>\n\t\t\t<\/div><\/figure>\n\t\t<\/div>\n\n<p style=\"text-align: center;\"><strong>Sess\u00e3o Distrital <\/strong><\/p>\n<p>No dia 19 de mar\u00e7o de 2024, os alunos vencedores das sess\u00f5es escolares das suas respectivas escolas, do distrito de \u00c9vora, dirigiram-se at\u00e9 \u00e0 Dire\u00e7\u00e3o Regional de Educa\u00e7\u00e3o do Alentejo (DGEsTE) para defenderem as suas medidas e representarem com severidade os colegas que os elegeram e a sua escola.<\/p>\n<p>A nossa escola, foi assim representada na sess\u00e3o por quatro deputados, tr\u00eas efetivos (Tom\u00e1s Lavouras, Ana Cabral, Margarida Correia) e um suplente (Manuel Rosado).<\/p>\n<p>Durante a manh\u00e3, os deputados envolveram-se num per\u00edodo de perguntas \u00e0 Senhora deputada, debates, na generalidade e na especialidade, onde discutiram e votaram as medidas a adotar como projeto-base, foi aqui que a Escola Secund\u00e1ria Conde de Monsaraz conseguiu ter as suas medidas aprovadas como projeto-base.<\/p>\n<p>Durante a tarde dividimo-nos em pequenos grupos para alterar ou inserir novas medidas no projeto-base.\u00a0 Ap\u00f3s o debate entre os grupos passou-se assim \u00e0 vota\u00e7\u00e3o das medidas que iriam para a sess\u00e3o nacional, \u00e0 elei\u00e7\u00e3o das escolas e do seu porta-voz, bem como da proposta de tema para a edi\u00e7\u00e3o do pr\u00f3ximo ano.<\/p>\n<p>Desta forma, foram eleitos os deputados Tom\u00e1s Lavouras e Ana Cabral, da Escola Secund\u00e1ria Severim de Faria, e os deputados Jo\u00e3o Val\u00e9rio e In\u00eas Almeida da Escola Secund\u00e1ria Rainha Santa Isabel.<\/p>\n<div id='gallery-2' class='gallery galleryid-2702 gallery-columns-2 gallery-size-thumbnail'><figure class='gallery-item'>\n\t\t\t<div class='gallery-icon landscape'>\n\t\t\t\t<a href='https:\/\/jornaloassobio.pt\/?attachment_id=2713'><img loading=\"lazy\" decoding=\"async\" width=\"150\" height=\"150\" src=\"https:\/\/jornaloassobio.pt\/wp-content\/uploads\/2024\/07\/Imagem10-150x150.jpg\" class=\"attachment-thumbnail size-thumbnail\" alt=\"\" \/><\/a>\n\t\t\t<\/div><\/figure><figure class='gallery-item'>\n\t\t\t<div class='gallery-icon landscape'>\n\t\t\t\t<a href='https:\/\/jornaloassobio.pt\/?attachment_id=2712'><img loading=\"lazy\" decoding=\"async\" width=\"150\" height=\"150\" src=\"https:\/\/jornaloassobio.pt\/wp-content\/uploads\/2024\/07\/Imagem9-150x150.jpg\" class=\"attachment-thumbnail size-thumbnail\" alt=\"\" \/><\/a>\n\t\t\t<\/div><\/figure>\n\t\t<\/div>\n\n<p style=\"text-align: center;\">MEDIDAS APROVADAS PARA A SESS\u00c3O NACIONAL<\/p>\n<ol>\n<li>Apostar na forma\u00e7\u00e3o de professores e no incentivo para a educa\u00e7\u00e3o.<\/li>\n<li>Inclus\u00e3o do ensino da L\u00edngua Gestual Portuguesa e de Braille no curr\u00edculo escolar, promovendo, tamb\u00e9m, uma melhoria das instala\u00e7\u00f5es escolares.<\/li>\n<li>Cria\u00e7\u00e3o de um meio de comunica\u00e7\u00e3o entre a Assembleia da Rep\u00fablica e os alunos.<\/li>\n<li>Modifica\u00e7\u00e3o do curr\u00edculo escolar, com maior incid\u00eancia em conhecimentos pr\u00e1ticos, com vista a desenvolver o sentido cr\u00edtico dos alunos.<\/li>\n<\/ol>\n<div id='gallery-3' class='gallery galleryid-2702 gallery-columns-2 gallery-size-thumbnail'><figure class='gallery-item'>\n\t\t\t<div class='gallery-icon landscape'>\n\t\t\t\t<a href='https:\/\/jornaloassobio.pt\/?attachment_id=2715'><img loading=\"lazy\" decoding=\"async\" width=\"150\" height=\"150\" src=\"https:\/\/jornaloassobio.pt\/wp-content\/uploads\/2024\/07\/Imagem12-150x150.jpg\" class=\"attachment-thumbnail size-thumbnail\" alt=\"\" \/><\/a>\n\t\t\t<\/div><\/figure><figure class='gallery-item'>\n\t\t\t<div class='gallery-icon portrait'>\n\t\t\t\t<a href='https:\/\/jornaloassobio.pt\/?attachment_id=2714'><img loading=\"lazy\" decoding=\"async\" width=\"150\" height=\"150\" src=\"https:\/\/jornaloassobio.pt\/wp-content\/uploads\/2024\/07\/Imagem11-150x150.jpg\" class=\"attachment-thumbnail size-thumbnail\" alt=\"\" \/><\/a>\n\t\t\t<\/div><\/figure>\n\t\t<\/div>\n\n<p style=\"text-align: center;\"><strong>Sess\u00e3o Nacional<\/strong><\/p>\n<p><em><u>\u00a0<\/u><\/em><em><u>1\u00ba Dia da Sess\u00e3o Nacional<\/u><\/em><\/p>\n<p>Chegou assim o dia que todos os jovens deputados aguardaram ansiosamente, o dia da Sess\u00e3o Nacional. Todos pretendem ter um grande impacto de modo a fazer-se ouvir a sua voz pelo nosso pa\u00eds e representarem toda a nossa gera\u00e7\u00e3o e os dilemas que esta enfrenta.<\/p>\n<p>27 de maio de 2024 foi o dia em que tivemos o primeiro contacto com a Assembleia da Rep\u00fablica, foi sem d\u00favida um dia inesquec\u00edvel para n\u00f3s e para muitos jovens. Cheg\u00e1mos por volta das 13:00, super ansiosos, mas acima de tudo felizes e orgulhosos, um orgulho que sent\u00edamos por n\u00f3s e pela nossa escola, porque \u00e9 verdade que, n\u00e3o nos podemos esquecer que pass\u00e1mos por v\u00e1rias e exigentes etapas, e aqui h\u00e1 que enaltecer todo o trabalho realizado ao longo do projeto, um projeto que sempre nos iremos recordar, n\u00e3o s\u00f3 pela sua Democracia, mas tamb\u00e9m pela sua Cidadania e oportunidade de se fazerem ouvir os jovens.<\/p>\n<div id='gallery-4' class='gallery galleryid-2702 gallery-columns-2 gallery-size-thumbnail'><figure class='gallery-item'>\n\t\t\t<div class='gallery-icon landscape'>\n\t\t\t\t<a href='https:\/\/jornaloassobio.pt\/?attachment_id=2716'><img loading=\"lazy\" decoding=\"async\" width=\"150\" height=\"150\" src=\"https:\/\/jornaloassobio.pt\/wp-content\/uploads\/2024\/07\/Imagem13-150x150.jpg\" class=\"attachment-thumbnail size-thumbnail\" alt=\"\" \/><\/a>\n\t\t\t<\/div><\/figure><figure class='gallery-item'>\n\t\t\t<div class='gallery-icon portrait'>\n\t\t\t\t<a href='https:\/\/jornaloassobio.pt\/?attachment_id=2717'><img loading=\"lazy\" decoding=\"async\" width=\"150\" height=\"150\" src=\"https:\/\/jornaloassobio.pt\/wp-content\/uploads\/2024\/07\/Imagem14-150x150.jpg\" class=\"attachment-thumbnail size-thumbnail\" alt=\"\" \/><\/a>\n\t\t\t<\/div><\/figure>\n\t\t<\/div>\n\n<p>Ap\u00f3s a chegada dos deputados, professores, jornalistas e todos os envolvidos \u00e0 Casa da Democracia, os c\u00edrculos eleitorais foram divididos em quatro comiss\u00f5es, permaneceu o nosso c\u00edrculo eleitoral na 1\u00aa comiss\u00e3o.<\/p>\n<p>Esta sess\u00e3o decisiva \u00e9 onde os jovens deputados representantes de cada c\u00edrculo eleitoral se re\u00fanem com a inten\u00e7\u00e3o de aprovar a Recomenda\u00e7\u00e3o final \u00e0 Assembleia da Rep\u00fablica sobre o tema \u201cVIVER ABRIL NA EDUCA\u00c7\u00c3O: caminhos para uma escola participativa e plural\u201d.<\/p>\n<p>Enquanto os deputados se dirigiam para as suas comiss\u00f5es e davam in\u00edcio \u00e0s sess\u00f5es, os jornalistas usufru\u00edram de uma visita pela Assembleia da Rep\u00fablica. Durante a visita, vimos pela primeira vez a sala do Parlamento, atent\u00e1mos igualmente \u00e0 explica\u00e7\u00e3o de como iria decorrer o debate do dia seguinte e tir\u00e1mos d\u00favidas com a orientadora dos jornalistas.<\/p>\n<div id='gallery-5' class='gallery galleryid-2702 gallery-columns-3 gallery-size-thumbnail'><figure class='gallery-item'>\n\t\t\t<div class='gallery-icon portrait'>\n\t\t\t\t<a href='https:\/\/jornaloassobio.pt\/?attachment_id=2719'><img loading=\"lazy\" decoding=\"async\" width=\"150\" height=\"150\" src=\"https:\/\/jornaloassobio.pt\/wp-content\/uploads\/2024\/07\/Imagem15-150x150.jpg\" class=\"attachment-thumbnail size-thumbnail\" alt=\"\" \/><\/a>\n\t\t\t<\/div><\/figure><figure class='gallery-item'>\n\t\t\t<div class='gallery-icon portrait'>\n\t\t\t\t<a href='https:\/\/jornaloassobio.pt\/?attachment_id=2720'><img loading=\"lazy\" decoding=\"async\" width=\"150\" height=\"150\" src=\"https:\/\/jornaloassobio.pt\/wp-content\/uploads\/2024\/07\/Imagem16-150x150.jpg\" class=\"attachment-thumbnail size-thumbnail\" alt=\"\" \/><\/a>\n\t\t\t<\/div><\/figure><figure class='gallery-item'>\n\t\t\t<div class='gallery-icon portrait'>\n\t\t\t\t<a href='https:\/\/jornaloassobio.pt\/?attachment_id=2721'><img loading=\"lazy\" decoding=\"async\" width=\"150\" height=\"150\" src=\"https:\/\/jornaloassobio.pt\/wp-content\/uploads\/2024\/07\/Imagem17-150x150.jpg\" class=\"attachment-thumbnail size-thumbnail\" alt=\"\" \/><\/a>\n\t\t\t<\/div><\/figure>\n\t\t<\/div>\n\n<p>De seguida fomos conduzidos para as salas onde estavam a decorrer as quatro comiss\u00f5es do Parlamento dos Jovens.<\/p>\n<p>Presenci\u00e1mos, assim, debates na generalidade e especialidade, sobre os Projetos de Recomenda\u00e7\u00e3o aprovados nos diversos c\u00edrculos eleitorais, conseguiu-se perceber o entusiasmo dos deputados a defender, a argumentar e a contra argumentar as suas medidas.<\/p>\n<p>As discuss\u00f5es foram protagonizadas pelos deputados do Parlamento dos Jovens e coordenadas por deputados da Assembleia da Rep\u00fablica, os deputados respons\u00e1veis pela 1\u00aa comiss\u00e3o, a do nosso c\u00edrculo eleitoral, foram a Senhora deputada Eva Br\u00e1s Pinho do PSD e o Senhor deputado Daniel Teixeira do CH.<\/p>\n<div id='gallery-6' class='gallery galleryid-2702 gallery-columns-4 gallery-size-thumbnail'><figure class='gallery-item'>\n\t\t\t<div class='gallery-icon portrait'>\n\t\t\t\t<a href='https:\/\/jornaloassobio.pt\/?attachment_id=2722'><img loading=\"lazy\" decoding=\"async\" width=\"150\" height=\"150\" src=\"https:\/\/jornaloassobio.pt\/wp-content\/uploads\/2024\/07\/Imagem18-150x150.jpg\" class=\"attachment-thumbnail size-thumbnail\" alt=\"\" \/><\/a>\n\t\t\t<\/div><\/figure><figure class='gallery-item'>\n\t\t\t<div class='gallery-icon portrait'>\n\t\t\t\t<a href='https:\/\/jornaloassobio.pt\/?attachment_id=2723'><img loading=\"lazy\" decoding=\"async\" width=\"150\" height=\"150\" src=\"https:\/\/jornaloassobio.pt\/wp-content\/uploads\/2024\/07\/Imagem19-150x150.jpg\" class=\"attachment-thumbnail size-thumbnail\" alt=\"\" \/><\/a>\n\t\t\t<\/div><\/figure><figure class='gallery-item'>\n\t\t\t<div class='gallery-icon portrait'>\n\t\t\t\t<a href='https:\/\/jornaloassobio.pt\/?attachment_id=2724'><img loading=\"lazy\" decoding=\"async\" width=\"150\" height=\"150\" src=\"https:\/\/jornaloassobio.pt\/wp-content\/uploads\/2024\/07\/Imagem20-150x150.jpg\" class=\"attachment-thumbnail size-thumbnail\" alt=\"\" \/><\/a>\n\t\t\t<\/div><\/figure><figure class='gallery-item'>\n\t\t\t<div class='gallery-icon portrait'>\n\t\t\t\t<a href='https:\/\/jornaloassobio.pt\/?attachment_id=2725'><img loading=\"lazy\" decoding=\"async\" width=\"150\" height=\"150\" src=\"https:\/\/jornaloassobio.pt\/wp-content\/uploads\/2024\/07\/Imagem21-150x150.jpg\" class=\"attachment-thumbnail size-thumbnail\" alt=\"\" \/><\/a>\n\t\t\t<\/div><\/figure>\n\t\t<\/div>\n\n<p>O lanche do intervalo ajudou a todos a relaxar e a conviver um pouco, ocorrendo de seguida a discuss\u00e3o na especialidade, sobre o que reformular em cada medida do projeto vencedor, podendo-se adicionar ou alterar propostas. Procedeu-se, ent\u00e3o, \u00e0 reda\u00e7\u00e3o final Projeto de Recomenda\u00e7\u00e3o de cada Comiss\u00e3o e foram, tamb\u00e9m, selecionadas as perguntas destinadas aos deputados da Assembleia da Rep\u00fablica no Plen\u00e1rio.<\/p>\n<p>Ao final do dia, realizou-se um programa cultural de teatro na Sala do Senado, que n\u00e3o s\u00f3 permitiu a quebra da seriedade e intensidade do dia, como tamb\u00e9m tornou a experi\u00eancia mais divertida e din\u00e2mica.<\/p>\n<p><img loading=\"lazy\" decoding=\"async\" class=\" wp-image-2726 aligncenter\" src=\"https:\/\/jornaloassobio.pt\/wp-content\/uploads\/2024\/07\/Imagem22-263x300.jpg\" alt=\"\" width=\"215\" height=\"245\" srcset=\"https:\/\/jornaloassobio.pt\/wp-content\/uploads\/2024\/07\/Imagem22-263x300.jpg 263w, https:\/\/jornaloassobio.pt\/wp-content\/uploads\/2024\/07\/Imagem22-768x875.jpg 768w, https:\/\/jornaloassobio.pt\/wp-content\/uploads\/2024\/07\/Imagem22.jpg 870w\" sizes=\"auto, (max-width: 215px) 100vw, 215px\" \/><\/p>\n<p><em><u>2\u00ba dia da sess\u00e3o nacional<\/u><\/em><\/p>\n<p>Na manh\u00e3 do segundo dia, aguard\u00e1mos na Sala do Senado e foi iniciada a Sess\u00e3o pela Presidente da Mesa, Ana Rita Veiga e os restantes membros da mesa. Introduzindo-se assim o per\u00edodo de perguntas aos deputados da Assembleia; foram \u00f3timas intera\u00e7\u00f5es, abordando assuntos pertinentes, que deram sentido \u00e0 viagem democr\u00e1tica que todos realiz\u00e1mos ao longo dos meses.<\/p>\n<div id='gallery-7' class='gallery galleryid-2702 gallery-columns-3 gallery-size-thumbnail'><figure class='gallery-item'>\n\t\t\t<div class='gallery-icon portrait'>\n\t\t\t\t<a href='https:\/\/jornaloassobio.pt\/?attachment_id=2727'><img loading=\"lazy\" decoding=\"async\" width=\"150\" height=\"150\" src=\"https:\/\/jornaloassobio.pt\/wp-content\/uploads\/2024\/07\/Imagem23-150x150.jpg\" class=\"attachment-thumbnail size-thumbnail\" alt=\"\" \/><\/a>\n\t\t\t<\/div><\/figure><figure class='gallery-item'>\n\t\t\t<div class='gallery-icon landscape'>\n\t\t\t\t<a href='https:\/\/jornaloassobio.pt\/?attachment_id=2728'><img loading=\"lazy\" decoding=\"async\" width=\"150\" height=\"150\" src=\"https:\/\/jornaloassobio.pt\/wp-content\/uploads\/2024\/07\/Imagem24-150x150.jpg\" class=\"attachment-thumbnail size-thumbnail\" alt=\"\" \/><\/a>\n\t\t\t<\/div><\/figure><figure class='gallery-item'>\n\t\t\t<div class='gallery-icon landscape'>\n\t\t\t\t<a href='https:\/\/jornaloassobio.pt\/?attachment_id=2729'><img loading=\"lazy\" decoding=\"async\" width=\"150\" height=\"150\" src=\"https:\/\/jornaloassobio.pt\/wp-content\/uploads\/2024\/07\/Imagem25-150x150.png\" class=\"attachment-thumbnail size-thumbnail\" alt=\"\" \/><\/a>\n\t\t\t<\/div><\/figure>\n\t\t<\/div>\n\n<p>Iniciou-se a sess\u00e3o de debate, na qual foram objeto de aprecia\u00e7\u00e3o e cr\u00edtica as medidas e os projetos de recomenda\u00e7\u00e3o resultantes das reuni\u00f5es das comiss\u00f5es, destacando-se o senso pol\u00edtico, o bom civismo e o respeito pelas in\u00fameras interven\u00e7\u00f5es dos jovens deputado.<\/p>\n<p><img loading=\"lazy\" decoding=\"async\" class=\" wp-image-2730 aligncenter\" src=\"https:\/\/jornaloassobio.pt\/wp-content\/uploads\/2024\/07\/Imagem26-300x131.png\" alt=\"\" width=\"407\" height=\"178\" srcset=\"https:\/\/jornaloassobio.pt\/wp-content\/uploads\/2024\/07\/Imagem26-300x131.png 300w, https:\/\/jornaloassobio.pt\/wp-content\/uploads\/2024\/07\/Imagem26-768x334.png 768w, https:\/\/jornaloassobio.pt\/wp-content\/uploads\/2024\/07\/Imagem26.png 781w\" sizes=\"auto, (max-width: 407px) 100vw, 407px\" \/><\/p>\n<p>No decorrer do debate para a aprova\u00e7\u00e3o do Projeto de Recomenda\u00e7\u00e3o final para a Assembleia da Rep\u00fablica, os jornalistas foram encaminhados em dire\u00e7\u00e3o ao Sal\u00e3o Nobre, a fim de entrevistar os deputados que os c\u00edrculos eleitorais fizeram quest\u00f5es, deputados como Miguel Costa Matos, Rita Matias, Joana M\u00f3rtagua, Jorge Pinto, In\u00eas de Sousa Real, entre outros, trocando opini\u00f5es sobre temas atuais e esperan\u00e7as para o futuro, foi um momento e oportunidade bastante enriquecedor.<\/p>\n<p>Ap\u00f3s o almo\u00e7o, realizou-se uma confer\u00eancia de imprensa com a Presidente Da Comiss\u00e3o da Educa\u00e7\u00e3o e Ci\u00eancia, Manuela Tender, que atenciosamente respondeu \u00e0s nossas quest\u00f5es, despertando admira\u00e7\u00e3o e empatia, pela sua partilha de conhecimento e viv\u00eancias.<\/p>\n<div id='gallery-8' class='gallery galleryid-2702 gallery-columns-2 gallery-size-thumbnail'><figure class='gallery-item'>\n\t\t\t<div class='gallery-icon landscape'>\n\t\t\t\t<a href='https:\/\/jornaloassobio.pt\/?attachment_id=2731'><img loading=\"lazy\" decoding=\"async\" width=\"150\" height=\"150\" src=\"https:\/\/jornaloassobio.pt\/wp-content\/uploads\/2024\/07\/Imagem27-150x150.png\" class=\"attachment-thumbnail size-thumbnail\" alt=\"\" \/><\/a>\n\t\t\t<\/div><\/figure><figure class='gallery-item'>\n\t\t\t<div class='gallery-icon landscape'>\n\t\t\t\t<a href='https:\/\/jornaloassobio.pt\/?attachment_id=2732'><img loading=\"lazy\" decoding=\"async\" width=\"150\" height=\"150\" src=\"https:\/\/jornaloassobio.pt\/wp-content\/uploads\/2024\/07\/Imagem28-150x150.png\" class=\"attachment-thumbnail size-thumbnail\" alt=\"\" \/><\/a>\n\t\t\t<\/div><\/figure>\n\t\t<\/div>\n\n<p>Regress\u00e1mos \u00e0 Sala da Sess\u00e3o, ap\u00f3s a confer\u00eancia de imprensa, enquanto os deputados debatiam as medidas aprovadas nas Comiss\u00f5es, com o prop\u00f3sito de estruturar a Recomenda\u00e7\u00e3o Final \u00e0 Assembleia da Rep\u00fablica.<\/p>\n<p>A sess\u00e3o de encerramento reuniu as interven\u00e7\u00f5es e discursos finais dos Porta-Vozes de cada C\u00edrculo Eleitoral, que dirigiram palavras calorosas \u00e0 assembleia e aos membros da Mesa, que estavam muito orgulhosos com todo o trabalho que fora desempenhado. No final, todos os presentes em un\u00edssono uniram-se cantam o Hino Nacional criando um momento de grande emo\u00e7\u00e3o e de uni\u00e3o.<\/p>\n<p>Com o esfor\u00e7o e dedica\u00e7\u00e3o de todos, resultou um projeto de recomenda\u00e7\u00e3o que refletiu tudo aquilo que os jovens procuravam defender.<\/p>\n<p>\u00c9 necess\u00e1rio referir que estas iniciativas s\u00e3o extremamente enriquecedoras, uma vez que nos permitem n\u00e3o s\u00f3 mostrar o processo governativo do nosso pa\u00eds como tamb\u00e9m incentivar os jovens a terem uma participa\u00e7\u00e3o pol\u00edtica e c\u00edvica t\u00e3o urgente na atualidade , \u00e9 importante ter jovens que se preocupam com a sociedade em que vivem, que pensam e que refletem sobre ela.<\/p>\n<div id='gallery-9' class='gallery galleryid-2702 gallery-columns-3 gallery-size-thumbnail'><figure class='gallery-item'>\n\t\t\t<div class='gallery-icon portrait'>\n\t\t\t\t<a href='https:\/\/jornaloassobio.pt\/?attachment_id=2733'><img loading=\"lazy\" decoding=\"async\" width=\"150\" height=\"150\" src=\"https:\/\/jornaloassobio.pt\/wp-content\/uploads\/2024\/07\/Imagem29-150x150.jpg\" class=\"attachment-thumbnail size-thumbnail\" alt=\"\" \/><\/a>\n\t\t\t<\/div><\/figure><figure class='gallery-item'>\n\t\t\t<div class='gallery-icon portrait'>\n\t\t\t\t<a href='https:\/\/jornaloassobio.pt\/?attachment_id=2734'><img loading=\"lazy\" decoding=\"async\" width=\"150\" height=\"150\" src=\"https:\/\/jornaloassobio.pt\/wp-content\/uploads\/2024\/07\/Imagem30-150x150.jpg\" class=\"attachment-thumbnail size-thumbnail\" alt=\"\" \/><\/a>\n\t\t\t<\/div><\/figure><figure class='gallery-item'>\n\t\t\t<div class='gallery-icon portrait'>\n\t\t\t\t<a href='https:\/\/jornaloassobio.pt\/?attachment_id=2735'><img loading=\"lazy\" decoding=\"async\" width=\"150\" height=\"150\" src=\"https:\/\/jornaloassobio.pt\/wp-content\/uploads\/2024\/07\/Imagem31-150x150.jpg\" class=\"attachment-thumbnail size-thumbnail\" alt=\"\" \/><\/a>\n\t\t\t<\/div><\/figure>\n\t\t<\/div>\n\n<p>Em conclus\u00e3o, resta-me agradecer a todos os que tornaram estes momentos poss\u00edveis, durante todas as fases do projeto, um especial obrigado \u00e0s professoras Manuela Ramalho e Rosa Punilhas que sempre nos ajudaram e apoiaram e aos meus restantes colegas, foi com certeza uma das melhores experi\u00eancias que vivi e que levo muitos momentos felizes e aprendizagens \u00fanicas.<\/p>\n<p style=\"text-align: right;\">Margarida Correia<\/p>\n<p><img loading=\"lazy\" decoding=\"async\" class=\"size-full wp-image-2703 aligncenter\" src=\"https:\/\/jornaloassobio.pt\/wp-content\/uploads\/2024\/07\/Cravo.png\" alt=\"\" width=\"93\" height=\"117\" \/><\/p>\n        <div class=\"booster-block booster-reactions-block\">\r\n            <div class=\"twp-reactions-icons\">\r\n                \r\n                <div class=\"twp-reacts-wrap\">\r\n                    <a react-data=\"be-react-1\" post-id=\"2702\" class=\"be-face-icons un-reacted\" href=\"javascript:void(0)\">\r\n                        <img decoding=\"async\" src=\"https:\/\/jornaloassobio.pt\/wp-content\/plugins\/booster-extension\/\/assets\/icon\/happy.svg\" alt=\"Happy\">\r\n                    <\/a>\r\n                    <div class=\"twp-reaction-title\">\r\n                        Happy                    <\/div>\r\n                    <div class=\"twp-count-percent\">\r\n                                                    <span style=\"display: none;\" class=\"twp-react-count\">0<\/span>\r\n                        \r\n                                                <span class=\"twp-react-percent\"><span>0<\/span> %<\/span>\r\n                                            <\/div>\r\n                <\/div>\r\n\r\n                <div class=\"twp-reacts-wrap\">\r\n                    <a react-data=\"be-react-2\" post-id=\"2702\" class=\"be-face-icons un-reacted\" href=\"javascript:void(0)\">\r\n                        <img decoding=\"async\" src=\"https:\/\/jornaloassobio.pt\/wp-content\/plugins\/booster-extension\/\/assets\/icon\/sad.svg\" alt=\"Sad\">\r\n                    <\/a>\r\n                    <div class=\"twp-reaction-title\">\r\n                        Sad                    <\/div>\r\n                    <div class=\"twp-count-percent\">\r\n                                                    <span style=\"display: none;\" class=\"twp-react-count\">0<\/span>\r\n                                                                        <span class=\"twp-react-percent\"><span>0<\/span> %<\/span>\r\n                                            <\/div>\r\n                <\/div>\r\n\r\n                <div class=\"twp-reacts-wrap\">\r\n                    <a react-data=\"be-react-3\" post-id=\"2702\" class=\"be-face-icons un-reacted\" href=\"javascript:void(0)\">\r\n                        <img decoding=\"async\" src=\"https:\/\/jornaloassobio.pt\/wp-content\/plugins\/booster-extension\/\/assets\/icon\/excited.svg\" alt=\"Excited\">\r\n                    <\/a>\r\n                    <div class=\"twp-reaction-title\">\r\n                        Excited                    <\/div>\r\n                    <div class=\"twp-count-percent\">\r\n                                                    <span style=\"display: none;\" class=\"twp-react-count\">0<\/span>\r\n                                                                        <span class=\"twp-react-percent\"><span>0<\/span> %<\/span>\r\n                                            <\/div>\r\n                <\/div>\r\n\r\n                <div class=\"twp-reacts-wrap\">\r\n                    <a react-data=\"be-react-6\" post-id=\"2702\" class=\"be-face-icons un-reacted\" href=\"javascript:void(0)\">\r\n                        <img decoding=\"async\" src=\"https:\/\/jornaloassobio.pt\/wp-content\/plugins\/booster-extension\/\/assets\/icon\/sleepy.svg\" alt=\"Sleepy\">\r\n                    <\/a>\r\n                    <div class=\"twp-reaction-title\">\r\n                        Sleepy                    <\/div>\r\n                    <div class=\"twp-count-percent\">\r\n                                                    <span style=\"display: none;\" class=\"twp-react-count\">0<\/span>\r\n                        \r\n                                                <span class=\"twp-react-percent\"><span>0<\/span> %<\/span>\r\n                                            <\/div>\r\n                <\/div>\r\n\r\n                <div class=\"twp-reacts-wrap\">\r\n                    <a react-data=\"be-react-4\" post-id=\"2702\" class=\"be-face-icons un-reacted\" href=\"javascript:void(0)\">\r\n                        <img decoding=\"async\" src=\"https:\/\/jornaloassobio.pt\/wp-content\/plugins\/booster-extension\/\/assets\/icon\/angry.svg\" alt=\"Angry\">\r\n                    <\/a>\r\n                    <div class=\"twp-reaction-title\">Angry<\/div>\r\n                    <div class=\"twp-count-percent\">\r\n                                                    <span style=\"display: none;\" class=\"twp-react-count\">0<\/span>\r\n                                                                        <span class=\"twp-react-percent\"><span>0<\/span> %<\/span>\r\n                        \r\n                    <\/div>\r\n                <\/div>\r\n\r\n                <div class=\"twp-reacts-wrap\">\r\n                    <a react-data=\"be-react-5\" post-id=\"2702\" class=\"be-face-icons un-reacted\" href=\"javascript:void(0)\">\r\n                        <img decoding=\"async\" src=\"https:\/\/jornaloassobio.pt\/wp-content\/plugins\/booster-extension\/\/assets\/icon\/surprise.svg\" alt=\"Surprise\">\r\n                    <\/a>\r\n                    <div class=\"twp-reaction-title\">Surprise<\/div>\r\n                    <div class=\"twp-count-percent\">\r\n                                                    <span style=\"display: none;\" class=\"twp-react-count\">0<\/span>\r\n                                                                        <span class=\"twp-react-percent\"><span>0<\/span> %<\/span>\r\n                                            <\/div>\r\n                <\/div>\r\n\r\n            <\/div>\r\n        <\/div>\r\n\r\n    ","protected":false},"excerpt":{"rendered":"<p>\u00a0 \u00a0\u00a0\u00a0 \u00a0 \u00a0 \u00a0 \u00a0 \u00a0 \u00a0 \u00a0 \u00a0 MARGARIDA CORREIA \u2013 C\u00cdRCULO ELEITORAL DE \u00c9VORA\u00a0 PR\u00c9MIO REPORTAGEM PARLAMENTO DOS JOVENS &#8211; Ensino secund\u00e1rio &#8211; 2024 &nbsp; A VOZ DOS JOVENS\u2026 Desde pequena que sempre gostei de falar e de ser ouvida, quando n\u00e3o me prestavam aten\u00e7\u00e3o eu batia com o p\u00e9 no ch\u00e3o [&hellip;]<\/p>\n","protected":false},"author":5,"featured_media":2704,"comment_status":"open","ping_status":"open","sticky":false,"template":"","format":"standard","meta":{"footnotes":""},"categories":[4],"tags":[],"class_list":["post-2702","post","type-post","status-publish","format-standard","has-post-thumbnail","hentry","category-noticias"],"_links":{"self":[{"href":"https:\/\/jornaloassobio.pt\/index.php?rest_route=\/wp\/v2\/posts\/2702","targetHints":{"allow":["GET"]}}],"collection":[{"href":"https:\/\/jornaloassobio.pt\/index.php?rest_route=\/wp\/v2\/posts"}],"about":[{"href":"https:\/\/jornaloassobio.pt\/index.php?rest_route=\/wp\/v2\/types\/post"}],"author":[{"embeddable":true,"href":"https:\/\/jornaloassobio.pt\/index.php?rest_route=\/wp\/v2\/users\/5"}],"replies":[{"embeddable":true,"href":"https:\/\/jornaloassobio.pt\/index.php?rest_route=%2Fwp%2Fv2%2Fcomments&post=2702"}],"version-history":[{"count":7,"href":"https:\/\/jornaloassobio.pt\/index.php?rest_route=\/wp\/v2\/posts\/2702\/revisions"}],"predecessor-version":[{"id":2740,"href":"https:\/\/jornaloassobio.pt\/index.php?rest_route=\/wp\/v2\/posts\/2702\/revisions\/2740"}],"wp:featuredmedia":[{"embeddable":true,"href":"https:\/\/jornaloassobio.pt\/index.php?rest_route=\/wp\/v2\/media\/2704"}],"wp:attachment":[{"href":"https:\/\/jornaloassobio.pt\/index.php?rest_route=%2Fwp%2Fv2%2Fmedia&parent=2702"}],"wp:term":[{"taxonomy":"category","embeddable":true,"href":"https:\/\/jornaloassobio.pt\/index.php?rest_route=%2Fwp%2Fv2%2Fcategories&post=2702"},{"taxonomy":"post_tag","embeddable":true,"href":"https:\/\/jornaloassobio.pt\/index.php?rest_route=%2Fwp%2Fv2%2Ftags&post=2702"}],"curies":[{"name":"wp","href":"https:\/\/api.w.org\/{rel}","templated":true}]}}