{"id":2760,"date":"2024-07-23T18:14:39","date_gmt":"2024-07-23T18:14:39","guid":{"rendered":"https:\/\/jornaloassobio.pt\/?p=2760"},"modified":"2024-07-23T18:33:56","modified_gmt":"2024-07-23T18:33:56","slug":"participacao-do-agrupamento-de-escolas-severim-de-faria-na-feira-de-s-joao-2024","status":"publish","type":"post","link":"https:\/\/jornaloassobio.pt\/?p=2760","title":{"rendered":"Participa\u00e7\u00e3o do Agrupamento de Escolas Severim de Faria na Feira de S. Jo\u00e3o, 2024"},"content":{"rendered":"<div class='booster-block booster-read-block'>\r\n                <div class=\"twp-read-time\">\r\n                \t<i class=\"booster-icon twp-clock\"><\/i> <span>Read Time:<\/span>1 Minute, 9 Second                <\/div>\r\n\r\n            <\/div><p>No dia 24 de junho, dia de S. Jo\u00e3o, que d\u00e1 nome \u00e0 feira anual da cidade, o <strong>Grupo Borderless<\/strong> apresentou um espet\u00e1culo de dan\u00e7a no palco pequeno, do Espa\u00e7o Jovem no Jardim P\u00fablico.<\/p>\n<div id='gallery-1' class='gallery galleryid-2760 gallery-columns-2 gallery-size-medium'><figure class='gallery-item'>\n\t\t\t<div class='gallery-icon landscape'>\n\t\t\t\t<a href='https:\/\/jornaloassobio.pt\/?attachment_id=2766'><img loading=\"lazy\" decoding=\"async\" width=\"300\" height=\"169\" src=\"https:\/\/jornaloassobio.pt\/wp-content\/uploads\/2024\/07\/1000031970-300x169.jpg\" class=\"attachment-medium size-medium\" alt=\"\" srcset=\"https:\/\/jornaloassobio.pt\/wp-content\/uploads\/2024\/07\/1000031970-300x169.jpg 300w, https:\/\/jornaloassobio.pt\/wp-content\/uploads\/2024\/07\/1000031970-1024x576.jpg 1024w, https:\/\/jornaloassobio.pt\/wp-content\/uploads\/2024\/07\/1000031970-768x432.jpg 768w, https:\/\/jornaloassobio.pt\/wp-content\/uploads\/2024\/07\/1000031970-1536x864.jpg 1536w, https:\/\/jornaloassobio.pt\/wp-content\/uploads\/2024\/07\/1000031970-2048x1152.jpg 2048w\" sizes=\"auto, (max-width: 300px) 100vw, 300px\" \/><\/a>\n\t\t\t<\/div><\/figure><figure class='gallery-item'>\n\t\t\t<div class='gallery-icon landscape'>\n\t\t\t\t<a href='https:\/\/jornaloassobio.pt\/?attachment_id=2767'><img loading=\"lazy\" decoding=\"async\" width=\"300\" height=\"225\" src=\"https:\/\/jornaloassobio.pt\/wp-content\/uploads\/2024\/07\/1000031983-300x225.jpg\" class=\"attachment-medium size-medium\" alt=\"\" srcset=\"https:\/\/jornaloassobio.pt\/wp-content\/uploads\/2024\/07\/1000031983-300x225.jpg 300w, https:\/\/jornaloassobio.pt\/wp-content\/uploads\/2024\/07\/1000031983-1024x768.jpg 1024w, https:\/\/jornaloassobio.pt\/wp-content\/uploads\/2024\/07\/1000031983-768x576.jpg 768w, https:\/\/jornaloassobio.pt\/wp-content\/uploads\/2024\/07\/1000031983-1536x1152.jpg 1536w, https:\/\/jornaloassobio.pt\/wp-content\/uploads\/2024\/07\/1000031983-2048x1536.jpg 2048w\" sizes=\"auto, (max-width: 300px) 100vw, 300px\" \/><\/a>\n\t\t\t<\/div><\/figure>\n\t\t<\/div>\n\n<p>Este grupo, constitu\u00eddo por alunos do 10\u00ba ano do AE Severim de Faria, apresentou uma variedade de momentos de dan\u00e7a, carregados de alegria contagiante e energia positiva.<\/p>\n<div style=\"width: 848px;\" class=\"wp-video\"><video class=\"wp-video-shortcode\" id=\"video-2760-1\" width=\"848\" height=\"474\" preload=\"metadata\" controls=\"controls\"><source type=\"video\/mp4\" src=\"https:\/\/jornaloassobio.pt\/wp-content\/uploads\/2024\/07\/WhatsApp-Video-2024-06-25-at-09.54.44.mp4?_=1\" \/><a href=\"https:\/\/jornaloassobio.pt\/wp-content\/uploads\/2024\/07\/WhatsApp-Video-2024-06-25-at-09.54.44.mp4\">https:\/\/jornaloassobio.pt\/wp-content\/uploads\/2024\/07\/WhatsApp-Video-2024-06-25-at-09.54.44.mp4<\/a><\/video><\/div>\n<p>&nbsp;<\/p>\n<p>Os <strong>trabalhos dos alunos<\/strong> realizados no \u00e2mbito das \u201c<strong>Comemora\u00e7\u00e3o dos 50 anos do 25 abril<\/strong>\u201d estiveram expostos no Pavilh\u00e3o \u2013 Espa\u00e7o Institucional, no espa\u00e7o da DGEstE-DSRA, na Feira de S. Jo\u00e3o 2024.<\/p>\n<p>No certame, foram exibidos cartazes e diversos trabalhos realizados por alunos das turmas do 8\u00ba ano da ES Severim de Faria, de que destacamos:<\/p>\n<p>&#8211; o painel \u201c<strong>Express\u00f5es da Liberdade<\/strong>\u201d (homenagem ao fim do l\u00e1pis azul da censura);<\/p>\n<p>&#8211; conjunto \u201c<strong>Recriar abril<\/strong>\u201d, constitu\u00eddo por 6 \u201cblocos\u201d ilustrados no \u00e2mbito da tem\u00e1tica do 25 de abril;<\/p>\n<p>&#8211; alguns dos <strong>cartazes<\/strong>, relativos \u00e0 m\u00fasica, literatura, figuras hist\u00f3ricas e acontecimentos associados \u00e0 Revolu\u00e7\u00e3o dos Cravos.<\/p>\n<p>Estes trabalhos, elaborados no \u00e2mbito das disciplinas de Hist\u00f3ria, Cidadania e Desenvolvimento, Educa\u00e7\u00e3o Visual \/OAP, entre outras disciplinas, j\u00e1 tinham sido expostos na escola.<\/p>\n<div id='gallery-2' class='gallery galleryid-2760 gallery-columns-5 gallery-size-thumbnail'><figure class='gallery-item'>\n\t\t\t<div class='gallery-icon portrait'>\n\t\t\t\t<a href='https:\/\/jornaloassobio.pt\/?attachment_id=2762'><img loading=\"lazy\" decoding=\"async\" width=\"150\" height=\"150\" src=\"https:\/\/jornaloassobio.pt\/wp-content\/uploads\/2024\/07\/20240621_201140-150x150.jpg\" class=\"attachment-thumbnail size-thumbnail\" alt=\"\" \/><\/a>\n\t\t\t<\/div><\/figure><figure class='gallery-item'>\n\t\t\t<div class='gallery-icon portrait'>\n\t\t\t\t<a href='https:\/\/jornaloassobio.pt\/?attachment_id=2765'><img loading=\"lazy\" decoding=\"async\" width=\"150\" height=\"150\" src=\"https:\/\/jornaloassobio.pt\/wp-content\/uploads\/2024\/07\/20240621_211951-150x150.jpg\" class=\"attachment-thumbnail size-thumbnail\" alt=\"\" \/><\/a>\n\t\t\t<\/div><\/figure><figure class='gallery-item'>\n\t\t\t<div class='gallery-icon portrait'>\n\t\t\t\t<a href='https:\/\/jornaloassobio.pt\/?attachment_id=2764'><img loading=\"lazy\" decoding=\"async\" width=\"150\" height=\"150\" src=\"https:\/\/jornaloassobio.pt\/wp-content\/uploads\/2024\/07\/20240621_211942-150x150.jpg\" class=\"attachment-thumbnail size-thumbnail\" alt=\"\" \/><\/a>\n\t\t\t<\/div><\/figure><figure class='gallery-item'>\n\t\t\t<div class='gallery-icon landscape'>\n\t\t\t\t<a href='https:\/\/jornaloassobio.pt\/?attachment_id=2763'><img loading=\"lazy\" decoding=\"async\" width=\"150\" height=\"150\" src=\"https:\/\/jornaloassobio.pt\/wp-content\/uploads\/2024\/07\/20240621_211607-150x150.jpg\" class=\"attachment-thumbnail size-thumbnail\" alt=\"\" \/><\/a>\n\t\t\t<\/div><\/figure><figure class='gallery-item'>\n\t\t\t<div class='gallery-icon landscape'>\n\t\t\t\t<a href='https:\/\/jornaloassobio.pt\/?attachment_id=2761'><img loading=\"lazy\" decoding=\"async\" width=\"150\" height=\"150\" src=\"https:\/\/jornaloassobio.pt\/wp-content\/uploads\/2024\/07\/20240621_200523-150x150.jpg\" class=\"attachment-thumbnail size-thumbnail\" alt=\"\" \/><\/a>\n\t\t\t<\/div><\/figure>\n\t\t<\/div>\n\n        <div class=\"booster-block booster-reactions-block\">\r\n            <div class=\"twp-reactions-icons\">\r\n                \r\n                <div class=\"twp-reacts-wrap\">\r\n                    <a react-data=\"be-react-1\" post-id=\"2760\" class=\"be-face-icons un-reacted\" href=\"javascript:void(0)\">\r\n                        <img decoding=\"async\" src=\"https:\/\/jornaloassobio.pt\/wp-content\/plugins\/booster-extension\/\/assets\/icon\/happy.svg\" alt=\"Happy\">\r\n                    <\/a>\r\n                    <div class=\"twp-reaction-title\">\r\n                        Happy                    <\/div>\r\n                    <div class=\"twp-count-percent\">\r\n                                                    <span style=\"display: none;\" class=\"twp-react-count\">0<\/span>\r\n                        \r\n                                                <span class=\"twp-react-percent\"><span>0<\/span> %<\/span>\r\n                                            <\/div>\r\n                <\/div>\r\n\r\n                <div class=\"twp-reacts-wrap\">\r\n                    <a react-data=\"be-react-2\" post-id=\"2760\" class=\"be-face-icons un-reacted\" href=\"javascript:void(0)\">\r\n                        <img decoding=\"async\" src=\"https:\/\/jornaloassobio.pt\/wp-content\/plugins\/booster-extension\/\/assets\/icon\/sad.svg\" alt=\"Sad\">\r\n                    <\/a>\r\n                    <div class=\"twp-reaction-title\">\r\n                        Sad                    <\/div>\r\n                    <div class=\"twp-count-percent\">\r\n                                                    <span style=\"display: none;\" class=\"twp-react-count\">0<\/span>\r\n                                                                        <span class=\"twp-react-percent\"><span>0<\/span> %<\/span>\r\n                                            <\/div>\r\n                <\/div>\r\n\r\n                <div class=\"twp-reacts-wrap\">\r\n                    <a react-data=\"be-react-3\" post-id=\"2760\" class=\"be-face-icons un-reacted\" href=\"javascript:void(0)\">\r\n                        <img decoding=\"async\" src=\"https:\/\/jornaloassobio.pt\/wp-content\/plugins\/booster-extension\/\/assets\/icon\/excited.svg\" alt=\"Excited\">\r\n                    <\/a>\r\n                    <div class=\"twp-reaction-title\">\r\n                        Excited                    <\/div>\r\n                    <div class=\"twp-count-percent\">\r\n                                                    <span style=\"display: none;\" class=\"twp-react-count\">0<\/span>\r\n                                                                        <span class=\"twp-react-percent\"><span>0<\/span> %<\/span>\r\n                                            <\/div>\r\n                <\/div>\r\n\r\n                <div class=\"twp-reacts-wrap\">\r\n                    <a react-data=\"be-react-6\" post-id=\"2760\" class=\"be-face-icons un-reacted\" href=\"javascript:void(0)\">\r\n                        <img decoding=\"async\" src=\"https:\/\/jornaloassobio.pt\/wp-content\/plugins\/booster-extension\/\/assets\/icon\/sleepy.svg\" alt=\"Sleepy\">\r\n                    <\/a>\r\n                    <div class=\"twp-reaction-title\">\r\n                        Sleepy                    <\/div>\r\n                    <div class=\"twp-count-percent\">\r\n                                                    <span style=\"display: none;\" class=\"twp-react-count\">0<\/span>\r\n                        \r\n                                                <span class=\"twp-react-percent\"><span>0<\/span> %<\/span>\r\n                                            <\/div>\r\n                <\/div>\r\n\r\n                <div class=\"twp-reacts-wrap\">\r\n                    <a react-data=\"be-react-4\" post-id=\"2760\" class=\"be-face-icons un-reacted\" href=\"javascript:void(0)\">\r\n                        <img decoding=\"async\" src=\"https:\/\/jornaloassobio.pt\/wp-content\/plugins\/booster-extension\/\/assets\/icon\/angry.svg\" alt=\"Angry\">\r\n                    <\/a>\r\n                    <div class=\"twp-reaction-title\">Angry<\/div>\r\n                    <div class=\"twp-count-percent\">\r\n                                                    <span style=\"display: none;\" class=\"twp-react-count\">0<\/span>\r\n                                                                        <span class=\"twp-react-percent\"><span>0<\/span> %<\/span>\r\n                        \r\n                    <\/div>\r\n                <\/div>\r\n\r\n                <div class=\"twp-reacts-wrap\">\r\n                    <a react-data=\"be-react-5\" post-id=\"2760\" class=\"be-face-icons un-reacted\" href=\"javascript:void(0)\">\r\n                        <img decoding=\"async\" src=\"https:\/\/jornaloassobio.pt\/wp-content\/plugins\/booster-extension\/\/assets\/icon\/surprise.svg\" alt=\"Surprise\">\r\n                    <\/a>\r\n                    <div class=\"twp-reaction-title\">Surprise<\/div>\r\n                    <div class=\"twp-count-percent\">\r\n                                                    <span style=\"display: none;\" class=\"twp-react-count\">0<\/span>\r\n                                                                        <span class=\"twp-react-percent\"><span>0<\/span> %<\/span>\r\n                                            <\/div>\r\n                <\/div>\r\n\r\n            <\/div>\r\n        <\/div>\r\n\r\n    ","protected":false},"excerpt":{"rendered":"<p>No dia 24 de junho, dia de S. Jo\u00e3o, que d\u00e1 nome \u00e0 feira anual da cidade, o Grupo Borderless apresentou um espet\u00e1culo de dan\u00e7a no palco pequeno, do Espa\u00e7o Jovem no Jardim P\u00fablico. Este grupo, constitu\u00eddo por alunos do 10\u00ba ano do AE Severim de Faria, apresentou uma variedade de momentos de dan\u00e7a, carregados [&hellip;]<\/p>\n","protected":false},"author":5,"featured_media":2766,"comment_status":"open","ping_status":"open","sticky":false,"template":"","format":"standard","meta":{"footnotes":""},"categories":[10,4],"tags":[],"class_list":["post-2760","post","type-post","status-publish","format-standard","has-post-thumbnail","hentry","category-cultura","category-noticias"],"_links":{"self":[{"href":"https:\/\/jornaloassobio.pt\/index.php?rest_route=\/wp\/v2\/posts\/2760","targetHints":{"allow":["GET"]}}],"collection":[{"href":"https:\/\/jornaloassobio.pt\/index.php?rest_route=\/wp\/v2\/posts"}],"about":[{"href":"https:\/\/jornaloassobio.pt\/index.php?rest_route=\/wp\/v2\/types\/post"}],"author":[{"embeddable":true,"href":"https:\/\/jornaloassobio.pt\/index.php?rest_route=\/wp\/v2\/users\/5"}],"replies":[{"embeddable":true,"href":"https:\/\/jornaloassobio.pt\/index.php?rest_route=%2Fwp%2Fv2%2Fcomments&post=2760"}],"version-history":[{"count":5,"href":"https:\/\/jornaloassobio.pt\/index.php?rest_route=\/wp\/v2\/posts\/2760\/revisions"}],"predecessor-version":[{"id":2774,"href":"https:\/\/jornaloassobio.pt\/index.php?rest_route=\/wp\/v2\/posts\/2760\/revisions\/2774"}],"wp:featuredmedia":[{"embeddable":true,"href":"https:\/\/jornaloassobio.pt\/index.php?rest_route=\/wp\/v2\/media\/2766"}],"wp:attachment":[{"href":"https:\/\/jornaloassobio.pt\/index.php?rest_route=%2Fwp%2Fv2%2Fmedia&parent=2760"}],"wp:term":[{"taxonomy":"category","embeddable":true,"href":"https:\/\/jornaloassobio.pt\/index.php?rest_route=%2Fwp%2Fv2%2Fcategories&post=2760"},{"taxonomy":"post_tag","embeddable":true,"href":"https:\/\/jornaloassobio.pt\/index.php?rest_route=%2Fwp%2Fv2%2Ftags&post=2760"}],"curies":[{"name":"wp","href":"https:\/\/api.w.org\/{rel}","templated":true}]}}