{"id":280,"date":"2023-10-10T15:22:38","date_gmt":"2023-10-10T15:22:38","guid":{"rendered":"https:\/\/jornaloassobio.pt\/?p=280"},"modified":"2023-12-15T09:19:14","modified_gmt":"2023-12-15T09:19:14","slug":"escola-a-ler","status":"publish","type":"post","link":"https:\/\/jornaloassobio.pt\/?p=280","title":{"rendered":"ESCOLA A LER &#8211; PARA QU\u00ca LER ?"},"content":{"rendered":"<div class='booster-block booster-read-block'>\r\n                <div class=\"twp-read-time\">\r\n                \t<i class=\"booster-icon twp-clock\"><\/i> <span>Read Time:<\/span>1 Minute, 26 Second                <\/div>\r\n\r\n            <\/div><p style=\"text-align: left;\"><a href=\"https:\/\/jornaloassobio.pt\/wp-content\/uploads\/2023\/10\/2023.09.21_programa.pdf\"><img loading=\"lazy\" decoding=\"async\" class=\"wp-image-319 alignright\" src=\"https:\/\/jornaloassobio.pt\/wp-content\/uploads\/2023\/10\/imagem-escola-a-ler-300x105.webp\" alt=\"\" width=\"374\" height=\"131\" srcset=\"https:\/\/jornaloassobio.pt\/wp-content\/uploads\/2023\/10\/imagem-escola-a-ler-300x105.webp 300w, https:\/\/jornaloassobio.pt\/wp-content\/uploads\/2023\/10\/imagem-escola-a-ler-1024x358.webp 1024w, https:\/\/jornaloassobio.pt\/wp-content\/uploads\/2023\/10\/imagem-escola-a-ler-768x269.webp 768w, https:\/\/jornaloassobio.pt\/wp-content\/uploads\/2023\/10\/imagem-escola-a-ler-1536x538.webp 1536w, https:\/\/jornaloassobio.pt\/wp-content\/uploads\/2023\/10\/imagem-escola-a-ler.webp 2000w\" sizes=\"auto, (max-width: 374px) 100vw, 374px\" \/><\/a><\/p>\n<p>&nbsp;<\/p>\n<p>&nbsp;<\/p>\n<p>&nbsp;<\/p>\n<p>&nbsp;<\/p>\n<p>No dia 26 de Setembro do corrente ano, realizou-se o Encontro &#8220;Escola a Ler&#8221; , no Audit\u00f3rio do ISCTE , Instituto Universit\u00e1rio de Lisboa.<\/p>\n<p>Inserido no Plano Nacional de Leitura (PNL) e organizado pela\u00a0 Rede de Bibliotecas Escolares (RBE), contou com o alto patroc\u00ednio da Dire\u00e7\u00e3o Geral de Educa\u00e7\u00e3o.<\/p>\n<p>A sess\u00e3o de abertura e de boas vindas foi presidida pela Reitora do ISCTE, Maria de Lurdes Rodrigues, seguida de Pedro Cunha, Diretor Geral da Educa\u00e7\u00e3o e por Jo\u00e3o\u00a0Costa, Ministro da Educa\u00e7\u00e3o.<\/p>\n<p style=\"text-align: center;\">\u00a0 \u00a0 \u00a0 \u00a0 \u00a0<img loading=\"lazy\" decoding=\"async\" class=\"alignnone size-medium wp-image-339\" src=\"https:\/\/jornaloassobio.pt\/wp-content\/uploads\/2023\/10\/20230926_161936-300x225.jpg\" alt=\"\" width=\"300\" height=\"225\" srcset=\"https:\/\/jornaloassobio.pt\/wp-content\/uploads\/2023\/10\/20230926_161936-300x225.jpg 300w, https:\/\/jornaloassobio.pt\/wp-content\/uploads\/2023\/10\/20230926_161936-1024x768.jpg 1024w, https:\/\/jornaloassobio.pt\/wp-content\/uploads\/2023\/10\/20230926_161936-768x576.jpg 768w, https:\/\/jornaloassobio.pt\/wp-content\/uploads\/2023\/10\/20230926_161936-1536x1152.jpg 1536w, https:\/\/jornaloassobio.pt\/wp-content\/uploads\/2023\/10\/20230926_161936-2048x1536.jpg 2048w\" sizes=\"auto, (max-width: 300px) 100vw, 300px\" \/><\/p>\n<p style=\"text-align: center;\">\u00a0<a href=\"https:\/\/jornaloassobio.pt\/wp-content\/uploads\/2023\/10\/2023.09.21_programa.pdf\">2023.09.21_programa<\/a><\/p>\n<p>&#8220;PARA QU\u00ca LER&#8221; ? Foi com esta quest\u00e3o que Paulo Cosin Fernandez, Promotor de Leitura,\u00a0 introduziu a sua interven\u00e7\u00e3o, deixando algumas chaves para ajudar a abrir as portas da \u00a0leitura aos jovens e adolescentes, a\u00a0 partir do seu livro&#8221; Para qu\u00e9 leer. Fomentar la lectura en j\u00f3venes y adolescentes&#8221;.<\/p>\n<p><img loading=\"lazy\" decoding=\"async\" class=\"size-medium wp-image-323 alignright\" src=\"https:\/\/jornaloassobio.pt\/wp-content\/uploads\/2023\/10\/para-que-leer-300x300.jpg\" alt=\"\" width=\"300\" height=\"300\" srcset=\"https:\/\/jornaloassobio.pt\/wp-content\/uploads\/2023\/10\/para-que-leer-300x300.jpg 300w, https:\/\/jornaloassobio.pt\/wp-content\/uploads\/2023\/10\/para-que-leer-150x150.jpg 150w, https:\/\/jornaloassobio.pt\/wp-content\/uploads\/2023\/10\/para-que-leer.jpg 340w\" sizes=\"auto, (max-width: 300px) 100vw, 300px\" \/><\/p>\n<p>Seguidamente, foram apresentados v\u00e1rios projetos vocacionados para a Promo\u00e7\u00e3o da Leitura:\u00a0 &#8220;VAMOS LER&#8221; (Leitura Orientada em Sala de Aula), do Agrupamento de Escolas de Oeiras\/Pa\u00e7o de Arcos; DI\u00c1RIO DE LEITURAS DIGITAL, da Escola Secund\u00e1ria Ant\u00f3nio Aleixo, de Portim\u00e3o;\u00a0 Projeto &#8220;LIVR\u00b4\u00c1 M\u00c3O&#8221;, da Escola Secund\u00e1ria Infanta D. Maria, de Coimbra e o Projeto &#8220;LER E DAR A LER&#8221;<\/p>\n<p>O \u00faltimo projeto , complementar ao projeto LOSA, foi desenvolvido pelas Mediadoras de Leitura Paula Pina (&#8220;Apanha palavras&#8221;), Dora Batalim ( &#8220;Domin\u00f3 de Livros&#8221;), Elsa Serra (&#8220;Ler a valer&#8221;) e Maria Jos\u00e9 Vitorino (&#8220;M\u00e1quina de Poesia&#8221;), com o objetivo de potenciar as aprendizagens e elevar os \u00edndices de literacia e leitura. No dizer das Mediadoras, &#8220;a leitura ajuda os alunos\u00a0 a descobrir n\u00e3o s\u00f3 as palavras dos poetas mas tamb\u00e9m as suas&#8221;.<\/p>\n<p>Para aceder aos diversos projetos, pode-se consultar o Portal do Plano Nacional de Leitura.<\/p>\n<p>&nbsp;<\/p>\n<p>&nbsp;<\/p>\n<p>&nbsp;<\/p>\n<p>&nbsp;<\/p>\n        <div class=\"booster-block booster-reactions-block\">\r\n            <div class=\"twp-reactions-icons\">\r\n                \r\n                <div class=\"twp-reacts-wrap\">\r\n                    <a react-data=\"be-react-1\" post-id=\"280\" class=\"be-face-icons un-reacted\" href=\"javascript:void(0)\">\r\n                        <img decoding=\"async\" src=\"https:\/\/jornaloassobio.pt\/wp-content\/plugins\/booster-extension\/\/assets\/icon\/happy.svg\" alt=\"Happy\">\r\n                    <\/a>\r\n                    <div class=\"twp-reaction-title\">\r\n                        Happy                    <\/div>\r\n                    <div class=\"twp-count-percent\">\r\n                                                    <span style=\"display: none;\" class=\"twp-react-count\">0<\/span>\r\n                        \r\n                                                <span class=\"twp-react-percent\"><span>0<\/span> %<\/span>\r\n                                            <\/div>\r\n                <\/div>\r\n\r\n                <div class=\"twp-reacts-wrap\">\r\n                    <a react-data=\"be-react-2\" post-id=\"280\" class=\"be-face-icons un-reacted\" href=\"javascript:void(0)\">\r\n                        <img decoding=\"async\" src=\"https:\/\/jornaloassobio.pt\/wp-content\/plugins\/booster-extension\/\/assets\/icon\/sad.svg\" alt=\"Sad\">\r\n                    <\/a>\r\n                    <div class=\"twp-reaction-title\">\r\n                        Sad                    <\/div>\r\n                    <div class=\"twp-count-percent\">\r\n                                                    <span style=\"display: none;\" class=\"twp-react-count\">0<\/span>\r\n                                                                        <span class=\"twp-react-percent\"><span>0<\/span> %<\/span>\r\n                                            <\/div>\r\n                <\/div>\r\n\r\n                <div class=\"twp-reacts-wrap\">\r\n                    <a react-data=\"be-react-3\" post-id=\"280\" class=\"be-face-icons un-reacted\" href=\"javascript:void(0)\">\r\n                        <img decoding=\"async\" src=\"https:\/\/jornaloassobio.pt\/wp-content\/plugins\/booster-extension\/\/assets\/icon\/excited.svg\" alt=\"Excited\">\r\n                    <\/a>\r\n                    <div class=\"twp-reaction-title\">\r\n                        Excited                    <\/div>\r\n                    <div class=\"twp-count-percent\">\r\n                                                    <span style=\"display: none;\" class=\"twp-react-count\">0<\/span>\r\n                                                                        <span class=\"twp-react-percent\"><span>0<\/span> %<\/span>\r\n                                            <\/div>\r\n                <\/div>\r\n\r\n                <div class=\"twp-reacts-wrap\">\r\n                    <a react-data=\"be-react-6\" post-id=\"280\" class=\"be-face-icons un-reacted\" href=\"javascript:void(0)\">\r\n                        <img decoding=\"async\" src=\"https:\/\/jornaloassobio.pt\/wp-content\/plugins\/booster-extension\/\/assets\/icon\/sleepy.svg\" alt=\"Sleepy\">\r\n                    <\/a>\r\n                    <div class=\"twp-reaction-title\">\r\n                        Sleepy                    <\/div>\r\n                    <div class=\"twp-count-percent\">\r\n                                                    <span style=\"display: none;\" class=\"twp-react-count\">0<\/span>\r\n                        \r\n                                                <span class=\"twp-react-percent\"><span>0<\/span> %<\/span>\r\n                                            <\/div>\r\n                <\/div>\r\n\r\n                <div class=\"twp-reacts-wrap\">\r\n                    <a react-data=\"be-react-4\" post-id=\"280\" class=\"be-face-icons un-reacted\" href=\"javascript:void(0)\">\r\n                        <img decoding=\"async\" src=\"https:\/\/jornaloassobio.pt\/wp-content\/plugins\/booster-extension\/\/assets\/icon\/angry.svg\" alt=\"Angry\">\r\n                    <\/a>\r\n                    <div class=\"twp-reaction-title\">Angry<\/div>\r\n                    <div class=\"twp-count-percent\">\r\n                                                    <span style=\"display: none;\" class=\"twp-react-count\">0<\/span>\r\n                                                                        <span class=\"twp-react-percent\"><span>0<\/span> %<\/span>\r\n                        \r\n                    <\/div>\r\n                <\/div>\r\n\r\n                <div class=\"twp-reacts-wrap\">\r\n                    <a react-data=\"be-react-5\" post-id=\"280\" class=\"be-face-icons un-reacted\" href=\"javascript:void(0)\">\r\n                        <img decoding=\"async\" src=\"https:\/\/jornaloassobio.pt\/wp-content\/plugins\/booster-extension\/\/assets\/icon\/surprise.svg\" alt=\"Surprise\">\r\n                    <\/a>\r\n                    <div class=\"twp-reaction-title\">Surprise<\/div>\r\n                    <div class=\"twp-count-percent\">\r\n                                                    <span style=\"display: none;\" class=\"twp-react-count\">0<\/span>\r\n                                                                        <span class=\"twp-react-percent\"><span>0<\/span> %<\/span>\r\n                                            <\/div>\r\n                <\/div>\r\n\r\n            <\/div>\r\n        <\/div>\r\n\r\n    ","protected":false},"excerpt":{"rendered":"<p>&nbsp; &nbsp; &nbsp; &nbsp; No dia 26 de Setembro do corrente ano, realizou-se o Encontro &#8220;Escola a Ler&#8221; , no Audit\u00f3rio do ISCTE , Instituto Universit\u00e1rio de Lisboa. Inserido no Plano Nacional de Leitura (PNL) e organizado pela\u00a0 Rede de Bibliotecas Escolares (RBE), contou com o alto patroc\u00ednio da Dire\u00e7\u00e3o Geral de Educa\u00e7\u00e3o. A sess\u00e3o [&hellip;]<\/p>\n","protected":false},"author":6,"featured_media":323,"comment_status":"open","ping_status":"open","sticky":false,"template":"","format":"standard","meta":{"footnotes":""},"categories":[4],"tags":[],"class_list":["post-280","post","type-post","status-publish","format-standard","has-post-thumbnail","hentry","category-noticias"],"_links":{"self":[{"href":"https:\/\/jornaloassobio.pt\/index.php?rest_route=\/wp\/v2\/posts\/280","targetHints":{"allow":["GET"]}}],"collection":[{"href":"https:\/\/jornaloassobio.pt\/index.php?rest_route=\/wp\/v2\/posts"}],"about":[{"href":"https:\/\/jornaloassobio.pt\/index.php?rest_route=\/wp\/v2\/types\/post"}],"author":[{"embeddable":true,"href":"https:\/\/jornaloassobio.pt\/index.php?rest_route=\/wp\/v2\/users\/6"}],"replies":[{"embeddable":true,"href":"https:\/\/jornaloassobio.pt\/index.php?rest_route=%2Fwp%2Fv2%2Fcomments&post=280"}],"version-history":[{"count":9,"href":"https:\/\/jornaloassobio.pt\/index.php?rest_route=\/wp\/v2\/posts\/280\/revisions"}],"predecessor-version":[{"id":356,"href":"https:\/\/jornaloassobio.pt\/index.php?rest_route=\/wp\/v2\/posts\/280\/revisions\/356"}],"wp:featuredmedia":[{"embeddable":true,"href":"https:\/\/jornaloassobio.pt\/index.php?rest_route=\/wp\/v2\/media\/323"}],"wp:attachment":[{"href":"https:\/\/jornaloassobio.pt\/index.php?rest_route=%2Fwp%2Fv2%2Fmedia&parent=280"}],"wp:term":[{"taxonomy":"category","embeddable":true,"href":"https:\/\/jornaloassobio.pt\/index.php?rest_route=%2Fwp%2Fv2%2Fcategories&post=280"},{"taxonomy":"post_tag","embeddable":true,"href":"https:\/\/jornaloassobio.pt\/index.php?rest_route=%2Fwp%2Fv2%2Ftags&post=280"}],"curies":[{"name":"wp","href":"https:\/\/api.w.org\/{rel}","templated":true}]}}