{"id":2836,"date":"2024-10-02T09:43:00","date_gmt":"2024-10-02T09:43:00","guid":{"rendered":"https:\/\/jornaloassobio.pt\/?p=2836"},"modified":"2024-10-06T08:03:24","modified_gmt":"2024-10-06T08:03:24","slug":"pinceladas-poeticas-no-palacio-de-belem","status":"publish","type":"post","link":"https:\/\/jornaloassobio.pt\/?p=2836","title":{"rendered":"&#8220;PINCELADAS PO\u00c9TICAS&#8221; DE MANUELA FRADE NO PAL\u00c1CIO DE BEL\u00c9M"},"content":{"rendered":"<div class='booster-block booster-read-block'>\r\n                <div class=\"twp-read-time\">\r\n                \t<i class=\"booster-icon twp-clock\"><\/i> <span>Read Time:<\/span>1 Minute, 7 Second                <\/div>\r\n\r\n            <\/div><h3><\/h3>\n<h3>Com o alto patroc\u00ednio do Presidente da Rep\u00fablica, Marcelo Rebelo de Sousa, realizou-se a <em><strong>Festa do Livro<\/strong>,<\/em> no <strong>Pal\u00e1cio de Bel\u00e9m.<\/strong><\/h3>\n<h3>No dia <strong>8 de setembro de 2024<\/strong>, na <em><strong>Festa do Livro<\/strong>,<\/em> \u00a0<strong>Manuela Reis Frade<\/strong>, docente na Escola Secund\u00e1ria Severim de Faria e artista pl\u00e1stica, foi convidada para fazer a\u00a0 apresenta\u00e7\u00e3o do seu livro &#8220;<strong>Pinceladas Po\u00e9ticas<\/strong>&#8220;. De car\u00e1ter intimista e de grande sensibilidade po\u00e9tica, a obra foi enriquecida pelas gravuras da autora.<\/h3>\n<h3>Esta obra encontra-se na Biblioteca da Escola Secund\u00e1ria Severim de Faria e poder\u00e1 ser requisitada por quem o desejar.<\/h3>\n<h3>A\u00a0<em>Festa do Livro,<\/em> no Pal\u00e1cio de Bel\u00e9m, decorreu durante quatro dias com concertos, jogos did\u00e1ticos, cinema, debates, sess\u00f5es de aut\u00f3grafos, apresenta\u00e7\u00f5es de livros e muito mais.<\/h3>\n<h3>Na noite de 5 de setembro, pelas 21h, foi exibido o filme <em><a title=\"Mais informa\u00e7\u00e3o sobre este filme no website da RTP\" href=\"https:\/\/www.rtp.pt\/programa\/tv\/p38857\" target=\"_blank\" rel=\"noopener\">As Armas e o Povo<\/a>,<\/em> um trabalho do Coletivo dos Trabalhadores da Atividade Cinematogr\u00e1fica, de 1975 (c\u00f3pia digitalizada pela Cinemateca Portuguesa \u2013 Museu do Cinema).<\/h3>\n<h3>Durante os quatro dias da <em>Festa do Livro<\/em>, disponibilizaram-se visitas guiadas aos Arquivos da Biblioteca do Pal\u00e1cio Presidencial.<\/h3>\n<h3>A anima\u00e7\u00e3o musical ficou a cargo de Capicua (6 de setembro, \u00e0s 21h30), Fernando Daniel (7 de setembro, \u00e0s 21h30) e Capit\u00e3o Fausto (8 de setembro, \u00e0s 21h30).<\/h3>\n<h3>A entrada foi livre e o acesso fez-se pelo Museu da Presid\u00eancia da Rep\u00fablica ou pelo Jardim Bot\u00e2nico Tropical.<img loading=\"lazy\" decoding=\"async\" class=\"size-medium wp-image-2896 aligncenter\" src=\"https:\/\/jornaloassobio.pt\/wp-content\/uploads\/2024\/10\/1000009859-225x300.jpg\" alt=\"\" width=\"225\" height=\"300\" srcset=\"https:\/\/jornaloassobio.pt\/wp-content\/uploads\/2024\/10\/1000009859-225x300.jpg 225w, https:\/\/jornaloassobio.pt\/wp-content\/uploads\/2024\/10\/1000009859-768x1024.jpg 768w, https:\/\/jornaloassobio.pt\/wp-content\/uploads\/2024\/10\/1000009859-1152x1536.jpg 1152w, https:\/\/jornaloassobio.pt\/wp-content\/uploads\/2024\/10\/1000009859-1536x2048.jpg 1536w, https:\/\/jornaloassobio.pt\/wp-content\/uploads\/2024\/10\/1000009859-scaled.jpg 1920w\" sizes=\"auto, (max-width: 225px) 100vw, 225px\" \/><\/h3>\n<h3><img loading=\"lazy\" decoding=\"async\" class=\"size-medium wp-image-2837 aligncenter\" src=\"https:\/\/jornaloassobio.pt\/wp-content\/uploads\/2024\/10\/bb4a87c8979a48cdbafd5dd8c3d655d5-202x300.jpg\" alt=\"\" width=\"202\" height=\"300\" srcset=\"https:\/\/jornaloassobio.pt\/wp-content\/uploads\/2024\/10\/bb4a87c8979a48cdbafd5dd8c3d655d5-202x300.jpg 202w, https:\/\/jornaloassobio.pt\/wp-content\/uploads\/2024\/10\/bb4a87c8979a48cdbafd5dd8c3d655d5.jpg 400w\" sizes=\"auto, (max-width: 202px) 100vw, 202px\" \/><\/h3>\n<h3><\/h3>\n<h3><img loading=\"lazy\" decoding=\"async\" class=\"size-medium wp-image-2898 aligncenter\" src=\"https:\/\/jornaloassobio.pt\/wp-content\/uploads\/2024\/10\/1000009930-169x300.jpg\" alt=\"\" width=\"169\" height=\"300\" srcset=\"https:\/\/jornaloassobio.pt\/wp-content\/uploads\/2024\/10\/1000009930-169x300.jpg 169w, https:\/\/jornaloassobio.pt\/wp-content\/uploads\/2024\/10\/1000009930-576x1024.jpg 576w, https:\/\/jornaloassobio.pt\/wp-content\/uploads\/2024\/10\/1000009930-768x1365.jpg 768w, https:\/\/jornaloassobio.pt\/wp-content\/uploads\/2024\/10\/1000009930-864x1536.jpg 864w, https:\/\/jornaloassobio.pt\/wp-content\/uploads\/2024\/10\/1000009930.jpg 1148w\" sizes=\"auto, (max-width: 169px) 100vw, 169px\" \/><\/h3>\n<h3><\/h3>\n        <div class=\"booster-block booster-reactions-block\">\r\n            <div class=\"twp-reactions-icons\">\r\n                \r\n                <div class=\"twp-reacts-wrap\">\r\n                    <a react-data=\"be-react-1\" post-id=\"2836\" class=\"be-face-icons un-reacted\" href=\"javascript:void(0)\">\r\n                        <img decoding=\"async\" src=\"https:\/\/jornaloassobio.pt\/wp-content\/plugins\/booster-extension\/\/assets\/icon\/happy.svg\" alt=\"Happy\">\r\n                    <\/a>\r\n                    <div class=\"twp-reaction-title\">\r\n                        Happy                    <\/div>\r\n                    <div class=\"twp-count-percent\">\r\n                                                    <span style=\"display: none;\" class=\"twp-react-count\">0<\/span>\r\n                        \r\n                                                <span class=\"twp-react-percent\"><span>0<\/span> %<\/span>\r\n                                            <\/div>\r\n                <\/div>\r\n\r\n                <div class=\"twp-reacts-wrap\">\r\n                    <a react-data=\"be-react-2\" post-id=\"2836\" class=\"be-face-icons un-reacted\" href=\"javascript:void(0)\">\r\n                        <img decoding=\"async\" src=\"https:\/\/jornaloassobio.pt\/wp-content\/plugins\/booster-extension\/\/assets\/icon\/sad.svg\" alt=\"Sad\">\r\n                    <\/a>\r\n                    <div class=\"twp-reaction-title\">\r\n                        Sad                    <\/div>\r\n                    <div class=\"twp-count-percent\">\r\n                                                    <span style=\"display: none;\" class=\"twp-react-count\">0<\/span>\r\n                                                                        <span class=\"twp-react-percent\"><span>0<\/span> %<\/span>\r\n                                            <\/div>\r\n                <\/div>\r\n\r\n                <div class=\"twp-reacts-wrap\">\r\n                    <a react-data=\"be-react-3\" post-id=\"2836\" class=\"be-face-icons un-reacted\" href=\"javascript:void(0)\">\r\n                        <img decoding=\"async\" src=\"https:\/\/jornaloassobio.pt\/wp-content\/plugins\/booster-extension\/\/assets\/icon\/excited.svg\" alt=\"Excited\">\r\n                    <\/a>\r\n                    <div class=\"twp-reaction-title\">\r\n                        Excited                    <\/div>\r\n                    <div class=\"twp-count-percent\">\r\n                                                    <span style=\"display: none;\" class=\"twp-react-count\">0<\/span>\r\n                                                                        <span class=\"twp-react-percent\"><span>0<\/span> %<\/span>\r\n                                            <\/div>\r\n                <\/div>\r\n\r\n                <div class=\"twp-reacts-wrap\">\r\n                    <a react-data=\"be-react-6\" post-id=\"2836\" class=\"be-face-icons un-reacted\" href=\"javascript:void(0)\">\r\n                        <img decoding=\"async\" src=\"https:\/\/jornaloassobio.pt\/wp-content\/plugins\/booster-extension\/\/assets\/icon\/sleepy.svg\" alt=\"Sleepy\">\r\n                    <\/a>\r\n                    <div class=\"twp-reaction-title\">\r\n                        Sleepy                    <\/div>\r\n                    <div class=\"twp-count-percent\">\r\n                                                    <span style=\"display: none;\" class=\"twp-react-count\">0<\/span>\r\n                        \r\n                                                <span class=\"twp-react-percent\"><span>0<\/span> %<\/span>\r\n                                            <\/div>\r\n                <\/div>\r\n\r\n                <div class=\"twp-reacts-wrap\">\r\n                    <a react-data=\"be-react-4\" post-id=\"2836\" class=\"be-face-icons un-reacted\" href=\"javascript:void(0)\">\r\n                        <img decoding=\"async\" src=\"https:\/\/jornaloassobio.pt\/wp-content\/plugins\/booster-extension\/\/assets\/icon\/angry.svg\" alt=\"Angry\">\r\n                    <\/a>\r\n                    <div class=\"twp-reaction-title\">Angry<\/div>\r\n                    <div class=\"twp-count-percent\">\r\n                                                    <span style=\"display: none;\" class=\"twp-react-count\">0<\/span>\r\n                                                                        <span class=\"twp-react-percent\"><span>0<\/span> %<\/span>\r\n                        \r\n                    <\/div>\r\n                <\/div>\r\n\r\n                <div class=\"twp-reacts-wrap\">\r\n                    <a react-data=\"be-react-5\" post-id=\"2836\" class=\"be-face-icons un-reacted\" href=\"javascript:void(0)\">\r\n                        <img decoding=\"async\" src=\"https:\/\/jornaloassobio.pt\/wp-content\/plugins\/booster-extension\/\/assets\/icon\/surprise.svg\" alt=\"Surprise\">\r\n                    <\/a>\r\n                    <div class=\"twp-reaction-title\">Surprise<\/div>\r\n                    <div class=\"twp-count-percent\">\r\n                                                    <span style=\"display: none;\" class=\"twp-react-count\">0<\/span>\r\n                                                                        <span class=\"twp-react-percent\"><span>0<\/span> %<\/span>\r\n                                            <\/div>\r\n                <\/div>\r\n\r\n            <\/div>\r\n        <\/div>\r\n\r\n    ","protected":false},"excerpt":{"rendered":"<p>Com o alto patroc\u00ednio do Presidente da Rep\u00fablica, Marcelo Rebelo de Sousa, realizou-se a Festa do Livro, no Pal\u00e1cio de Bel\u00e9m. No dia 8 de setembro de 2024, na Festa do Livro, \u00a0Manuela Reis Frade, docente na Escola Secund\u00e1ria Severim de Faria e artista pl\u00e1stica, foi convidada para fazer a\u00a0 apresenta\u00e7\u00e3o do seu livro &#8220;Pinceladas [&hellip;]<\/p>\n","protected":false},"author":6,"featured_media":2837,"comment_status":"open","ping_status":"open","sticky":false,"template":"","format":"standard","meta":{"footnotes":""},"categories":[4],"tags":[],"class_list":["post-2836","post","type-post","status-publish","format-standard","has-post-thumbnail","hentry","category-noticias"],"_links":{"self":[{"href":"https:\/\/jornaloassobio.pt\/index.php?rest_route=\/wp\/v2\/posts\/2836","targetHints":{"allow":["GET"]}}],"collection":[{"href":"https:\/\/jornaloassobio.pt\/index.php?rest_route=\/wp\/v2\/posts"}],"about":[{"href":"https:\/\/jornaloassobio.pt\/index.php?rest_route=\/wp\/v2\/types\/post"}],"author":[{"embeddable":true,"href":"https:\/\/jornaloassobio.pt\/index.php?rest_route=\/wp\/v2\/users\/6"}],"replies":[{"embeddable":true,"href":"https:\/\/jornaloassobio.pt\/index.php?rest_route=%2Fwp%2Fv2%2Fcomments&post=2836"}],"version-history":[{"count":12,"href":"https:\/\/jornaloassobio.pt\/index.php?rest_route=\/wp\/v2\/posts\/2836\/revisions"}],"predecessor-version":[{"id":2841,"href":"https:\/\/jornaloassobio.pt\/index.php?rest_route=\/wp\/v2\/posts\/2836\/revisions\/2841"}],"wp:featuredmedia":[{"embeddable":true,"href":"https:\/\/jornaloassobio.pt\/index.php?rest_route=\/wp\/v2\/media\/2837"}],"wp:attachment":[{"href":"https:\/\/jornaloassobio.pt\/index.php?rest_route=%2Fwp%2Fv2%2Fmedia&parent=2836"}],"wp:term":[{"taxonomy":"category","embeddable":true,"href":"https:\/\/jornaloassobio.pt\/index.php?rest_route=%2Fwp%2Fv2%2Fcategories&post=2836"},{"taxonomy":"post_tag","embeddable":true,"href":"https:\/\/jornaloassobio.pt\/index.php?rest_route=%2Fwp%2Fv2%2Ftags&post=2836"}],"curies":[{"name":"wp","href":"https:\/\/api.w.org\/{rel}","templated":true}]}}