{"id":2865,"date":"2024-10-03T07:27:21","date_gmt":"2024-10-03T07:27:21","guid":{"rendered":"https:\/\/jornaloassobio.pt\/?p=2865"},"modified":"2024-10-04T09:06:37","modified_gmt":"2024-10-04T09:06:37","slug":"agrupamento-severim-de-faria-tem-um-novo-coracao","status":"publish","type":"post","link":"https:\/\/jornaloassobio.pt\/?p=2865","title":{"rendered":"AGRUPAMENTO SEVERIM DE FARIA TEM UM NOVO CORA\u00c7\u00c3O"},"content":{"rendered":"<div class='booster-block booster-read-block'>\r\n                <div class=\"twp-read-time\">\r\n                \t<i class=\"booster-icon twp-clock\"><\/i> <span>Read Time:<\/span>38 Second                <\/div>\r\n\r\n            <\/div><h3 dir=\"auto\"><strong>\u00a0<\/strong><\/h3>\n<h3 dir=\"auto\"><strong><img loading=\"lazy\" decoding=\"async\" class=\"size-medium wp-image-2868 alignleft\" src=\"https:\/\/jornaloassobio.pt\/wp-content\/uploads\/2024\/10\/coracao11-1024x768-1-300x225.webp\" alt=\"\" width=\"300\" height=\"225\" srcset=\"https:\/\/jornaloassobio.pt\/wp-content\/uploads\/2024\/10\/coracao11-1024x768-1-300x225.webp 300w, https:\/\/jornaloassobio.pt\/wp-content\/uploads\/2024\/10\/coracao11-1024x768-1-768x576.webp 768w, https:\/\/jornaloassobio.pt\/wp-content\/uploads\/2024\/10\/coracao11-1024x768-1.webp 1024w\" sizes=\"auto, (max-width: 300px) 100vw, 300px\" \/><\/strong><\/h3>\n<h3 dir=\"auto\"><strong><img loading=\"lazy\" decoding=\"async\" class=\"size-medium wp-image-2886 alignleft\" src=\"https:\/\/jornaloassobio.pt\/wp-content\/uploads\/2024\/10\/IMG_0666-225x300.jpg\" alt=\"\" width=\"225\" height=\"300\" srcset=\"https:\/\/jornaloassobio.pt\/wp-content\/uploads\/2024\/10\/IMG_0666-225x300.jpg 225w, https:\/\/jornaloassobio.pt\/wp-content\/uploads\/2024\/10\/IMG_0666-768x1024.jpg 768w, https:\/\/jornaloassobio.pt\/wp-content\/uploads\/2024\/10\/IMG_0666-1152x1536.jpg 1152w, https:\/\/jornaloassobio.pt\/wp-content\/uploads\/2024\/10\/IMG_0666-1536x2048.jpg 1536w, https:\/\/jornaloassobio.pt\/wp-content\/uploads\/2024\/10\/IMG_0666-scaled.jpg 1920w\" sizes=\"auto, (max-width: 225px) 100vw, 225px\" \/><\/strong><\/h3>\n<h3 dir=\"auto\"><strong>\u00a0<\/strong><\/h3>\n<h3 dir=\"auto\"><strong><img loading=\"lazy\" decoding=\"async\" class=\"size-medium wp-image-2866 alignleft\" src=\"https:\/\/jornaloassobio.pt\/wp-content\/uploads\/2024\/10\/coracao2-1024x768-1-300x225.webp\" alt=\"\" width=\"300\" height=\"225\" srcset=\"https:\/\/jornaloassobio.pt\/wp-content\/uploads\/2024\/10\/coracao2-1024x768-1-300x225.webp 300w, https:\/\/jornaloassobio.pt\/wp-content\/uploads\/2024\/10\/coracao2-1024x768-1-768x576.webp 768w, https:\/\/jornaloassobio.pt\/wp-content\/uploads\/2024\/10\/coracao2-1024x768-1.webp 1024w\" sizes=\"auto, (max-width: 300px) 100vw, 300px\" \/><\/strong><\/h3>\n<h3 dir=\"auto\"><\/h3>\n<h3 dir=\"auto\"><strong>No dia 27 de setembro, a Escola B\u00e1sica 2,3 de Santa Clara e a Escola Secund\u00e1ria Severim de Faria adquiriram um novo cora\u00e7\u00e3o &#8211; um Cora\u00e7\u00e3o Ecol\u00f3gico para ajudar a cuidar melhor do meio ambiente na pr\u00f3pria escola. Trata-se de uma estrutura em forma de cora\u00e7\u00e3o, feita em ferro pintado de azul, onde todos podem depositar garrafas de pl\u00e1stico e respetivas tampas, que ser\u00e3o posteriormente enviadas para a reciclagem.<\/strong><\/h3>\n<h3 dir=\"auto\"><b>Uma ideia que surgiu no seio do grupo escolar e vem ao encontro do esp\u00edrito das Eco Escolas <\/b><b>(das quais a EB de Santa Clara e a Escola Severim de Faria s\u00e3o membros e a C\u00e2mara de \u00c9vora promotora), sendo inten\u00e7\u00e3o colocar pe\u00e7as como esta noutras escolas do Agrupamento \u00e0 medida que as condi\u00e7\u00f5es financeiras o permitam.<\/b><\/h3>\n<div dir=\"auto\">\n<h3 dir=\"auto\"><strong><img loading=\"lazy\" decoding=\"async\" class=\"size-medium wp-image-2887 aligncenter\" src=\"https:\/\/jornaloassobio.pt\/wp-content\/uploads\/2024\/10\/IMG_0667-225x300.jpg\" alt=\"\" width=\"225\" height=\"300\" srcset=\"https:\/\/jornaloassobio.pt\/wp-content\/uploads\/2024\/10\/IMG_0667-225x300.jpg 225w, https:\/\/jornaloassobio.pt\/wp-content\/uploads\/2024\/10\/IMG_0667-768x1024.jpg 768w, https:\/\/jornaloassobio.pt\/wp-content\/uploads\/2024\/10\/IMG_0667-1152x1536.jpg 1152w, https:\/\/jornaloassobio.pt\/wp-content\/uploads\/2024\/10\/IMG_0667-1536x2048.jpg 1536w, https:\/\/jornaloassobio.pt\/wp-content\/uploads\/2024\/10\/IMG_0667-scaled.jpg 1920w\" sizes=\"auto, (max-width: 225px) 100vw, 225px\" \/><\/strong><\/h3>\n<p><strong><strong><strong>\u00a0<\/strong><\/strong><\/strong><\/p>\n<h3 dir=\"auto\"><\/h3>\n<h3 dir=\"auto\"><\/h3>\n<h3 dir=\"auto\"><\/h3>\n<h3 dir=\"auto\"><\/h3>\n<\/div>\n        <div class=\"booster-block booster-reactions-block\">\r\n            <div class=\"twp-reactions-icons\">\r\n                \r\n                <div class=\"twp-reacts-wrap\">\r\n                    <a react-data=\"be-react-1\" post-id=\"2865\" class=\"be-face-icons un-reacted\" href=\"javascript:void(0)\">\r\n                        <img decoding=\"async\" src=\"https:\/\/jornaloassobio.pt\/wp-content\/plugins\/booster-extension\/\/assets\/icon\/happy.svg\" alt=\"Happy\">\r\n                    <\/a>\r\n                    <div class=\"twp-reaction-title\">\r\n                        Happy                    <\/div>\r\n                    <div class=\"twp-count-percent\">\r\n                                                    <span style=\"display: none;\" class=\"twp-react-count\">0<\/span>\r\n                        \r\n                                                <span class=\"twp-react-percent\"><span>0<\/span> %<\/span>\r\n                                            <\/div>\r\n                <\/div>\r\n\r\n                <div class=\"twp-reacts-wrap\">\r\n                    <a react-data=\"be-react-2\" post-id=\"2865\" class=\"be-face-icons un-reacted\" href=\"javascript:void(0)\">\r\n                        <img decoding=\"async\" src=\"https:\/\/jornaloassobio.pt\/wp-content\/plugins\/booster-extension\/\/assets\/icon\/sad.svg\" alt=\"Sad\">\r\n                    <\/a>\r\n                    <div class=\"twp-reaction-title\">\r\n                        Sad                    <\/div>\r\n                    <div class=\"twp-count-percent\">\r\n                                                    <span style=\"display: none;\" class=\"twp-react-count\">0<\/span>\r\n                                                                        <span class=\"twp-react-percent\"><span>0<\/span> %<\/span>\r\n                                            <\/div>\r\n                <\/div>\r\n\r\n                <div class=\"twp-reacts-wrap\">\r\n                    <a react-data=\"be-react-3\" post-id=\"2865\" class=\"be-face-icons un-reacted\" href=\"javascript:void(0)\">\r\n                        <img decoding=\"async\" src=\"https:\/\/jornaloassobio.pt\/wp-content\/plugins\/booster-extension\/\/assets\/icon\/excited.svg\" alt=\"Excited\">\r\n                    <\/a>\r\n                    <div class=\"twp-reaction-title\">\r\n                        Excited                    <\/div>\r\n                    <div class=\"twp-count-percent\">\r\n                                                    <span style=\"display: none;\" class=\"twp-react-count\">0<\/span>\r\n                                                                        <span class=\"twp-react-percent\"><span>0<\/span> %<\/span>\r\n                                            <\/div>\r\n                <\/div>\r\n\r\n                <div class=\"twp-reacts-wrap\">\r\n                    <a react-data=\"be-react-6\" post-id=\"2865\" class=\"be-face-icons un-reacted\" href=\"javascript:void(0)\">\r\n                        <img decoding=\"async\" src=\"https:\/\/jornaloassobio.pt\/wp-content\/plugins\/booster-extension\/\/assets\/icon\/sleepy.svg\" alt=\"Sleepy\">\r\n                    <\/a>\r\n                    <div class=\"twp-reaction-title\">\r\n                        Sleepy                    <\/div>\r\n                    <div class=\"twp-count-percent\">\r\n                                                    <span style=\"display: none;\" class=\"twp-react-count\">0<\/span>\r\n                        \r\n                                                <span class=\"twp-react-percent\"><span>0<\/span> %<\/span>\r\n                                            <\/div>\r\n                <\/div>\r\n\r\n                <div class=\"twp-reacts-wrap\">\r\n                    <a react-data=\"be-react-4\" post-id=\"2865\" class=\"be-face-icons un-reacted\" href=\"javascript:void(0)\">\r\n                        <img decoding=\"async\" src=\"https:\/\/jornaloassobio.pt\/wp-content\/plugins\/booster-extension\/\/assets\/icon\/angry.svg\" alt=\"Angry\">\r\n                    <\/a>\r\n                    <div class=\"twp-reaction-title\">Angry<\/div>\r\n                    <div class=\"twp-count-percent\">\r\n                                                    <span style=\"display: none;\" class=\"twp-react-count\">0<\/span>\r\n                                                                        <span class=\"twp-react-percent\"><span>0<\/span> %<\/span>\r\n                        \r\n                    <\/div>\r\n                <\/div>\r\n\r\n                <div class=\"twp-reacts-wrap\">\r\n                    <a react-data=\"be-react-5\" post-id=\"2865\" class=\"be-face-icons un-reacted\" href=\"javascript:void(0)\">\r\n                        <img decoding=\"async\" src=\"https:\/\/jornaloassobio.pt\/wp-content\/plugins\/booster-extension\/\/assets\/icon\/surprise.svg\" alt=\"Surprise\">\r\n                    <\/a>\r\n                    <div class=\"twp-reaction-title\">Surprise<\/div>\r\n                    <div class=\"twp-count-percent\">\r\n                                                    <span style=\"display: none;\" class=\"twp-react-count\">0<\/span>\r\n                                                                        <span class=\"twp-react-percent\"><span>0<\/span> %<\/span>\r\n                                            <\/div>\r\n                <\/div>\r\n\r\n            <\/div>\r\n        <\/div>\r\n\r\n    ","protected":false},"excerpt":{"rendered":"<p>\u00a0 \u00a0 No dia 27 de setembro, a Escola B\u00e1sica 2,3 de Santa Clara e a Escola Secund\u00e1ria Severim de Faria adquiriram um novo cora\u00e7\u00e3o &#8211; um Cora\u00e7\u00e3o Ecol\u00f3gico para ajudar a cuidar melhor do meio ambiente na pr\u00f3pria escola. Trata-se de uma estrutura em forma de cora\u00e7\u00e3o, feita em ferro pintado de azul, onde [&hellip;]<\/p>\n","protected":false},"author":6,"featured_media":2868,"comment_status":"open","ping_status":"open","sticky":false,"template":"","format":"standard","meta":{"footnotes":""},"categories":[4],"tags":[],"class_list":["post-2865","post","type-post","status-publish","format-standard","has-post-thumbnail","hentry","category-noticias"],"_links":{"self":[{"href":"https:\/\/jornaloassobio.pt\/index.php?rest_route=\/wp\/v2\/posts\/2865","targetHints":{"allow":["GET"]}}],"collection":[{"href":"https:\/\/jornaloassobio.pt\/index.php?rest_route=\/wp\/v2\/posts"}],"about":[{"href":"https:\/\/jornaloassobio.pt\/index.php?rest_route=\/wp\/v2\/types\/post"}],"author":[{"embeddable":true,"href":"https:\/\/jornaloassobio.pt\/index.php?rest_route=\/wp\/v2\/users\/6"}],"replies":[{"embeddable":true,"href":"https:\/\/jornaloassobio.pt\/index.php?rest_route=%2Fwp%2Fv2%2Fcomments&post=2865"}],"version-history":[{"count":12,"href":"https:\/\/jornaloassobio.pt\/index.php?rest_route=\/wp\/v2\/posts\/2865\/revisions"}],"predecessor-version":[{"id":2885,"href":"https:\/\/jornaloassobio.pt\/index.php?rest_route=\/wp\/v2\/posts\/2865\/revisions\/2885"}],"wp:featuredmedia":[{"embeddable":true,"href":"https:\/\/jornaloassobio.pt\/index.php?rest_route=\/wp\/v2\/media\/2868"}],"wp:attachment":[{"href":"https:\/\/jornaloassobio.pt\/index.php?rest_route=%2Fwp%2Fv2%2Fmedia&parent=2865"}],"wp:term":[{"taxonomy":"category","embeddable":true,"href":"https:\/\/jornaloassobio.pt\/index.php?rest_route=%2Fwp%2Fv2%2Fcategories&post=2865"},{"taxonomy":"post_tag","embeddable":true,"href":"https:\/\/jornaloassobio.pt\/index.php?rest_route=%2Fwp%2Fv2%2Ftags&post=2865"}],"curies":[{"name":"wp","href":"https:\/\/api.w.org\/{rel}","templated":true}]}}