{"id":2946,"date":"2024-10-14T12:30:52","date_gmt":"2024-10-14T12:30:52","guid":{"rendered":"https:\/\/jornaloassobio.pt\/?p=2946"},"modified":"2024-10-14T12:30:52","modified_gmt":"2024-10-14T12:30:52","slug":"mostra-de-filmes-tim-burton-30-e-31-de-outubro","status":"publish","type":"post","link":"https:\/\/jornaloassobio.pt\/?p=2946","title":{"rendered":"Mostra de Filmes TIM BURTON &#8211; 30 e 31 de OUTUBRO"},"content":{"rendered":"<div class='booster-block booster-read-block'>\r\n                <div class=\"twp-read-time\">\r\n                \t<i class=\"booster-icon twp-clock\"><\/i> <span>Read Time:<\/span>1 Minute, 33 Second                <\/div>\r\n\r\n            <\/div><p><img loading=\"lazy\" decoding=\"async\" class=\"alignnone size-medium wp-image-2947\" src=\"https:\/\/jornaloassobio.pt\/wp-content\/uploads\/2024\/10\/2-169x300.png\" alt=\"\" width=\"169\" height=\"300\" srcset=\"https:\/\/jornaloassobio.pt\/wp-content\/uploads\/2024\/10\/2-169x300.png 169w, https:\/\/jornaloassobio.pt\/wp-content\/uploads\/2024\/10\/2-576x1024.png 576w, https:\/\/jornaloassobio.pt\/wp-content\/uploads\/2024\/10\/2-768x1365.png 768w, https:\/\/jornaloassobio.pt\/wp-content\/uploads\/2024\/10\/2-864x1536.png 864w, https:\/\/jornaloassobio.pt\/wp-content\/uploads\/2024\/10\/2.png 1080w\" sizes=\"auto, (max-width: 169px) 100vw, 169px\" \/><\/p>\n<div class=\"x_x_x_elementToProof\" data-olk-copy-source=\"MessageBody\">A equipa do PNC (plano nacional de cinema), do Agrupamento de Escolas Severim de Faria, vai organizar uma mostra de filmes do realizador Tim Burton. Essa mostra decorrer\u00e1 dias 30 e 31 de Outubro e pretende assinalar o Halloween\/Dia de los Muertos\/Dia de Todos os Santos ( ou outras designa\u00e7\u00f5es que este possa ter). Ter\u00e1 lugar no Audit\u00f3rio da Escola Secund\u00e1ria Severim de Faria, nos dias 30 e 31 de Outubro (ver programa). As fichas de inscri\u00e7\u00e3o, para o visionamento dos filmes, encontram-se afixadas na sala de professores.<\/div>\n<div class=\"x_x_x_elementToProof\">Esta Atividade \u00e9 dirigida aos segundo e terceiro ciclos do Agrupamento (Escola Severim de Faria e de Santa Clara), sendo que poder\u00e3o participar alunos do Ensino Secund\u00e1ria por delibera\u00e7\u00e3o dos professores.<\/div>\n<div class=\"x_x_x_elementToProof\"><\/div>\n<div>\n<div><b data-olk-copy-source=\"MessageBody\">Proposta de Atividades Complementares Interdisciplinares:<\/b><\/div>\n<div><\/div>\n<div>Para al\u00e9m da mostra de filmes, e como Atividade Complementar, foi lan\u00e7ado um desafio aos professores\/alunos de L\u00ednguas Estrangeiras e\u00a0 Portugu\u00eas. Este consiste numa atividade de escrita criativa: prop\u00f5e-se que os alunos, orientados pelos professores, escrevam um pequeno conto de terror\/horror, macabro ou fant\u00e1stico, com o m\u00e1ximo de 2 p\u00e1ginas. Estes textos\u00a0 poder\u00e3o ser entregues at\u00e9 dia 8 de novembro e n\u00e3o exigem, necessariamente, o visionamento dos filmes. Esta Atividade conta, tamb\u00e9m, com a colabora\u00e7\u00e3o dos professores\/alunos \u00a0de Educa\u00e7\u00e3o Visual e Oficina de Artes Pl\u00e1sticas: nestas, os alunos ir\u00e3o ilustrar os\u00a0 contos apresentados sem ilustra\u00e7\u00f5es. Eventualmente, poder\u00e3o construir fantoches, por delibera\u00e7\u00e3o dos docentes das referidas disciplinas.<\/div>\n<div>Estes trabalhos ser\u00e3o expostos \u00e0 comunidade escolar e haver\u00e1 um pequeno pr\u00e9mio para o trabalho que mais se destaque.<\/div>\n<div>Posteriormente, estes textos servir\u00e3o de argumento para anima\u00e7\u00f5es a realizar (em Stop Motion), ao longo do ano letivo, no \u00e2mbito da disciplina de OAP.<\/div>\n<\/div>\n<div><\/div>\n<div>Para mais informa\u00e7\u00f5es, contactar as docentes Ana Fadigas ou Manuela Ramalho (professora bibliotec\u00e1ria)<\/div>\n<div><\/div>\n<div>\n<div style=\"width: 1140px;\" class=\"wp-video\"><video class=\"wp-video-shortcode\" id=\"video-2946-1\" width=\"1140\" height=\"641\" preload=\"metadata\" controls=\"controls\"><source type=\"video\/mp4\" src=\"https:\/\/jornaloassobio.pt\/wp-content\/uploads\/2024\/10\/CINEMA-PARTY-2.mp4?_=1\" \/><a href=\"https:\/\/jornaloassobio.pt\/wp-content\/uploads\/2024\/10\/CINEMA-PARTY-2.mp4\">https:\/\/jornaloassobio.pt\/wp-content\/uploads\/2024\/10\/CINEMA-PARTY-2.mp4<\/a><\/video><\/div>\n<\/div>\n        <div class=\"booster-block booster-reactions-block\">\r\n            <div class=\"twp-reactions-icons\">\r\n                \r\n                <div class=\"twp-reacts-wrap\">\r\n                    <a react-data=\"be-react-1\" post-id=\"2946\" class=\"be-face-icons un-reacted\" href=\"javascript:void(0)\">\r\n                        <img decoding=\"async\" src=\"https:\/\/jornaloassobio.pt\/wp-content\/plugins\/booster-extension\/\/assets\/icon\/happy.svg\" alt=\"Happy\">\r\n                    <\/a>\r\n                    <div class=\"twp-reaction-title\">\r\n                        Happy                    <\/div>\r\n                    <div class=\"twp-count-percent\">\r\n                                                    <span style=\"display: none;\" class=\"twp-react-count\">0<\/span>\r\n                        \r\n                                                <span class=\"twp-react-percent\"><span>0<\/span> %<\/span>\r\n                                            <\/div>\r\n                <\/div>\r\n\r\n                <div class=\"twp-reacts-wrap\">\r\n                    <a react-data=\"be-react-2\" post-id=\"2946\" class=\"be-face-icons un-reacted\" href=\"javascript:void(0)\">\r\n                        <img decoding=\"async\" src=\"https:\/\/jornaloassobio.pt\/wp-content\/plugins\/booster-extension\/\/assets\/icon\/sad.svg\" alt=\"Sad\">\r\n                    <\/a>\r\n                    <div class=\"twp-reaction-title\">\r\n                        Sad                    <\/div>\r\n                    <div class=\"twp-count-percent\">\r\n                                                    <span style=\"display: none;\" class=\"twp-react-count\">0<\/span>\r\n                                                                        <span class=\"twp-react-percent\"><span>0<\/span> %<\/span>\r\n                                            <\/div>\r\n                <\/div>\r\n\r\n                <div class=\"twp-reacts-wrap\">\r\n                    <a react-data=\"be-react-3\" post-id=\"2946\" class=\"be-face-icons un-reacted\" href=\"javascript:void(0)\">\r\n                        <img decoding=\"async\" src=\"https:\/\/jornaloassobio.pt\/wp-content\/plugins\/booster-extension\/\/assets\/icon\/excited.svg\" alt=\"Excited\">\r\n                    <\/a>\r\n                    <div class=\"twp-reaction-title\">\r\n                        Excited                    <\/div>\r\n                    <div class=\"twp-count-percent\">\r\n                                                    <span style=\"display: none;\" class=\"twp-react-count\">0<\/span>\r\n                                                                        <span class=\"twp-react-percent\"><span>0<\/span> %<\/span>\r\n                                            <\/div>\r\n                <\/div>\r\n\r\n                <div class=\"twp-reacts-wrap\">\r\n                    <a react-data=\"be-react-6\" post-id=\"2946\" class=\"be-face-icons un-reacted\" href=\"javascript:void(0)\">\r\n                        <img decoding=\"async\" src=\"https:\/\/jornaloassobio.pt\/wp-content\/plugins\/booster-extension\/\/assets\/icon\/sleepy.svg\" alt=\"Sleepy\">\r\n                    <\/a>\r\n                    <div class=\"twp-reaction-title\">\r\n                        Sleepy                    <\/div>\r\n                    <div class=\"twp-count-percent\">\r\n                                                    <span style=\"display: none;\" class=\"twp-react-count\">0<\/span>\r\n                        \r\n                                                <span class=\"twp-react-percent\"><span>0<\/span> %<\/span>\r\n                                            <\/div>\r\n                <\/div>\r\n\r\n                <div class=\"twp-reacts-wrap\">\r\n                    <a react-data=\"be-react-4\" post-id=\"2946\" class=\"be-face-icons un-reacted\" href=\"javascript:void(0)\">\r\n                        <img decoding=\"async\" src=\"https:\/\/jornaloassobio.pt\/wp-content\/plugins\/booster-extension\/\/assets\/icon\/angry.svg\" alt=\"Angry\">\r\n                    <\/a>\r\n                    <div class=\"twp-reaction-title\">Angry<\/div>\r\n                    <div class=\"twp-count-percent\">\r\n                                                    <span style=\"display: none;\" class=\"twp-react-count\">0<\/span>\r\n                                                                        <span class=\"twp-react-percent\"><span>0<\/span> %<\/span>\r\n                        \r\n                    <\/div>\r\n                <\/div>\r\n\r\n                <div class=\"twp-reacts-wrap\">\r\n                    <a react-data=\"be-react-5\" post-id=\"2946\" class=\"be-face-icons un-reacted\" href=\"javascript:void(0)\">\r\n                        <img decoding=\"async\" src=\"https:\/\/jornaloassobio.pt\/wp-content\/plugins\/booster-extension\/\/assets\/icon\/surprise.svg\" alt=\"Surprise\">\r\n                    <\/a>\r\n                    <div class=\"twp-reaction-title\">Surprise<\/div>\r\n                    <div class=\"twp-count-percent\">\r\n                                                    <span style=\"display: none;\" class=\"twp-react-count\">0<\/span>\r\n                                                                        <span class=\"twp-react-percent\"><span>0<\/span> %<\/span>\r\n                                            <\/div>\r\n                <\/div>\r\n\r\n            <\/div>\r\n        <\/div>\r\n\r\n    ","protected":false},"excerpt":{"rendered":"<p>A equipa do PNC (plano nacional de cinema), do Agrupamento de Escolas Severim de Faria, vai organizar uma mostra de filmes do realizador Tim Burton. Essa mostra decorrer\u00e1 dias 30 e 31 de Outubro e pretende assinalar o Halloween\/Dia de los Muertos\/Dia de Todos os Santos ( ou outras designa\u00e7\u00f5es que este possa ter). Ter\u00e1 [&hellip;]<\/p>\n","protected":false},"author":7,"featured_media":2949,"comment_status":"open","ping_status":"open","sticky":false,"template":"","format":"standard","meta":{"footnotes":""},"categories":[4],"tags":[],"class_list":["post-2946","post","type-post","status-publish","format-standard","has-post-thumbnail","hentry","category-noticias"],"_links":{"self":[{"href":"https:\/\/jornaloassobio.pt\/index.php?rest_route=\/wp\/v2\/posts\/2946","targetHints":{"allow":["GET"]}}],"collection":[{"href":"https:\/\/jornaloassobio.pt\/index.php?rest_route=\/wp\/v2\/posts"}],"about":[{"href":"https:\/\/jornaloassobio.pt\/index.php?rest_route=\/wp\/v2\/types\/post"}],"author":[{"embeddable":true,"href":"https:\/\/jornaloassobio.pt\/index.php?rest_route=\/wp\/v2\/users\/7"}],"replies":[{"embeddable":true,"href":"https:\/\/jornaloassobio.pt\/index.php?rest_route=%2Fwp%2Fv2%2Fcomments&post=2946"}],"version-history":[{"count":2,"href":"https:\/\/jornaloassobio.pt\/index.php?rest_route=\/wp\/v2\/posts\/2946\/revisions"}],"predecessor-version":[{"id":2951,"href":"https:\/\/jornaloassobio.pt\/index.php?rest_route=\/wp\/v2\/posts\/2946\/revisions\/2951"}],"wp:featuredmedia":[{"embeddable":true,"href":"https:\/\/jornaloassobio.pt\/index.php?rest_route=\/wp\/v2\/media\/2949"}],"wp:attachment":[{"href":"https:\/\/jornaloassobio.pt\/index.php?rest_route=%2Fwp%2Fv2%2Fmedia&parent=2946"}],"wp:term":[{"taxonomy":"category","embeddable":true,"href":"https:\/\/jornaloassobio.pt\/index.php?rest_route=%2Fwp%2Fv2%2Fcategories&post=2946"},{"taxonomy":"post_tag","embeddable":true,"href":"https:\/\/jornaloassobio.pt\/index.php?rest_route=%2Fwp%2Fv2%2Ftags&post=2946"}],"curies":[{"name":"wp","href":"https:\/\/api.w.org\/{rel}","templated":true}]}}