{"id":2963,"date":"2024-10-22T09:26:54","date_gmt":"2024-10-22T09:26:54","guid":{"rendered":"https:\/\/jornaloassobio.pt\/?p=2963"},"modified":"2024-10-22T09:36:31","modified_gmt":"2024-10-22T09:36:31","slug":"alunos-de-espanhol-celebram-dia-de-la-hispanidad","status":"publish","type":"post","link":"https:\/\/jornaloassobio.pt\/?p=2963","title":{"rendered":"ALUNOS DE ESPANHOL CELEBRAM O &#8220;DIA DE LA HISPANIDAD&#8221;"},"content":{"rendered":"<div class='booster-block booster-read-block'>\r\n                <div class=\"twp-read-time\">\r\n                \t<i class=\"booster-icon twp-clock\"><\/i> <span>Read Time:<\/span>46 Second                <\/div>\r\n\r\n            <\/div><h3>Os alunos da disciplina de Espanhol do Agrupamento de Escolas Severim de Faria, orientados pelos seus professores, associaram-se \u00e0 celebra\u00e7\u00e3o do Dia Nacional de Espanha ou <em>Dia da Hispanidade<\/em>.<\/h3>\n<h3>Estes participaram em v\u00e1rias atividades alusivas a este dia, nomeadamente elabora\u00e7\u00e3o de cartazes, textos, passatempos culturais, ilustra\u00e7\u00f5es, dramatiza\u00e7\u00f5es e degusta\u00e7\u00e3o da gastronomia espanhola na cantina da Escola.<\/h3>\n<h3>\u00a0A Festa Nacional de Espanha ou <em>Dia da Hispanidade<\/em> celebra-se anualmente a 12 de outubro.<\/h3>\n<h3>Este dia foi escolhido por coincidir com a data de descoberta da Am\u00e9rica (\u00abNovo Mundo\u00bb) pelo navegador Crist\u00f3v\u00e3o Colombo, a 12 de outubro de 1492. A descoberta foi feita ao servi\u00e7o dos Reis de Castela e Arag\u00e3o, que apoiaram o projeto do navegador.<\/h3>\n<h3>Por outro lado, \u00e9 um dia que pretende unir os espanh\u00f3is em torno de uma identidade espanhola, apesar da diversidade de culturas dentro do pa\u00eds.<\/h3>\n<p><img loading=\"lazy\" decoding=\"async\" class=\"alignnone size-medium wp-image-2968\" src=\"https:\/\/jornaloassobio.pt\/wp-content\/uploads\/2024\/10\/IMG_1037-225x300.jpg\" alt=\"\" width=\"225\" height=\"300\" srcset=\"https:\/\/jornaloassobio.pt\/wp-content\/uploads\/2024\/10\/IMG_1037-225x300.jpg 225w, https:\/\/jornaloassobio.pt\/wp-content\/uploads\/2024\/10\/IMG_1037-768x1024.jpg 768w, https:\/\/jornaloassobio.pt\/wp-content\/uploads\/2024\/10\/IMG_1037-1152x1536.jpg 1152w, https:\/\/jornaloassobio.pt\/wp-content\/uploads\/2024\/10\/IMG_1037-1536x2048.jpg 1536w, https:\/\/jornaloassobio.pt\/wp-content\/uploads\/2024\/10\/IMG_1037-scaled.jpg 1920w\" sizes=\"auto, (max-width: 225px) 100vw, 225px\" \/><img loading=\"lazy\" decoding=\"async\" class=\"alignnone size-medium wp-image-2971\" src=\"https:\/\/jornaloassobio.pt\/wp-content\/uploads\/2024\/10\/IMG_1038-225x300.jpg\" alt=\"\" width=\"225\" height=\"300\" srcset=\"https:\/\/jornaloassobio.pt\/wp-content\/uploads\/2024\/10\/IMG_1038-225x300.jpg 225w, https:\/\/jornaloassobio.pt\/wp-content\/uploads\/2024\/10\/IMG_1038-768x1024.jpg 768w, https:\/\/jornaloassobio.pt\/wp-content\/uploads\/2024\/10\/IMG_1038-1152x1536.jpg 1152w, https:\/\/jornaloassobio.pt\/wp-content\/uploads\/2024\/10\/IMG_1038-1536x2048.jpg 1536w, https:\/\/jornaloassobio.pt\/wp-content\/uploads\/2024\/10\/IMG_1038-scaled.jpg 1920w\" sizes=\"auto, (max-width: 225px) 100vw, 225px\" \/><img loading=\"lazy\" decoding=\"async\" class=\"alignnone size-medium wp-image-2972\" src=\"https:\/\/jornaloassobio.pt\/wp-content\/uploads\/2024\/10\/IMG_1036-1-300x225.jpg\" alt=\"\" width=\"300\" height=\"225\" srcset=\"https:\/\/jornaloassobio.pt\/wp-content\/uploads\/2024\/10\/IMG_1036-1-300x225.jpg 300w, https:\/\/jornaloassobio.pt\/wp-content\/uploads\/2024\/10\/IMG_1036-1-1024x768.jpg 1024w, https:\/\/jornaloassobio.pt\/wp-content\/uploads\/2024\/10\/IMG_1036-1-768x576.jpg 768w, https:\/\/jornaloassobio.pt\/wp-content\/uploads\/2024\/10\/IMG_1036-1-1536x1152.jpg 1536w, https:\/\/jornaloassobio.pt\/wp-content\/uploads\/2024\/10\/IMG_1036-1-2048x1536.jpg 2048w\" sizes=\"auto, (max-width: 300px) 100vw, 300px\" \/><img loading=\"lazy\" decoding=\"async\" class=\"alignnone size-medium wp-image-2967\" src=\"https:\/\/jornaloassobio.pt\/wp-content\/uploads\/2024\/10\/8cb1b86f-0e03-429e-bf36-fcbf033b1b8e-300x225.jpg\" alt=\"\" width=\"300\" height=\"225\" srcset=\"https:\/\/jornaloassobio.pt\/wp-content\/uploads\/2024\/10\/8cb1b86f-0e03-429e-bf36-fcbf033b1b8e-300x225.jpg 300w, https:\/\/jornaloassobio.pt\/wp-content\/uploads\/2024\/10\/8cb1b86f-0e03-429e-bf36-fcbf033b1b8e-1024x768.jpg 1024w, https:\/\/jornaloassobio.pt\/wp-content\/uploads\/2024\/10\/8cb1b86f-0e03-429e-bf36-fcbf033b1b8e-768x576.jpg 768w, https:\/\/jornaloassobio.pt\/wp-content\/uploads\/2024\/10\/8cb1b86f-0e03-429e-bf36-fcbf033b1b8e-1536x1152.jpg 1536w, https:\/\/jornaloassobio.pt\/wp-content\/uploads\/2024\/10\/8cb1b86f-0e03-429e-bf36-fcbf033b1b8e.jpg 1600w\" sizes=\"auto, (max-width: 300px) 100vw, 300px\" \/><img loading=\"lazy\" decoding=\"async\" class=\"alignnone size-medium wp-image-2969\" src=\"https:\/\/jornaloassobio.pt\/wp-content\/uploads\/2024\/10\/6420bc46-5673-45a7-a20f-a873057871c2-138x300.jpg\" alt=\"\" width=\"138\" height=\"300\" srcset=\"https:\/\/jornaloassobio.pt\/wp-content\/uploads\/2024\/10\/6420bc46-5673-45a7-a20f-a873057871c2-138x300.jpg 138w, https:\/\/jornaloassobio.pt\/wp-content\/uploads\/2024\/10\/6420bc46-5673-45a7-a20f-a873057871c2-472x1024.jpg 472w, https:\/\/jornaloassobio.pt\/wp-content\/uploads\/2024\/10\/6420bc46-5673-45a7-a20f-a873057871c2-708x1536.jpg 708w, https:\/\/jornaloassobio.pt\/wp-content\/uploads\/2024\/10\/6420bc46-5673-45a7-a20f-a873057871c2.jpg 738w\" sizes=\"auto, (max-width: 138px) 100vw, 138px\" \/><img loading=\"lazy\" decoding=\"async\" class=\"wp-image-2970 alignleft\" src=\"https:\/\/jornaloassobio.pt\/wp-content\/uploads\/2024\/10\/d1650027-eb39-4e39-af4f-35ad6cc323bc-300x138.jpg\" alt=\"\" width=\"326\" height=\"150\" srcset=\"https:\/\/jornaloassobio.pt\/wp-content\/uploads\/2024\/10\/d1650027-eb39-4e39-af4f-35ad6cc323bc-300x138.jpg 300w, https:\/\/jornaloassobio.pt\/wp-content\/uploads\/2024\/10\/d1650027-eb39-4e39-af4f-35ad6cc323bc-1024x472.jpg 1024w, https:\/\/jornaloassobio.pt\/wp-content\/uploads\/2024\/10\/d1650027-eb39-4e39-af4f-35ad6cc323bc-768x354.jpg 768w, https:\/\/jornaloassobio.pt\/wp-content\/uploads\/2024\/10\/d1650027-eb39-4e39-af4f-35ad6cc323bc-1536x708.jpg 1536w, https:\/\/jornaloassobio.pt\/wp-content\/uploads\/2024\/10\/d1650027-eb39-4e39-af4f-35ad6cc323bc.jpg 1600w\" sizes=\"auto, (max-width: 326px) 100vw, 326px\" \/><\/p>\n<p>https:\/\/eurocid.mne.gov.pt\/eventos\/festa-nacional-de-espanha-ou-dia-da-hispanidade-2021<\/p>\n        <div class=\"booster-block booster-reactions-block\">\r\n            <div class=\"twp-reactions-icons\">\r\n                \r\n                <div class=\"twp-reacts-wrap\">\r\n                    <a react-data=\"be-react-1\" post-id=\"2963\" class=\"be-face-icons un-reacted\" href=\"javascript:void(0)\">\r\n                        <img decoding=\"async\" src=\"https:\/\/jornaloassobio.pt\/wp-content\/plugins\/booster-extension\/\/assets\/icon\/happy.svg\" alt=\"Happy\">\r\n                    <\/a>\r\n                    <div class=\"twp-reaction-title\">\r\n                        Happy                    <\/div>\r\n                    <div class=\"twp-count-percent\">\r\n                                                    <span style=\"display: none;\" class=\"twp-react-count\">0<\/span>\r\n                        \r\n                                                <span class=\"twp-react-percent\"><span>0<\/span> %<\/span>\r\n                                            <\/div>\r\n                <\/div>\r\n\r\n                <div class=\"twp-reacts-wrap\">\r\n                    <a react-data=\"be-react-2\" post-id=\"2963\" class=\"be-face-icons un-reacted\" href=\"javascript:void(0)\">\r\n                        <img decoding=\"async\" src=\"https:\/\/jornaloassobio.pt\/wp-content\/plugins\/booster-extension\/\/assets\/icon\/sad.svg\" alt=\"Sad\">\r\n                    <\/a>\r\n                    <div class=\"twp-reaction-title\">\r\n                        Sad                    <\/div>\r\n                    <div class=\"twp-count-percent\">\r\n                                                    <span style=\"display: none;\" class=\"twp-react-count\">0<\/span>\r\n                                                                        <span class=\"twp-react-percent\"><span>0<\/span> %<\/span>\r\n                                            <\/div>\r\n                <\/div>\r\n\r\n                <div class=\"twp-reacts-wrap\">\r\n                    <a react-data=\"be-react-3\" post-id=\"2963\" class=\"be-face-icons un-reacted\" href=\"javascript:void(0)\">\r\n                        <img decoding=\"async\" src=\"https:\/\/jornaloassobio.pt\/wp-content\/plugins\/booster-extension\/\/assets\/icon\/excited.svg\" alt=\"Excited\">\r\n                    <\/a>\r\n                    <div class=\"twp-reaction-title\">\r\n                        Excited                    <\/div>\r\n                    <div class=\"twp-count-percent\">\r\n                                                    <span style=\"display: none;\" class=\"twp-react-count\">0<\/span>\r\n                                                                        <span class=\"twp-react-percent\"><span>0<\/span> %<\/span>\r\n                                            <\/div>\r\n                <\/div>\r\n\r\n                <div class=\"twp-reacts-wrap\">\r\n                    <a react-data=\"be-react-6\" post-id=\"2963\" class=\"be-face-icons un-reacted\" href=\"javascript:void(0)\">\r\n                        <img decoding=\"async\" src=\"https:\/\/jornaloassobio.pt\/wp-content\/plugins\/booster-extension\/\/assets\/icon\/sleepy.svg\" alt=\"Sleepy\">\r\n                    <\/a>\r\n                    <div class=\"twp-reaction-title\">\r\n                        Sleepy                    <\/div>\r\n                    <div class=\"twp-count-percent\">\r\n                                                    <span style=\"display: none;\" class=\"twp-react-count\">0<\/span>\r\n                        \r\n                                                <span class=\"twp-react-percent\"><span>0<\/span> %<\/span>\r\n                                            <\/div>\r\n                <\/div>\r\n\r\n                <div class=\"twp-reacts-wrap\">\r\n                    <a react-data=\"be-react-4\" post-id=\"2963\" class=\"be-face-icons un-reacted\" href=\"javascript:void(0)\">\r\n                        <img decoding=\"async\" src=\"https:\/\/jornaloassobio.pt\/wp-content\/plugins\/booster-extension\/\/assets\/icon\/angry.svg\" alt=\"Angry\">\r\n                    <\/a>\r\n                    <div class=\"twp-reaction-title\">Angry<\/div>\r\n                    <div class=\"twp-count-percent\">\r\n                                                    <span style=\"display: none;\" class=\"twp-react-count\">0<\/span>\r\n                                                                        <span class=\"twp-react-percent\"><span>0<\/span> %<\/span>\r\n                        \r\n                    <\/div>\r\n                <\/div>\r\n\r\n                <div class=\"twp-reacts-wrap\">\r\n                    <a react-data=\"be-react-5\" post-id=\"2963\" class=\"be-face-icons un-reacted\" href=\"javascript:void(0)\">\r\n                        <img decoding=\"async\" src=\"https:\/\/jornaloassobio.pt\/wp-content\/plugins\/booster-extension\/\/assets\/icon\/surprise.svg\" alt=\"Surprise\">\r\n                    <\/a>\r\n                    <div class=\"twp-reaction-title\">Surprise<\/div>\r\n                    <div class=\"twp-count-percent\">\r\n                                                    <span style=\"display: none;\" class=\"twp-react-count\">0<\/span>\r\n                                                                        <span class=\"twp-react-percent\"><span>0<\/span> %<\/span>\r\n                                            <\/div>\r\n                <\/div>\r\n\r\n            <\/div>\r\n        <\/div>\r\n\r\n    ","protected":false},"excerpt":{"rendered":"<p>Os alunos da disciplina de Espanhol do Agrupamento de Escolas Severim de Faria, orientados pelos seus professores, associaram-se \u00e0 celebra\u00e7\u00e3o do Dia Nacional de Espanha ou Dia da Hispanidade. Estes participaram em v\u00e1rias atividades alusivas a este dia, nomeadamente elabora\u00e7\u00e3o de cartazes, textos, passatempos culturais, ilustra\u00e7\u00f5es, dramatiza\u00e7\u00f5es e degusta\u00e7\u00e3o da gastronomia espanhola na cantina da [&hellip;]<\/p>\n","protected":false},"author":6,"featured_media":2968,"comment_status":"open","ping_status":"open","sticky":false,"template":"","format":"standard","meta":{"footnotes":""},"categories":[4],"tags":[],"class_list":["post-2963","post","type-post","status-publish","format-standard","has-post-thumbnail","hentry","category-noticias"],"_links":{"self":[{"href":"https:\/\/jornaloassobio.pt\/index.php?rest_route=\/wp\/v2\/posts\/2963","targetHints":{"allow":["GET"]}}],"collection":[{"href":"https:\/\/jornaloassobio.pt\/index.php?rest_route=\/wp\/v2\/posts"}],"about":[{"href":"https:\/\/jornaloassobio.pt\/index.php?rest_route=\/wp\/v2\/types\/post"}],"author":[{"embeddable":true,"href":"https:\/\/jornaloassobio.pt\/index.php?rest_route=\/wp\/v2\/users\/6"}],"replies":[{"embeddable":true,"href":"https:\/\/jornaloassobio.pt\/index.php?rest_route=%2Fwp%2Fv2%2Fcomments&post=2963"}],"version-history":[{"count":16,"href":"https:\/\/jornaloassobio.pt\/index.php?rest_route=\/wp\/v2\/posts\/2963\/revisions"}],"predecessor-version":[{"id":2989,"href":"https:\/\/jornaloassobio.pt\/index.php?rest_route=\/wp\/v2\/posts\/2963\/revisions\/2989"}],"wp:featuredmedia":[{"embeddable":true,"href":"https:\/\/jornaloassobio.pt\/index.php?rest_route=\/wp\/v2\/media\/2968"}],"wp:attachment":[{"href":"https:\/\/jornaloassobio.pt\/index.php?rest_route=%2Fwp%2Fv2%2Fmedia&parent=2963"}],"wp:term":[{"taxonomy":"category","embeddable":true,"href":"https:\/\/jornaloassobio.pt\/index.php?rest_route=%2Fwp%2Fv2%2Fcategories&post=2963"},{"taxonomy":"post_tag","embeddable":true,"href":"https:\/\/jornaloassobio.pt\/index.php?rest_route=%2Fwp%2Fv2%2Ftags&post=2963"}],"curies":[{"name":"wp","href":"https:\/\/api.w.org\/{rel}","templated":true}]}}