{"id":2996,"date":"2024-10-25T09:00:44","date_gmt":"2024-10-25T09:00:44","guid":{"rendered":"https:\/\/jornaloassobio.pt\/?p=2996"},"modified":"2024-10-25T09:02:23","modified_gmt":"2024-10-25T09:02:23","slug":"dia-mundial-do-cinema","status":"publish","type":"post","link":"https:\/\/jornaloassobio.pt\/?p=2996","title":{"rendered":"DIA MUNDIAL DO CINEMA"},"content":{"rendered":"<div class='booster-block booster-read-block'>\r\n                <div class=\"twp-read-time\">\r\n                \t<i class=\"booster-icon twp-clock\"><\/i> <span>Read Time:<\/span>1 Minute, 11 Second                <\/div>\r\n\r\n            <\/div><h3><strong>No dia 5 de novembro, celebra-se, anualmente, o\u00a0Dia Mundial do Cinema.<\/strong><\/h3>\n<h3><strong>Ao cinema atribuiu-se\u00a0o t\u00edtulo de S\u00e9tima Arte, uma designa\u00e7\u00e3o dada pelo italiano\u00a0Ricciotto Canudo na\u00a0obra Manifesto\u00a0das\u00a0Sete\u00a0Artes, em\u00a01912.\u00a0<\/strong><\/h3>\n<h3><strong>A palavra cinema pode ser definida como movimento gravado, pois trata-se de uma abreviatura de cinemat\u00f3grafo. O termo &#8220;cine&#8221;, de origem grega, significa movimento, e o sufixo &#8220;\u00e1grafo&#8221;, tem significado de gravar.\u00a0<\/strong><\/h3>\n<p><img loading=\"lazy\" decoding=\"async\" class=\"aligncenter\" src=\"https:\/\/s.calendarr.com\/upload\/datas\/sa\/la\/sala-de-cinema_c.jpg?width=640\" alt=\"cinema\" width=\"655\" height=\"418\" \/><\/p>\n<h3><strong>As produ\u00e7\u00f5es cinematogr\u00e1ficas exercem forte influ\u00eancia sobre as emo\u00e7\u00f5es humanas, levando\u00a0milhares de pessoas aos cinemas, produzindo riso, choro,\u00a0medo ou outros sentimentos\u00a0a qualquer altura do dia.\u00a0<\/strong><\/h3>\n<h3><strong>Em 1895, Paris teve a primeira sess\u00e3o p\u00fablica de cinema, que foi organizada pelos irm\u00e3os Auguste e Louis Lumi\u00e8re. Utilizando um aparelho chamado de cinemat\u00f3grafo, imagens em movimento foram projetadas numa tela para cerca de 30 espetadores.<\/strong><\/h3>\n<h3><strong>Georges M\u00e8li\u00e9s inseriu a <em>performance<\/em> teatral na linguagem cinematogr\u00e1fica. Baseado na obra de J\u00falio Verne criou o filme &#8220;Viagem \u00e0 Lua&#8221;, exibido em 1902, que levou o cinema a um novo patamar devido ao uso de &#8220;efeitos especiais&#8221;.<\/strong><\/h3>\n<h3><strong>A partir de ent\u00e3o, o cinema cresceu como forma de contar hist\u00f3rias, difundir a cultura e propagar o conhecimento. O desenvolvimento de equipamentos e a evolu\u00e7\u00e3o tecnol\u00f3gica permitiram que a arte se aproximasse do p\u00fablico cada vez com mais realismo.<\/strong><\/h3>\n<h3>https:\/\/www.google.com\/search?q=dia+mundial+do+cinema+2024&amp;rlz=1C1YTUH_pt-PTPT1029PT1029&amp;oq=dia+mundial+do+cinema<\/h3>\n<p>&nbsp;<\/p>\n<h3><strong><img loading=\"lazy\" decoding=\"async\" class=\"size-medium wp-image-2998 aligncenter\" src=\"https:\/\/jornaloassobio.pt\/wp-content\/uploads\/2024\/10\/Captura-de-ecra-2023-11-14-095736-1024x1020-1-300x300.png\" alt=\"\" width=\"300\" height=\"300\" srcset=\"https:\/\/jornaloassobio.pt\/wp-content\/uploads\/2024\/10\/Captura-de-ecra-2023-11-14-095736-1024x1020-1-300x300.png 300w, https:\/\/jornaloassobio.pt\/wp-content\/uploads\/2024\/10\/Captura-de-ecra-2023-11-14-095736-1024x1020-1-150x150.png 150w, https:\/\/jornaloassobio.pt\/wp-content\/uploads\/2024\/10\/Captura-de-ecra-2023-11-14-095736-1024x1020-1-768x765.png 768w, https:\/\/jornaloassobio.pt\/wp-content\/uploads\/2024\/10\/Captura-de-ecra-2023-11-14-095736-1024x1020-1.png 1024w\" sizes=\"auto, (max-width: 300px) 100vw, 300px\" \/><\/strong><\/h3>\n        <div class=\"booster-block booster-reactions-block\">\r\n            <div class=\"twp-reactions-icons\">\r\n                \r\n                <div class=\"twp-reacts-wrap\">\r\n                    <a react-data=\"be-react-1\" post-id=\"2996\" class=\"be-face-icons un-reacted\" href=\"javascript:void(0)\">\r\n                        <img decoding=\"async\" src=\"https:\/\/jornaloassobio.pt\/wp-content\/plugins\/booster-extension\/\/assets\/icon\/happy.svg\" alt=\"Happy\">\r\n                    <\/a>\r\n                    <div class=\"twp-reaction-title\">\r\n                        Happy                    <\/div>\r\n                    <div class=\"twp-count-percent\">\r\n                                                    <span style=\"display: none;\" class=\"twp-react-count\">0<\/span>\r\n                        \r\n                                                <span class=\"twp-react-percent\"><span>0<\/span> %<\/span>\r\n                                            <\/div>\r\n                <\/div>\r\n\r\n                <div class=\"twp-reacts-wrap\">\r\n                    <a react-data=\"be-react-2\" post-id=\"2996\" class=\"be-face-icons un-reacted\" href=\"javascript:void(0)\">\r\n                        <img decoding=\"async\" src=\"https:\/\/jornaloassobio.pt\/wp-content\/plugins\/booster-extension\/\/assets\/icon\/sad.svg\" alt=\"Sad\">\r\n                    <\/a>\r\n                    <div class=\"twp-reaction-title\">\r\n                        Sad                    <\/div>\r\n                    <div class=\"twp-count-percent\">\r\n                                                    <span style=\"display: none;\" class=\"twp-react-count\">0<\/span>\r\n                                                                        <span class=\"twp-react-percent\"><span>0<\/span> %<\/span>\r\n                                            <\/div>\r\n                <\/div>\r\n\r\n                <div class=\"twp-reacts-wrap\">\r\n                    <a react-data=\"be-react-3\" post-id=\"2996\" class=\"be-face-icons un-reacted\" href=\"javascript:void(0)\">\r\n                        <img decoding=\"async\" src=\"https:\/\/jornaloassobio.pt\/wp-content\/plugins\/booster-extension\/\/assets\/icon\/excited.svg\" alt=\"Excited\">\r\n                    <\/a>\r\n                    <div class=\"twp-reaction-title\">\r\n                        Excited                    <\/div>\r\n                    <div class=\"twp-count-percent\">\r\n                                                    <span style=\"display: none;\" class=\"twp-react-count\">0<\/span>\r\n                                                                        <span class=\"twp-react-percent\"><span>0<\/span> %<\/span>\r\n                                            <\/div>\r\n                <\/div>\r\n\r\n                <div class=\"twp-reacts-wrap\">\r\n                    <a react-data=\"be-react-6\" post-id=\"2996\" class=\"be-face-icons un-reacted\" href=\"javascript:void(0)\">\r\n                        <img decoding=\"async\" src=\"https:\/\/jornaloassobio.pt\/wp-content\/plugins\/booster-extension\/\/assets\/icon\/sleepy.svg\" alt=\"Sleepy\">\r\n                    <\/a>\r\n                    <div class=\"twp-reaction-title\">\r\n                        Sleepy                    <\/div>\r\n                    <div class=\"twp-count-percent\">\r\n                                                    <span style=\"display: none;\" class=\"twp-react-count\">0<\/span>\r\n                        \r\n                                                <span class=\"twp-react-percent\"><span>0<\/span> %<\/span>\r\n                                            <\/div>\r\n                <\/div>\r\n\r\n                <div class=\"twp-reacts-wrap\">\r\n                    <a react-data=\"be-react-4\" post-id=\"2996\" class=\"be-face-icons un-reacted\" href=\"javascript:void(0)\">\r\n                        <img decoding=\"async\" src=\"https:\/\/jornaloassobio.pt\/wp-content\/plugins\/booster-extension\/\/assets\/icon\/angry.svg\" alt=\"Angry\">\r\n                    <\/a>\r\n                    <div class=\"twp-reaction-title\">Angry<\/div>\r\n                    <div class=\"twp-count-percent\">\r\n                                                    <span style=\"display: none;\" class=\"twp-react-count\">0<\/span>\r\n                                                                        <span class=\"twp-react-percent\"><span>0<\/span> %<\/span>\r\n                        \r\n                    <\/div>\r\n                <\/div>\r\n\r\n                <div class=\"twp-reacts-wrap\">\r\n                    <a react-data=\"be-react-5\" post-id=\"2996\" class=\"be-face-icons un-reacted\" href=\"javascript:void(0)\">\r\n                        <img decoding=\"async\" src=\"https:\/\/jornaloassobio.pt\/wp-content\/plugins\/booster-extension\/\/assets\/icon\/surprise.svg\" alt=\"Surprise\">\r\n                    <\/a>\r\n                    <div class=\"twp-reaction-title\">Surprise<\/div>\r\n                    <div class=\"twp-count-percent\">\r\n                                                    <span style=\"display: none;\" class=\"twp-react-count\">0<\/span>\r\n                                                                        <span class=\"twp-react-percent\"><span>0<\/span> %<\/span>\r\n                                            <\/div>\r\n                <\/div>\r\n\r\n            <\/div>\r\n        <\/div>\r\n\r\n    ","protected":false},"excerpt":{"rendered":"<p>No dia 5 de novembro, celebra-se, anualmente, o\u00a0Dia Mundial do Cinema. Ao cinema atribuiu-se\u00a0o t\u00edtulo de S\u00e9tima Arte, uma designa\u00e7\u00e3o dada pelo italiano\u00a0Ricciotto Canudo na\u00a0obra Manifesto\u00a0das\u00a0Sete\u00a0Artes, em\u00a01912.\u00a0 A palavra cinema pode ser definida como movimento gravado, pois trata-se de uma abreviatura de cinemat\u00f3grafo. O termo &#8220;cine&#8221;, de origem grega, significa movimento, e o sufixo &#8220;\u00e1grafo&#8221;, [&hellip;]<\/p>\n","protected":false},"author":6,"featured_media":2998,"comment_status":"open","ping_status":"open","sticky":false,"template":"","format":"standard","meta":{"footnotes":""},"categories":[4],"tags":[],"class_list":["post-2996","post","type-post","status-publish","format-standard","has-post-thumbnail","hentry","category-noticias"],"_links":{"self":[{"href":"https:\/\/jornaloassobio.pt\/index.php?rest_route=\/wp\/v2\/posts\/2996","targetHints":{"allow":["GET"]}}],"collection":[{"href":"https:\/\/jornaloassobio.pt\/index.php?rest_route=\/wp\/v2\/posts"}],"about":[{"href":"https:\/\/jornaloassobio.pt\/index.php?rest_route=\/wp\/v2\/types\/post"}],"author":[{"embeddable":true,"href":"https:\/\/jornaloassobio.pt\/index.php?rest_route=\/wp\/v2\/users\/6"}],"replies":[{"embeddable":true,"href":"https:\/\/jornaloassobio.pt\/index.php?rest_route=%2Fwp%2Fv2%2Fcomments&post=2996"}],"version-history":[{"count":2,"href":"https:\/\/jornaloassobio.pt\/index.php?rest_route=\/wp\/v2\/posts\/2996\/revisions"}],"predecessor-version":[{"id":2999,"href":"https:\/\/jornaloassobio.pt\/index.php?rest_route=\/wp\/v2\/posts\/2996\/revisions\/2999"}],"wp:featuredmedia":[{"embeddable":true,"href":"https:\/\/jornaloassobio.pt\/index.php?rest_route=\/wp\/v2\/media\/2998"}],"wp:attachment":[{"href":"https:\/\/jornaloassobio.pt\/index.php?rest_route=%2Fwp%2Fv2%2Fmedia&parent=2996"}],"wp:term":[{"taxonomy":"category","embeddable":true,"href":"https:\/\/jornaloassobio.pt\/index.php?rest_route=%2Fwp%2Fv2%2Fcategories&post=2996"},{"taxonomy":"post_tag","embeddable":true,"href":"https:\/\/jornaloassobio.pt\/index.php?rest_route=%2Fwp%2Fv2%2Ftags&post=2996"}],"curies":[{"name":"wp","href":"https:\/\/api.w.org\/{rel}","templated":true}]}}