{"id":3021,"date":"2024-11-05T10:38:13","date_gmt":"2024-11-05T10:38:13","guid":{"rendered":"https:\/\/jornaloassobio.pt\/?p=3021"},"modified":"2024-11-06T10:56:32","modified_gmt":"2024-11-06T10:56:32","slug":"peter-pan-na-biblioteca","status":"publish","type":"post","link":"https:\/\/jornaloassobio.pt\/?p=3021","title":{"rendered":"PETER PAN NA &#8220;TERRA DOS LIVROS&#8221;"},"content":{"rendered":"<div class='booster-block booster-read-block'>\r\n                <div class=\"twp-read-time\">\r\n                \t<i class=\"booster-icon twp-clock\"><\/i> <span>Read Time:<\/span>1 Minute, 19 Second                <\/div>\r\n\r\n            <\/div><h3><\/h3>\n<h3><img loading=\"lazy\" decoding=\"async\" class=\"alignleft\" src=\"https:\/\/aeseverim.pt\/wp-content\/uploads\/2024\/11\/CARTAZ-PETER-PAN-724x1024.png\" width=\"316\" height=\"447\" \/><\/h3>\n<h3><img loading=\"lazy\" decoding=\"async\" class=\"size-medium wp-image-3039 alignleft\" src=\"https:\/\/jornaloassobio.pt\/wp-content\/uploads\/2024\/11\/IMG_2340-225x300.jpg\" alt=\"\" width=\"225\" height=\"300\" srcset=\"https:\/\/jornaloassobio.pt\/wp-content\/uploads\/2024\/11\/IMG_2340-225x300.jpg 225w, https:\/\/jornaloassobio.pt\/wp-content\/uploads\/2024\/11\/IMG_2340-768x1024.jpg 768w, https:\/\/jornaloassobio.pt\/wp-content\/uploads\/2024\/11\/IMG_2340-1152x1536.jpg 1152w, https:\/\/jornaloassobio.pt\/wp-content\/uploads\/2024\/11\/IMG_2340-1536x2048.jpg 1536w, https:\/\/jornaloassobio.pt\/wp-content\/uploads\/2024\/11\/IMG_2340-scaled.jpg 1920w\" sizes=\"auto, (max-width: 225px) 100vw, 225px\" \/><\/h3>\n<h3><strong>Peter Pan<\/strong> continua a fazer parte do imagin\u00e1rio das crian\u00e7as e dos adultos de todo o mundo.<\/h3>\n<h3><img loading=\"lazy\" decoding=\"async\" class=\"size-medium wp-image-3035 alignleft\" src=\"https:\/\/jornaloassobio.pt\/wp-content\/uploads\/2024\/11\/IMG_2334-246x300.jpg\" alt=\"\" width=\"246\" height=\"300\" srcset=\"https:\/\/jornaloassobio.pt\/wp-content\/uploads\/2024\/11\/IMG_2334-246x300.jpg 246w, https:\/\/jornaloassobio.pt\/wp-content\/uploads\/2024\/11\/IMG_2334-841x1024.jpg 841w, https:\/\/jornaloassobio.pt\/wp-content\/uploads\/2024\/11\/IMG_2334-768x936.jpg 768w, https:\/\/jornaloassobio.pt\/wp-content\/uploads\/2024\/11\/IMG_2334-1261x1536.jpg 1261w, https:\/\/jornaloassobio.pt\/wp-content\/uploads\/2024\/11\/IMG_2334-1681x2048.jpg 1681w\" sizes=\"auto, (max-width: 246px) 100vw, 246px\" \/><\/h3>\n<h3>Neste momento , abandonou a Terra do Nunca e est\u00e1 presente numa exposi\u00e7\u00e3o multilingue itinerante,\u00a0 na Biblioteca da Escola Severim de Faria. Ficar\u00e1 durante duas semanas, transitando depois para a Escola B\u00e1sica de S. Clara.<\/h3>\n<h3>Na busca da sua sombra, Peter Pan, um <strong>menino que se recusa a crescer<\/strong>, conhece os jovens Wendy, John e Michael. Ao lado de Sininho e das crian\u00e7as da fam\u00edlia Darling, Peter Pan enfrenta desafios e aventuras na <strong>Terra do Nunca.<\/strong><\/h3>\n<h3>A hist\u00f3ria do menino que n\u00e3o queria crescer atravessou gera\u00e7\u00f5es e continua como uma das narrativas mais adoradas de todos os tempos.<\/h3>\n<h3>Peter Pan nasceu da criatividade de <strong>James Matthew Barrie<\/strong>, escritor e dramaturgo escoc\u00eas.<\/h3>\n<h3><img loading=\"lazy\" decoding=\"async\" class=\"size-medium wp-image-3038 alignleft\" src=\"https:\/\/jornaloassobio.pt\/wp-content\/uploads\/2024\/11\/IMG_2337-225x300.jpg\" alt=\"\" width=\"225\" height=\"300\" srcset=\"https:\/\/jornaloassobio.pt\/wp-content\/uploads\/2024\/11\/IMG_2337-225x300.jpg 225w, https:\/\/jornaloassobio.pt\/wp-content\/uploads\/2024\/11\/IMG_2337-768x1024.jpg 768w, https:\/\/jornaloassobio.pt\/wp-content\/uploads\/2024\/11\/IMG_2337-1152x1536.jpg 1152w, https:\/\/jornaloassobio.pt\/wp-content\/uploads\/2024\/11\/IMG_2337-1536x2048.jpg 1536w, https:\/\/jornaloassobio.pt\/wp-content\/uploads\/2024\/11\/IMG_2337-scaled.jpg 1920w\" sizes=\"auto, (max-width: 225px) 100vw, 225px\" \/><\/h3>\n<h3>Nascido no dia 9 de maio de 1860, J.M. Barrie, como ficou mais conhecido, lidou com a perda desde cedo. Anos depois de perder o seu irm\u00e3o num acidente de patinagem, Barrie tamb\u00e9m se despediria de uma amiga pr\u00f3xima, Sylvia Llewelyn Davies. Vi\u00fava, ela lhe deixaria a guarda dos filhos, que serviram de inspira\u00e7\u00e3o para uma das hist\u00f3rias mais famosas da cultura pop.<\/h3>\n<h3><img loading=\"lazy\" decoding=\"async\" class=\"size-medium wp-image-3036 alignleft\" src=\"https:\/\/jornaloassobio.pt\/wp-content\/uploads\/2024\/11\/IMG_2335-225x300.jpg\" alt=\"\" width=\"225\" height=\"300\" srcset=\"https:\/\/jornaloassobio.pt\/wp-content\/uploads\/2024\/11\/IMG_2335-225x300.jpg 225w, https:\/\/jornaloassobio.pt\/wp-content\/uploads\/2024\/11\/IMG_2335-768x1024.jpg 768w, https:\/\/jornaloassobio.pt\/wp-content\/uploads\/2024\/11\/IMG_2335-1152x1536.jpg 1152w, https:\/\/jornaloassobio.pt\/wp-content\/uploads\/2024\/11\/IMG_2335-1536x2048.jpg 1536w, https:\/\/jornaloassobio.pt\/wp-content\/uploads\/2024\/11\/IMG_2335-scaled.jpg 1920w\" sizes=\"auto, (max-width: 225px) 100vw, 225px\" \/><\/h3>\n<h3>Barrie come\u00e7ou a trabalhar como jornalista e investiu na carreira de escritor freelancer at\u00e9 escrever as suas primeiras hist\u00f3rias. Peter Pan foi mencionado pela primeira vez na sua pe\u00e7a escrita para o p\u00fablico adulto <em>The Boy Who Wouldn\u2019t Grow Up<\/em> e imortalizou o autor.<\/h3>\n<h3><img loading=\"lazy\" decoding=\"async\" class=\"size-medium wp-image-3037 alignleft\" src=\"https:\/\/jornaloassobio.pt\/wp-content\/uploads\/2024\/11\/IMG_2336-225x300.jpg\" alt=\"\" width=\"225\" height=\"300\" srcset=\"https:\/\/jornaloassobio.pt\/wp-content\/uploads\/2024\/11\/IMG_2336-225x300.jpg 225w, https:\/\/jornaloassobio.pt\/wp-content\/uploads\/2024\/11\/IMG_2336-768x1024.jpg 768w, https:\/\/jornaloassobio.pt\/wp-content\/uploads\/2024\/11\/IMG_2336-1152x1536.jpg 1152w, https:\/\/jornaloassobio.pt\/wp-content\/uploads\/2024\/11\/IMG_2336-1536x2048.jpg 1536w, https:\/\/jornaloassobio.pt\/wp-content\/uploads\/2024\/11\/IMG_2336-scaled.jpg 1920w\" sizes=\"auto, (max-width: 225px) 100vw, 225px\" \/><\/h3>\n<p>https:\/\/www.editorawish.com.br\/blogs\/novidades\/quem-foi-j-m-barrie-o-criador-de-peter-pan?srsltid=AfmBOooZfhZBsOOl&#8211;Yzcnqgd60nDzTJbVv_Op1PW1qlAAtBORzZ6Kzk<\/p>\n<p>&nbsp;<\/p>\n<p>&nbsp;<\/p>\n<p>&nbsp;<\/p>\n<p>&nbsp;<\/p>\n<p>&nbsp;<\/p>\n<p>&nbsp;<\/p>\n        <div class=\"booster-block booster-reactions-block\">\r\n            <div class=\"twp-reactions-icons\">\r\n                \r\n                <div class=\"twp-reacts-wrap\">\r\n                    <a react-data=\"be-react-1\" post-id=\"3021\" class=\"be-face-icons un-reacted\" href=\"javascript:void(0)\">\r\n                        <img decoding=\"async\" src=\"https:\/\/jornaloassobio.pt\/wp-content\/plugins\/booster-extension\/\/assets\/icon\/happy.svg\" alt=\"Happy\">\r\n                    <\/a>\r\n                    <div class=\"twp-reaction-title\">\r\n                        Happy                    <\/div>\r\n                    <div class=\"twp-count-percent\">\r\n                                                    <span style=\"display: none;\" class=\"twp-react-count\">0<\/span>\r\n                        \r\n                                                <span class=\"twp-react-percent\"><span>0<\/span> %<\/span>\r\n                                            <\/div>\r\n                <\/div>\r\n\r\n                <div class=\"twp-reacts-wrap\">\r\n                    <a react-data=\"be-react-2\" post-id=\"3021\" class=\"be-face-icons un-reacted\" href=\"javascript:void(0)\">\r\n                        <img decoding=\"async\" src=\"https:\/\/jornaloassobio.pt\/wp-content\/plugins\/booster-extension\/\/assets\/icon\/sad.svg\" alt=\"Sad\">\r\n                    <\/a>\r\n                    <div class=\"twp-reaction-title\">\r\n                        Sad                    <\/div>\r\n                    <div class=\"twp-count-percent\">\r\n                                                    <span style=\"display: none;\" class=\"twp-react-count\">0<\/span>\r\n                                                                        <span class=\"twp-react-percent\"><span>0<\/span> %<\/span>\r\n                                            <\/div>\r\n                <\/div>\r\n\r\n                <div class=\"twp-reacts-wrap\">\r\n                    <a react-data=\"be-react-3\" post-id=\"3021\" class=\"be-face-icons un-reacted\" href=\"javascript:void(0)\">\r\n                        <img decoding=\"async\" src=\"https:\/\/jornaloassobio.pt\/wp-content\/plugins\/booster-extension\/\/assets\/icon\/excited.svg\" alt=\"Excited\">\r\n                    <\/a>\r\n                    <div class=\"twp-reaction-title\">\r\n                        Excited                    <\/div>\r\n                    <div class=\"twp-count-percent\">\r\n                                                    <span style=\"display: none;\" class=\"twp-react-count\">0<\/span>\r\n                                                                        <span class=\"twp-react-percent\"><span>0<\/span> %<\/span>\r\n                                            <\/div>\r\n                <\/div>\r\n\r\n                <div class=\"twp-reacts-wrap\">\r\n                    <a react-data=\"be-react-6\" post-id=\"3021\" class=\"be-face-icons un-reacted\" href=\"javascript:void(0)\">\r\n                        <img decoding=\"async\" src=\"https:\/\/jornaloassobio.pt\/wp-content\/plugins\/booster-extension\/\/assets\/icon\/sleepy.svg\" alt=\"Sleepy\">\r\n                    <\/a>\r\n                    <div class=\"twp-reaction-title\">\r\n                        Sleepy                    <\/div>\r\n                    <div class=\"twp-count-percent\">\r\n                                                    <span style=\"display: none;\" class=\"twp-react-count\">0<\/span>\r\n                        \r\n                                                <span class=\"twp-react-percent\"><span>0<\/span> %<\/span>\r\n                                            <\/div>\r\n                <\/div>\r\n\r\n                <div class=\"twp-reacts-wrap\">\r\n                    <a react-data=\"be-react-4\" post-id=\"3021\" class=\"be-face-icons un-reacted\" href=\"javascript:void(0)\">\r\n                        <img decoding=\"async\" src=\"https:\/\/jornaloassobio.pt\/wp-content\/plugins\/booster-extension\/\/assets\/icon\/angry.svg\" alt=\"Angry\">\r\n                    <\/a>\r\n                    <div class=\"twp-reaction-title\">Angry<\/div>\r\n                    <div class=\"twp-count-percent\">\r\n                                                    <span style=\"display: none;\" class=\"twp-react-count\">0<\/span>\r\n                                                                        <span class=\"twp-react-percent\"><span>0<\/span> %<\/span>\r\n                        \r\n                    <\/div>\r\n                <\/div>\r\n\r\n                <div class=\"twp-reacts-wrap\">\r\n                    <a react-data=\"be-react-5\" post-id=\"3021\" class=\"be-face-icons un-reacted\" href=\"javascript:void(0)\">\r\n                        <img decoding=\"async\" src=\"https:\/\/jornaloassobio.pt\/wp-content\/plugins\/booster-extension\/\/assets\/icon\/surprise.svg\" alt=\"Surprise\">\r\n                    <\/a>\r\n                    <div class=\"twp-reaction-title\">Surprise<\/div>\r\n                    <div class=\"twp-count-percent\">\r\n                                                    <span style=\"display: none;\" class=\"twp-react-count\">0<\/span>\r\n                                                                        <span class=\"twp-react-percent\"><span>0<\/span> %<\/span>\r\n                                            <\/div>\r\n                <\/div>\r\n\r\n            <\/div>\r\n        <\/div>\r\n\r\n    ","protected":false},"excerpt":{"rendered":"<p>Peter Pan continua a fazer parte do imagin\u00e1rio das crian\u00e7as e dos adultos de todo o mundo. Neste momento , abandonou a Terra do Nunca e est\u00e1 presente numa exposi\u00e7\u00e3o multilingue itinerante,\u00a0 na Biblioteca da Escola Severim de Faria. Ficar\u00e1 durante duas semanas, transitando depois para a Escola B\u00e1sica de S. Clara. Na busca da [&hellip;]<\/p>\n","protected":false},"author":6,"featured_media":3026,"comment_status":"open","ping_status":"open","sticky":false,"template":"","format":"standard","meta":{"footnotes":""},"categories":[4],"tags":[],"class_list":["post-3021","post","type-post","status-publish","format-standard","has-post-thumbnail","hentry","category-noticias"],"_links":{"self":[{"href":"https:\/\/jornaloassobio.pt\/index.php?rest_route=\/wp\/v2\/posts\/3021","targetHints":{"allow":["GET"]}}],"collection":[{"href":"https:\/\/jornaloassobio.pt\/index.php?rest_route=\/wp\/v2\/posts"}],"about":[{"href":"https:\/\/jornaloassobio.pt\/index.php?rest_route=\/wp\/v2\/types\/post"}],"author":[{"embeddable":true,"href":"https:\/\/jornaloassobio.pt\/index.php?rest_route=\/wp\/v2\/users\/6"}],"replies":[{"embeddable":true,"href":"https:\/\/jornaloassobio.pt\/index.php?rest_route=%2Fwp%2Fv2%2Fcomments&post=3021"}],"version-history":[{"count":14,"href":"https:\/\/jornaloassobio.pt\/index.php?rest_route=\/wp\/v2\/posts\/3021\/revisions"}],"predecessor-version":[{"id":3048,"href":"https:\/\/jornaloassobio.pt\/index.php?rest_route=\/wp\/v2\/posts\/3021\/revisions\/3048"}],"wp:featuredmedia":[{"embeddable":true,"href":"https:\/\/jornaloassobio.pt\/index.php?rest_route=\/wp\/v2\/media\/3026"}],"wp:attachment":[{"href":"https:\/\/jornaloassobio.pt\/index.php?rest_route=%2Fwp%2Fv2%2Fmedia&parent=3021"}],"wp:term":[{"taxonomy":"category","embeddable":true,"href":"https:\/\/jornaloassobio.pt\/index.php?rest_route=%2Fwp%2Fv2%2Fcategories&post=3021"},{"taxonomy":"post_tag","embeddable":true,"href":"https:\/\/jornaloassobio.pt\/index.php?rest_route=%2Fwp%2Fv2%2Ftags&post=3021"}],"curies":[{"name":"wp","href":"https:\/\/api.w.org\/{rel}","templated":true}]}}