{"id":3049,"date":"2024-11-06T11:10:55","date_gmt":"2024-11-06T11:10:55","guid":{"rendered":"https:\/\/jornaloassobio.pt\/?p=3049"},"modified":"2024-11-06T11:12:51","modified_gmt":"2024-11-06T11:12:51","slug":"exercicio-a-terra-treme-no-agrupamento-severim-de-faria","status":"publish","type":"post","link":"https:\/\/jornaloassobio.pt\/?p=3049","title":{"rendered":"EXERC\u00cdCIO &#8220;A TERRA TREME&#8221; NO AGRUPAMENTO SEVERIM DE FARIA"},"content":{"rendered":"<div class='booster-block booster-read-block'>\r\n                <div class=\"twp-read-time\">\r\n                \t<i class=\"booster-icon twp-clock\"><\/i> <span>Read Time:<\/span>1 Minute, 1 Second                <\/div>\r\n\r\n            <\/div><h3><\/h3>\n<h3><strong><img loading=\"lazy\" decoding=\"async\" class=\" wp-image-3051 aligncenter\" src=\"https:\/\/jornaloassobio.pt\/wp-content\/uploads\/2024\/11\/cartaz_a3_2024-e1729170330938-212x300.png\" alt=\"\" width=\"280\" height=\"396\" srcset=\"https:\/\/jornaloassobio.pt\/wp-content\/uploads\/2024\/11\/cartaz_a3_2024-e1729170330938-212x300.png 212w, https:\/\/jornaloassobio.pt\/wp-content\/uploads\/2024\/11\/cartaz_a3_2024-e1729170330938-724x1024.png 724w, https:\/\/jornaloassobio.pt\/wp-content\/uploads\/2024\/11\/cartaz_a3_2024-e1729170330938-768x1086.png 768w, https:\/\/jornaloassobio.pt\/wp-content\/uploads\/2024\/11\/cartaz_a3_2024-e1729170330938-1086x1536.png 1086w, https:\/\/jornaloassobio.pt\/wp-content\/uploads\/2024\/11\/cartaz_a3_2024-e1729170330938-1448x2048.png 1448w\" sizes=\"auto, (max-width: 280px) 100vw, 280px\" \/><\/strong><\/h3>\n<h3 class=\"vermelho-color fs18\"><strong>EXERC\u00cdCIO P\u00daBLICO DE\u00a0SENSIBILIZA\u00c7\u00c3O\u00a0 PARA O RISCO S\u00cdSMICO\u00a0<\/strong><\/h3>\n<h3><strong>No dia 5 de novembro de 2024, \u00e0s 11h05, o exerc\u00edcio s\u00edsmico &#8220;A TERRA TREME&#8221; realizou-se no Agrupamento de Escolas Severim de Faria e decorreu da melhor forma poss\u00edvel, com civismo e corre\u00e7\u00e3o por parte de todos os envolvidos.\u00a0<\/strong><\/h3>\n<h3><strong>Esta iniciativa foi promovida pela <a href=\"http:\/\/www.prociv.pt\/\" target=\"_blank\" rel=\"noopener noreferrer\">Autoridade Nacional de Emerg\u00eancia e Prote\u00e7\u00e3o Civil<\/a> e procurou chamar a aten\u00e7\u00e3o para o risco s\u00edsmico e para a import\u00e2ncia de comportamentos simples que os cidad\u00e3os devem adotar em caso de sismo, mas que podem salvar vidas.<\/strong><\/h3>\n<h3 class=\"fs12 branco-color\"><strong>Teve a dura\u00e7\u00e3o de apenas 1 minuto, durante o qual os participantes foram convidados a executar os 3 gestos que salvam: BAIXAR, PROTEGER E AGUARDAR.<\/strong><\/h3>\n<h3 class=\"fs12 branco-color\"><strong>Muitas zonas do globo s\u00e3o propensas a sismos e Portugal \u00e9 um territ\u00f3rio com zonas particularmente sens\u00edveis a este risco. Podemos estar em qualquer lado quando come\u00e7ar um sismo, mas estaremos preparados para enfrentar uma situa\u00e7\u00e3o deste tipo e recuperar dela rapidamente?<\/strong><\/h3>\n<h3><strong>Conhe\u00e7a ou relembre os procedimentos que deve adotar\u00a0<a href=\"https:\/\/www.aterratreme.pt\/os-7-passos\/\" target=\"_blank\" rel=\"noopener noreferrer\">antes, durante e depois<\/a> de um sismo, e organize-se, \u00e0 sua casa e fam\u00edlia, em 7 passos essenciais. Divulgue esta iniciativa junto da sua fam\u00edlia, dos seus amigos e colegas de trabalho. Porque\u00a0TODOS SOMOS PROTE\u00c7\u00c3O CIVIL!<\/strong><\/h3>\n        <div class=\"booster-block booster-reactions-block\">\r\n            <div class=\"twp-reactions-icons\">\r\n                \r\n                <div class=\"twp-reacts-wrap\">\r\n                    <a react-data=\"be-react-1\" post-id=\"3049\" class=\"be-face-icons un-reacted\" href=\"javascript:void(0)\">\r\n                        <img decoding=\"async\" src=\"https:\/\/jornaloassobio.pt\/wp-content\/plugins\/booster-extension\/\/assets\/icon\/happy.svg\" alt=\"Happy\">\r\n                    <\/a>\r\n                    <div class=\"twp-reaction-title\">\r\n                        Happy                    <\/div>\r\n                    <div class=\"twp-count-percent\">\r\n                                                    <span style=\"display: none;\" class=\"twp-react-count\">0<\/span>\r\n                        \r\n                                                <span class=\"twp-react-percent\"><span>0<\/span> %<\/span>\r\n                                            <\/div>\r\n                <\/div>\r\n\r\n                <div class=\"twp-reacts-wrap\">\r\n                    <a react-data=\"be-react-2\" post-id=\"3049\" class=\"be-face-icons un-reacted\" href=\"javascript:void(0)\">\r\n                        <img decoding=\"async\" src=\"https:\/\/jornaloassobio.pt\/wp-content\/plugins\/booster-extension\/\/assets\/icon\/sad.svg\" alt=\"Sad\">\r\n                    <\/a>\r\n                    <div class=\"twp-reaction-title\">\r\n                        Sad                    <\/div>\r\n                    <div class=\"twp-count-percent\">\r\n                                                    <span style=\"display: none;\" class=\"twp-react-count\">0<\/span>\r\n                                                                        <span class=\"twp-react-percent\"><span>0<\/span> %<\/span>\r\n                                            <\/div>\r\n                <\/div>\r\n\r\n                <div class=\"twp-reacts-wrap\">\r\n                    <a react-data=\"be-react-3\" post-id=\"3049\" class=\"be-face-icons un-reacted\" href=\"javascript:void(0)\">\r\n                        <img decoding=\"async\" src=\"https:\/\/jornaloassobio.pt\/wp-content\/plugins\/booster-extension\/\/assets\/icon\/excited.svg\" alt=\"Excited\">\r\n                    <\/a>\r\n                    <div class=\"twp-reaction-title\">\r\n                        Excited                    <\/div>\r\n                    <div class=\"twp-count-percent\">\r\n                                                    <span style=\"display: none;\" class=\"twp-react-count\">0<\/span>\r\n                                                                        <span class=\"twp-react-percent\"><span>0<\/span> %<\/span>\r\n                                            <\/div>\r\n                <\/div>\r\n\r\n                <div class=\"twp-reacts-wrap\">\r\n                    <a react-data=\"be-react-6\" post-id=\"3049\" class=\"be-face-icons un-reacted\" href=\"javascript:void(0)\">\r\n                        <img decoding=\"async\" src=\"https:\/\/jornaloassobio.pt\/wp-content\/plugins\/booster-extension\/\/assets\/icon\/sleepy.svg\" alt=\"Sleepy\">\r\n                    <\/a>\r\n                    <div class=\"twp-reaction-title\">\r\n                        Sleepy                    <\/div>\r\n                    <div class=\"twp-count-percent\">\r\n                                                    <span style=\"display: none;\" class=\"twp-react-count\">0<\/span>\r\n                        \r\n                                                <span class=\"twp-react-percent\"><span>0<\/span> %<\/span>\r\n                                            <\/div>\r\n                <\/div>\r\n\r\n                <div class=\"twp-reacts-wrap\">\r\n                    <a react-data=\"be-react-4\" post-id=\"3049\" class=\"be-face-icons un-reacted\" href=\"javascript:void(0)\">\r\n                        <img decoding=\"async\" src=\"https:\/\/jornaloassobio.pt\/wp-content\/plugins\/booster-extension\/\/assets\/icon\/angry.svg\" alt=\"Angry\">\r\n                    <\/a>\r\n                    <div class=\"twp-reaction-title\">Angry<\/div>\r\n                    <div class=\"twp-count-percent\">\r\n                                                    <span style=\"display: none;\" class=\"twp-react-count\">0<\/span>\r\n                                                                        <span class=\"twp-react-percent\"><span>0<\/span> %<\/span>\r\n                        \r\n                    <\/div>\r\n                <\/div>\r\n\r\n                <div class=\"twp-reacts-wrap\">\r\n                    <a react-data=\"be-react-5\" post-id=\"3049\" class=\"be-face-icons un-reacted\" href=\"javascript:void(0)\">\r\n                        <img decoding=\"async\" src=\"https:\/\/jornaloassobio.pt\/wp-content\/plugins\/booster-extension\/\/assets\/icon\/surprise.svg\" alt=\"Surprise\">\r\n                    <\/a>\r\n                    <div class=\"twp-reaction-title\">Surprise<\/div>\r\n                    <div class=\"twp-count-percent\">\r\n                                                    <span style=\"display: none;\" class=\"twp-react-count\">0<\/span>\r\n                                                                        <span class=\"twp-react-percent\"><span>0<\/span> %<\/span>\r\n                                            <\/div>\r\n                <\/div>\r\n\r\n            <\/div>\r\n        <\/div>\r\n\r\n    ","protected":false},"excerpt":{"rendered":"<p>EXERC\u00cdCIO P\u00daBLICO DE\u00a0SENSIBILIZA\u00c7\u00c3O\u00a0 PARA O RISCO S\u00cdSMICO\u00a0 No dia 5 de novembro de 2024, \u00e0s 11h05, o exerc\u00edcio s\u00edsmico &#8220;A TERRA TREME&#8221; realizou-se no Agrupamento de Escolas Severim de Faria e decorreu da melhor forma poss\u00edvel, com civismo e corre\u00e7\u00e3o por parte de todos os envolvidos.\u00a0 Esta iniciativa foi promovida pela Autoridade Nacional de Emerg\u00eancia [&hellip;]<\/p>\n","protected":false},"author":6,"featured_media":3051,"comment_status":"open","ping_status":"open","sticky":false,"template":"","format":"standard","meta":{"footnotes":""},"categories":[4],"tags":[],"class_list":["post-3049","post","type-post","status-publish","format-standard","has-post-thumbnail","hentry","category-noticias"],"_links":{"self":[{"href":"https:\/\/jornaloassobio.pt\/index.php?rest_route=\/wp\/v2\/posts\/3049","targetHints":{"allow":["GET"]}}],"collection":[{"href":"https:\/\/jornaloassobio.pt\/index.php?rest_route=\/wp\/v2\/posts"}],"about":[{"href":"https:\/\/jornaloassobio.pt\/index.php?rest_route=\/wp\/v2\/types\/post"}],"author":[{"embeddable":true,"href":"https:\/\/jornaloassobio.pt\/index.php?rest_route=\/wp\/v2\/users\/6"}],"replies":[{"embeddable":true,"href":"https:\/\/jornaloassobio.pt\/index.php?rest_route=%2Fwp%2Fv2%2Fcomments&post=3049"}],"version-history":[{"count":4,"href":"https:\/\/jornaloassobio.pt\/index.php?rest_route=\/wp\/v2\/posts\/3049\/revisions"}],"predecessor-version":[{"id":3054,"href":"https:\/\/jornaloassobio.pt\/index.php?rest_route=\/wp\/v2\/posts\/3049\/revisions\/3054"}],"wp:featuredmedia":[{"embeddable":true,"href":"https:\/\/jornaloassobio.pt\/index.php?rest_route=\/wp\/v2\/media\/3051"}],"wp:attachment":[{"href":"https:\/\/jornaloassobio.pt\/index.php?rest_route=%2Fwp%2Fv2%2Fmedia&parent=3049"}],"wp:term":[{"taxonomy":"category","embeddable":true,"href":"https:\/\/jornaloassobio.pt\/index.php?rest_route=%2Fwp%2Fv2%2Fcategories&post=3049"},{"taxonomy":"post_tag","embeddable":true,"href":"https:\/\/jornaloassobio.pt\/index.php?rest_route=%2Fwp%2Fv2%2Ftags&post=3049"}],"curies":[{"name":"wp","href":"https:\/\/api.w.org\/{rel}","templated":true}]}}