{"id":3055,"date":"2024-11-07T08:25:21","date_gmt":"2024-11-07T08:25:21","guid":{"rendered":"https:\/\/jornaloassobio.pt\/?p=3055"},"modified":"2024-11-07T08:28:52","modified_gmt":"2024-11-07T08:28:52","slug":"comemoracao-do-s-martinho-em-santa-clara","status":"publish","type":"post","link":"https:\/\/jornaloassobio.pt\/?p=3055","title":{"rendered":"COMEMORA\u00c7\u00c3O DO S. MARTINHO EM SANTA CLARA"},"content":{"rendered":"<div class='booster-block booster-read-block'>\r\n                <div class=\"twp-read-time\">\r\n                \t<i class=\"booster-icon twp-clock\"><\/i> <span>Read Time:<\/span>38 Second                <\/div>\r\n\r\n            <\/div><h3 data-olk-copy-source=\"MessageBody\"><\/h3>\n<h3 class=\"x_xxxxmsonormal\"><img loading=\"lazy\" decoding=\"async\" class=\" wp-image-3056 aligncenter\" src=\"https:\/\/jornaloassobio.pt\/wp-content\/uploads\/2024\/11\/SMartinho_convite24-300x300.jpg\" alt=\"\" width=\"327\" height=\"327\" srcset=\"https:\/\/jornaloassobio.pt\/wp-content\/uploads\/2024\/11\/SMartinho_convite24-300x300.jpg 300w, https:\/\/jornaloassobio.pt\/wp-content\/uploads\/2024\/11\/SMartinho_convite24-1024x1024.jpg 1024w, https:\/\/jornaloassobio.pt\/wp-content\/uploads\/2024\/11\/SMartinho_convite24-150x150.jpg 150w, https:\/\/jornaloassobio.pt\/wp-content\/uploads\/2024\/11\/SMartinho_convite24-768x768.jpg 768w, https:\/\/jornaloassobio.pt\/wp-content\/uploads\/2024\/11\/SMartinho_convite24.jpg 1080w\" sizes=\"auto, (max-width: 327px) 100vw, 327px\" \/><\/h3>\n<h3 class=\"x_xxxxmsonormal\" data-olk-copy-source=\"MessageBody\">As atividades relacionadas com a comemora\u00e7\u00e3o do <span style=\"color: #ff6600;\">dia de<\/span> <span style=\"color: #ff6600;\">S. Martinho<\/span> ter\u00e3o in\u00edcio \u00e0s <span style=\"color: #ff6600;\">9.45h<\/span> de dia <span style=\"color: #ff6600;\">11 de novembro<\/span>, na <span style=\"color: #ff6600;\">Escola B\u00e1sica de Santa Clara<\/span>.<\/h3>\n<h3 class=\"x_xxxxmsonormal\">Haver\u00e1 uma pequena <span style=\"color: #ff6600;\">\u201cFeira Medieval\u201d<\/span> com venda de artesanato, frutos secos e outras iguarias da \u00e9poca.<\/h3>\n<h3 class=\"x_xxxxmsonormal\">A atividade <span style=\"color: #ff6600;\">\u201cDoa o teu Capote\u201d<\/span> \u00e9 a atividade principal deste Magusto, destinada a toda a comunidade educativa e envolve a doa\u00e7\u00e3o de roupas de inverno, mais especificamente, casacos, blusas de malha e camisas que poder\u00e3o ser entregues ao longo desse dia na Escola B\u00e1sica de Santa Clara.<\/h3>\n<h3 class=\"x_xxxxmsonormal\">As atividades decorrer\u00e3o nos <span style=\"color: #ff6600;\">claustros e refeit\u00f3rio<\/span> <span style=\"color: #ff6600;\">da Escola B\u00e1sica de Santa Clara<\/span>, para os alunos e Encarregados de Educa\u00e7\u00e3o, <span style=\"color: #ff6600;\">at\u00e9 \u00e0s 18h<\/span>. Os docentes e n\u00e3o docentes poder\u00e3o permanecer em conv\u00edvio at\u00e9 as 22h.<\/h3>\n        <div class=\"booster-block booster-reactions-block\">\r\n            <div class=\"twp-reactions-icons\">\r\n                \r\n                <div class=\"twp-reacts-wrap\">\r\n                    <a react-data=\"be-react-1\" post-id=\"3055\" class=\"be-face-icons un-reacted\" href=\"javascript:void(0)\">\r\n                        <img decoding=\"async\" src=\"https:\/\/jornaloassobio.pt\/wp-content\/plugins\/booster-extension\/\/assets\/icon\/happy.svg\" alt=\"Happy\">\r\n                    <\/a>\r\n                    <div class=\"twp-reaction-title\">\r\n                        Happy                    <\/div>\r\n                    <div class=\"twp-count-percent\">\r\n                                                    <span style=\"display: none;\" class=\"twp-react-count\">0<\/span>\r\n                        \r\n                                                <span class=\"twp-react-percent\"><span>0<\/span> %<\/span>\r\n                                            <\/div>\r\n                <\/div>\r\n\r\n                <div class=\"twp-reacts-wrap\">\r\n                    <a react-data=\"be-react-2\" post-id=\"3055\" class=\"be-face-icons un-reacted\" href=\"javascript:void(0)\">\r\n                        <img decoding=\"async\" src=\"https:\/\/jornaloassobio.pt\/wp-content\/plugins\/booster-extension\/\/assets\/icon\/sad.svg\" alt=\"Sad\">\r\n                    <\/a>\r\n                    <div class=\"twp-reaction-title\">\r\n                        Sad                    <\/div>\r\n                    <div class=\"twp-count-percent\">\r\n                                                    <span style=\"display: none;\" class=\"twp-react-count\">0<\/span>\r\n                                                                        <span class=\"twp-react-percent\"><span>0<\/span> %<\/span>\r\n                                            <\/div>\r\n                <\/div>\r\n\r\n                <div class=\"twp-reacts-wrap\">\r\n                    <a react-data=\"be-react-3\" post-id=\"3055\" class=\"be-face-icons un-reacted\" href=\"javascript:void(0)\">\r\n                        <img decoding=\"async\" src=\"https:\/\/jornaloassobio.pt\/wp-content\/plugins\/booster-extension\/\/assets\/icon\/excited.svg\" alt=\"Excited\">\r\n                    <\/a>\r\n                    <div class=\"twp-reaction-title\">\r\n                        Excited                    <\/div>\r\n                    <div class=\"twp-count-percent\">\r\n                                                    <span style=\"display: none;\" class=\"twp-react-count\">0<\/span>\r\n                                                                        <span class=\"twp-react-percent\"><span>0<\/span> %<\/span>\r\n                                            <\/div>\r\n                <\/div>\r\n\r\n                <div class=\"twp-reacts-wrap\">\r\n                    <a react-data=\"be-react-6\" post-id=\"3055\" class=\"be-face-icons un-reacted\" href=\"javascript:void(0)\">\r\n                        <img decoding=\"async\" src=\"https:\/\/jornaloassobio.pt\/wp-content\/plugins\/booster-extension\/\/assets\/icon\/sleepy.svg\" alt=\"Sleepy\">\r\n                    <\/a>\r\n                    <div class=\"twp-reaction-title\">\r\n                        Sleepy                    <\/div>\r\n                    <div class=\"twp-count-percent\">\r\n                                                    <span style=\"display: none;\" class=\"twp-react-count\">0<\/span>\r\n                        \r\n                                                <span class=\"twp-react-percent\"><span>0<\/span> %<\/span>\r\n                                            <\/div>\r\n                <\/div>\r\n\r\n                <div class=\"twp-reacts-wrap\">\r\n                    <a react-data=\"be-react-4\" post-id=\"3055\" class=\"be-face-icons un-reacted\" href=\"javascript:void(0)\">\r\n                        <img decoding=\"async\" src=\"https:\/\/jornaloassobio.pt\/wp-content\/plugins\/booster-extension\/\/assets\/icon\/angry.svg\" alt=\"Angry\">\r\n                    <\/a>\r\n                    <div class=\"twp-reaction-title\">Angry<\/div>\r\n                    <div class=\"twp-count-percent\">\r\n                                                    <span style=\"display: none;\" class=\"twp-react-count\">0<\/span>\r\n                                                                        <span class=\"twp-react-percent\"><span>0<\/span> %<\/span>\r\n                        \r\n                    <\/div>\r\n                <\/div>\r\n\r\n                <div class=\"twp-reacts-wrap\">\r\n                    <a react-data=\"be-react-5\" post-id=\"3055\" class=\"be-face-icons un-reacted\" href=\"javascript:void(0)\">\r\n                        <img decoding=\"async\" src=\"https:\/\/jornaloassobio.pt\/wp-content\/plugins\/booster-extension\/\/assets\/icon\/surprise.svg\" alt=\"Surprise\">\r\n                    <\/a>\r\n                    <div class=\"twp-reaction-title\">Surprise<\/div>\r\n                    <div class=\"twp-count-percent\">\r\n                                                    <span style=\"display: none;\" class=\"twp-react-count\">0<\/span>\r\n                                                                        <span class=\"twp-react-percent\"><span>0<\/span> %<\/span>\r\n                                            <\/div>\r\n                <\/div>\r\n\r\n            <\/div>\r\n        <\/div>\r\n\r\n    ","protected":false},"excerpt":{"rendered":"<p>As atividades relacionadas com a comemora\u00e7\u00e3o do dia de S. Martinho ter\u00e3o in\u00edcio \u00e0s 9.45h de dia 11 de novembro, na Escola B\u00e1sica de Santa Clara. Haver\u00e1 uma pequena \u201cFeira Medieval\u201d com venda de artesanato, frutos secos e outras iguarias da \u00e9poca. A atividade \u201cDoa o teu Capote\u201d \u00e9 a atividade principal deste Magusto, destinada [&hellip;]<\/p>\n","protected":false},"author":6,"featured_media":3056,"comment_status":"open","ping_status":"open","sticky":false,"template":"","format":"standard","meta":{"footnotes":""},"categories":[4],"tags":[],"class_list":["post-3055","post","type-post","status-publish","format-standard","has-post-thumbnail","hentry","category-noticias"],"_links":{"self":[{"href":"https:\/\/jornaloassobio.pt\/index.php?rest_route=\/wp\/v2\/posts\/3055","targetHints":{"allow":["GET"]}}],"collection":[{"href":"https:\/\/jornaloassobio.pt\/index.php?rest_route=\/wp\/v2\/posts"}],"about":[{"href":"https:\/\/jornaloassobio.pt\/index.php?rest_route=\/wp\/v2\/types\/post"}],"author":[{"embeddable":true,"href":"https:\/\/jornaloassobio.pt\/index.php?rest_route=\/wp\/v2\/users\/6"}],"replies":[{"embeddable":true,"href":"https:\/\/jornaloassobio.pt\/index.php?rest_route=%2Fwp%2Fv2%2Fcomments&post=3055"}],"version-history":[{"count":4,"href":"https:\/\/jornaloassobio.pt\/index.php?rest_route=\/wp\/v2\/posts\/3055\/revisions"}],"predecessor-version":[{"id":3060,"href":"https:\/\/jornaloassobio.pt\/index.php?rest_route=\/wp\/v2\/posts\/3055\/revisions\/3060"}],"wp:featuredmedia":[{"embeddable":true,"href":"https:\/\/jornaloassobio.pt\/index.php?rest_route=\/wp\/v2\/media\/3056"}],"wp:attachment":[{"href":"https:\/\/jornaloassobio.pt\/index.php?rest_route=%2Fwp%2Fv2%2Fmedia&parent=3055"}],"wp:term":[{"taxonomy":"category","embeddable":true,"href":"https:\/\/jornaloassobio.pt\/index.php?rest_route=%2Fwp%2Fv2%2Fcategories&post=3055"},{"taxonomy":"post_tag","embeddable":true,"href":"https:\/\/jornaloassobio.pt\/index.php?rest_route=%2Fwp%2Fv2%2Ftags&post=3055"}],"curies":[{"name":"wp","href":"https:\/\/api.w.org\/{rel}","templated":true}]}}