{"id":3130,"date":"2024-12-03T11:06:02","date_gmt":"2024-12-03T11:06:02","guid":{"rendered":"https:\/\/jornaloassobio.pt\/?p=3130"},"modified":"2024-12-03T11:06:14","modified_gmt":"2024-12-03T11:06:14","slug":"um-ano-numa-so-palavra","status":"publish","type":"post","link":"https:\/\/jornaloassobio.pt\/?p=3130","title":{"rendered":"UM ANO NUMA S\u00d3 PALAVRA"},"content":{"rendered":"<div class='booster-block booster-read-block'>\r\n                <div class=\"twp-read-time\">\r\n                \t<i class=\"booster-icon twp-clock\"><\/i> <span>Read Time:<\/span>1 Minute, 39 Second                <\/div>\r\n\r\n            <\/div><h3>O ano de 2024 est\u00e1 a finalizar e inicia-se a cria\u00e7\u00e3o das listas que tentam resumir, em palavras, os melhores (ou piores) momentos do ano.<\/h3>\n<h3>Um dos &#8216;concursos&#8217; mais comuns nesta altura \u00e9 o da &#8220;Palavra do Ano&#8221;, organizado pela Porto Editora.<\/h3>\n<h3><img loading=\"lazy\" decoding=\"async\" class=\"size-full wp-image-3131 aligncenter\" src=\"https:\/\/jornaloassobio.pt\/wp-content\/uploads\/2024\/12\/images.jpg\" alt=\"\" width=\"225\" height=\"225\" srcset=\"https:\/\/jornaloassobio.pt\/wp-content\/uploads\/2024\/12\/images.jpg 225w, https:\/\/jornaloassobio.pt\/wp-content\/uploads\/2024\/12\/images-150x150.jpg 150w\" sizes=\"auto, (max-width: 225px) 100vw, 225px\" \/><\/h3>\n<h3>O grupo editorial anunciou esta segunda-feira os <span style=\"color: #ff6600;\">10 finalistas<\/span> da iniciativa, que visa &#8220;sublinhar a riqueza lexical e o dinamismo criativo da l\u00edngua portuguesa&#8221;.<\/h3>\n<h3>O concurso da Porto Editora, que se realiza desde 2009, teve como \u00faltimo vencedor a palavra <strong>&#8220;professor&#8221;<\/strong>, em 2023. Na primeira edi\u00e7\u00e3o, <strong>&#8220;esmiu\u00e7ar&#8221;<\/strong> foi a palavra consagrada.<\/h3>\n<h3>Ao longo dos anos, palavras como <strong>&#8220;geringon\u00e7a&#8221;<\/strong> (2016), <strong>&#8220;vacina&#8221;<\/strong> (2021), <strong>&#8220;entroikado&#8221;<\/strong> (2012) ou <strong>&#8220;vuvuzela&#8221;<\/strong> (2010) j\u00e1 foram eleitas.<\/h3>\n<h3>As pessoas podem votar na sua palavra favorita at\u00e9 ao final de dezembro, no\u00a0<a href=\"https:\/\/www.palavradoano.pt\/\">site da Porto Editora<\/a>.<\/h3>\n<h3><b>Eis os <span style=\"color: #ff6600;\">finalistas deste ano<\/span> (e as respetivas justifica\u00e7\u00f5es, dadas pela Porto Editora):<\/b><\/h3>\n<h3><span style=\"color: #ff6600;\"><b>Auricular\u00a0<\/b><\/span>&#8211; &#8220;A utiliza\u00e7\u00e3o de auriculares por jornalistas desencadeou debates sobre a transpar\u00eancia na comunica\u00e7\u00e3o social&#8221;;<\/h3>\n<h3><b><span style=\"color: #ff6600;\">Conflitos<\/span>\u00a0<\/b>&#8211; &#8220;A escalada dos conflitos armados reflete tens\u00f5es geopol\u00edticas e continua a provocar crises humanit\u00e1rias&#8221;;<\/h3>\n<h3><b><span style=\"color: #ff6600;\">Fogos<\/span>\u00a0<\/b>&#8211; &#8220;Fogos violentos ceifaram vidas e devastaram casas e florestas em diferentes regi\u00f5es do pa\u00eds&#8221;;<\/h3>\n<h3><b><span style=\"color: #ff6600;\">Imigra\u00e7\u00e3o<\/span>\u00a0<\/b>&#8211; &#8220;O n\u00famero de estrangeiros a viver em Portugal continua a aumentar e gera debates sobre as pol\u00edticas de acolhimento&#8221;;<\/h3>\n<h3><span style=\"color: #ff6600;\"><b>Inclus\u00e3o<\/b><\/span>\u00a0&#8211; &#8220;A implementa\u00e7\u00e3o de pol\u00edticas inclusivas na educa\u00e7\u00e3o e no mercado de trabalho reflete o compromisso de garantir uma sociedade mais justa e equitativa&#8221;;<\/h3>\n<h3><b><span style=\"color: #ff6600;\">INEM<\/span>\u00a0<\/b>&#8211; &#8220;O INEM enfrentou desafios significativos para responder \u00e0s emerg\u00eancias m\u00e9dicas ao longo de todo o ano&#8221;;<\/h3>\n<h3><b><span style=\"color: #ff6600;\">Jovem<\/span>\u00a0<\/b>&#8211; &#8220;O governo anunciou apoios para os jovens a n\u00edvel fiscal, de habita\u00e7\u00e3o, mobilidade e educa\u00e7\u00e3o&#8221;;<\/h3>\n<h3><b><span style=\"color: #ff6600;\">Liberdade<\/span>\u00a0<\/b>&#8211; &#8220;Foram v\u00e1rias as iniciativas que assinalaram os 50 anos da Revolu\u00e7\u00e3o do 25 de Abril&#8221;;<\/h3>\n<h3><b><span style=\"color: #ff6600;\">Pol\u00edcia<\/span>\u00a0<\/b>&#8211; &#8220;Os pol\u00edcias reivindicaram melhores condi\u00e7\u00f5es de trabalho em diversas a\u00e7\u00f5es de protesto&#8221;;<\/h3>\n<h3><b><span style=\"color: #ff6600;\">Transportes<\/span>\u00a0<\/b>&#8211; &#8220;As pol\u00edticas de transporte t\u00eam-se focado na promo\u00e7\u00e3o da mobilidade sustent\u00e1vel e na melhoria das infraestruturas&#8221;.<\/h3>\n<p>&nbsp;<\/p>\n<p>Adaptado de https:\/\/www.cmjornal.pt\/cultura\/detalhe\/ja-sao-conhecidas-as-finalistas-a-palavra-do-ano-de-2024<\/p>\n        <div class=\"booster-block booster-reactions-block\">\r\n            <div class=\"twp-reactions-icons\">\r\n                \r\n                <div class=\"twp-reacts-wrap\">\r\n                    <a react-data=\"be-react-1\" post-id=\"3130\" class=\"be-face-icons un-reacted\" href=\"javascript:void(0)\">\r\n                        <img decoding=\"async\" src=\"https:\/\/jornaloassobio.pt\/wp-content\/plugins\/booster-extension\/\/assets\/icon\/happy.svg\" alt=\"Happy\">\r\n                    <\/a>\r\n                    <div class=\"twp-reaction-title\">\r\n                        Happy                    <\/div>\r\n                    <div class=\"twp-count-percent\">\r\n                                                    <span style=\"display: none;\" class=\"twp-react-count\">0<\/span>\r\n                        \r\n                                                <span class=\"twp-react-percent\"><span>0<\/span> %<\/span>\r\n                                            <\/div>\r\n                <\/div>\r\n\r\n                <div class=\"twp-reacts-wrap\">\r\n                    <a react-data=\"be-react-2\" post-id=\"3130\" class=\"be-face-icons un-reacted\" href=\"javascript:void(0)\">\r\n                        <img decoding=\"async\" src=\"https:\/\/jornaloassobio.pt\/wp-content\/plugins\/booster-extension\/\/assets\/icon\/sad.svg\" alt=\"Sad\">\r\n                    <\/a>\r\n                    <div class=\"twp-reaction-title\">\r\n                        Sad                    <\/div>\r\n                    <div class=\"twp-count-percent\">\r\n                                                    <span style=\"display: none;\" class=\"twp-react-count\">0<\/span>\r\n                                                                        <span class=\"twp-react-percent\"><span>0<\/span> %<\/span>\r\n                                            <\/div>\r\n                <\/div>\r\n\r\n                <div class=\"twp-reacts-wrap\">\r\n                    <a react-data=\"be-react-3\" post-id=\"3130\" class=\"be-face-icons un-reacted\" href=\"javascript:void(0)\">\r\n                        <img decoding=\"async\" src=\"https:\/\/jornaloassobio.pt\/wp-content\/plugins\/booster-extension\/\/assets\/icon\/excited.svg\" alt=\"Excited\">\r\n                    <\/a>\r\n                    <div class=\"twp-reaction-title\">\r\n                        Excited                    <\/div>\r\n                    <div class=\"twp-count-percent\">\r\n                                                    <span style=\"display: none;\" class=\"twp-react-count\">0<\/span>\r\n                                                                        <span class=\"twp-react-percent\"><span>0<\/span> %<\/span>\r\n                                            <\/div>\r\n                <\/div>\r\n\r\n                <div class=\"twp-reacts-wrap\">\r\n                    <a react-data=\"be-react-6\" post-id=\"3130\" class=\"be-face-icons un-reacted\" href=\"javascript:void(0)\">\r\n                        <img decoding=\"async\" src=\"https:\/\/jornaloassobio.pt\/wp-content\/plugins\/booster-extension\/\/assets\/icon\/sleepy.svg\" alt=\"Sleepy\">\r\n                    <\/a>\r\n                    <div class=\"twp-reaction-title\">\r\n                        Sleepy                    <\/div>\r\n                    <div class=\"twp-count-percent\">\r\n                                                    <span style=\"display: none;\" class=\"twp-react-count\">0<\/span>\r\n                        \r\n                                                <span class=\"twp-react-percent\"><span>0<\/span> %<\/span>\r\n                                            <\/div>\r\n                <\/div>\r\n\r\n                <div class=\"twp-reacts-wrap\">\r\n                    <a react-data=\"be-react-4\" post-id=\"3130\" class=\"be-face-icons un-reacted\" href=\"javascript:void(0)\">\r\n                        <img decoding=\"async\" src=\"https:\/\/jornaloassobio.pt\/wp-content\/plugins\/booster-extension\/\/assets\/icon\/angry.svg\" alt=\"Angry\">\r\n                    <\/a>\r\n                    <div class=\"twp-reaction-title\">Angry<\/div>\r\n                    <div class=\"twp-count-percent\">\r\n                                                    <span style=\"display: none;\" class=\"twp-react-count\">0<\/span>\r\n                                                                        <span class=\"twp-react-percent\"><span>0<\/span> %<\/span>\r\n                        \r\n                    <\/div>\r\n                <\/div>\r\n\r\n                <div class=\"twp-reacts-wrap\">\r\n                    <a react-data=\"be-react-5\" post-id=\"3130\" class=\"be-face-icons un-reacted\" href=\"javascript:void(0)\">\r\n                        <img decoding=\"async\" src=\"https:\/\/jornaloassobio.pt\/wp-content\/plugins\/booster-extension\/\/assets\/icon\/surprise.svg\" alt=\"Surprise\">\r\n                    <\/a>\r\n                    <div class=\"twp-reaction-title\">Surprise<\/div>\r\n                    <div class=\"twp-count-percent\">\r\n                                                    <span style=\"display: none;\" class=\"twp-react-count\">0<\/span>\r\n                                                                        <span class=\"twp-react-percent\"><span>0<\/span> %<\/span>\r\n                                            <\/div>\r\n                <\/div>\r\n\r\n            <\/div>\r\n        <\/div>\r\n\r\n    ","protected":false},"excerpt":{"rendered":"<p>O ano de 2024 est\u00e1 a finalizar e inicia-se a cria\u00e7\u00e3o das listas que tentam resumir, em palavras, os melhores (ou piores) momentos do ano. Um dos &#8216;concursos&#8217; mais comuns nesta altura \u00e9 o da &#8220;Palavra do Ano&#8221;, organizado pela Porto Editora. O grupo editorial anunciou esta segunda-feira os 10 finalistas da iniciativa, que visa [&hellip;]<\/p>\n","protected":false},"author":6,"featured_media":3131,"comment_status":"open","ping_status":"open","sticky":false,"template":"","format":"standard","meta":{"footnotes":""},"categories":[4],"tags":[],"class_list":["post-3130","post","type-post","status-publish","format-standard","has-post-thumbnail","hentry","category-noticias"],"_links":{"self":[{"href":"https:\/\/jornaloassobio.pt\/index.php?rest_route=\/wp\/v2\/posts\/3130","targetHints":{"allow":["GET"]}}],"collection":[{"href":"https:\/\/jornaloassobio.pt\/index.php?rest_route=\/wp\/v2\/posts"}],"about":[{"href":"https:\/\/jornaloassobio.pt\/index.php?rest_route=\/wp\/v2\/types\/post"}],"author":[{"embeddable":true,"href":"https:\/\/jornaloassobio.pt\/index.php?rest_route=\/wp\/v2\/users\/6"}],"replies":[{"embeddable":true,"href":"https:\/\/jornaloassobio.pt\/index.php?rest_route=%2Fwp%2Fv2%2Fcomments&post=3130"}],"version-history":[{"count":3,"href":"https:\/\/jornaloassobio.pt\/index.php?rest_route=\/wp\/v2\/posts\/3130\/revisions"}],"predecessor-version":[{"id":3134,"href":"https:\/\/jornaloassobio.pt\/index.php?rest_route=\/wp\/v2\/posts\/3130\/revisions\/3134"}],"wp:featuredmedia":[{"embeddable":true,"href":"https:\/\/jornaloassobio.pt\/index.php?rest_route=\/wp\/v2\/media\/3131"}],"wp:attachment":[{"href":"https:\/\/jornaloassobio.pt\/index.php?rest_route=%2Fwp%2Fv2%2Fmedia&parent=3130"}],"wp:term":[{"taxonomy":"category","embeddable":true,"href":"https:\/\/jornaloassobio.pt\/index.php?rest_route=%2Fwp%2Fv2%2Fcategories&post=3130"},{"taxonomy":"post_tag","embeddable":true,"href":"https:\/\/jornaloassobio.pt\/index.php?rest_route=%2Fwp%2Fv2%2Ftags&post=3130"}],"curies":[{"name":"wp","href":"https:\/\/api.w.org\/{rel}","templated":true}]}}