{"id":3143,"date":"2024-12-04T11:54:03","date_gmt":"2024-12-04T11:54:03","guid":{"rendered":"https:\/\/jornaloassobio.pt\/?p=3143"},"modified":"2024-12-04T11:58:19","modified_gmt":"2024-12-04T11:58:19","slug":"literarea-turismo-literario-no-alentejo","status":"publish","type":"post","link":"https:\/\/jornaloassobio.pt\/?p=3143","title":{"rendered":"Liter\u00c1REA &#8211; Turismo Liter\u00e1rio no Alentejo"},"content":{"rendered":"<div class='booster-block booster-read-block'>\r\n                <div class=\"twp-read-time\">\r\n                \t<i class=\"booster-icon twp-clock\"><\/i> <span>Read Time:<\/span>1 Minute, 6 Second                <\/div>\r\n\r\n            <\/div><h3 class=\"has-text-align-center\"><strong><img loading=\"lazy\" decoding=\"async\" class=\" wp-image-3146 aligncenter\" src=\"https:\/\/jornaloassobio.pt\/wp-content\/uploads\/2024\/12\/festival-turismo-lterario-300x169.png\" alt=\"\" width=\"394\" height=\"222\" srcset=\"https:\/\/jornaloassobio.pt\/wp-content\/uploads\/2024\/12\/festival-turismo-lterario-300x169.png 300w, https:\/\/jornaloassobio.pt\/wp-content\/uploads\/2024\/12\/festival-turismo-lterario.png 640w\" sizes=\"auto, (max-width: 394px) 100vw, 394px\" \/><\/strong><\/h3>\n<h3 class=\"has-text-align-center\"><\/h3>\n<h3>O Liter\u00c1REA, festival de turismo liter\u00e1rio, aponta \u00e0 <span style=\"color: #993366;\">uni\u00e3o entre a literatura e o turismo<\/span>, puxando pela \u201criqueza cultural, patrimonial e gastron\u00f3mica\u201d, segundo revelou \u00e0\u00a0<a class=\"google-anno\" href=\"https:\/\/www.radiocampanario.com\/vila-vicosa-e-o-berco-do-festival-de-turismo-literario-bem-vindo-ao-alentejo-das-letras\/#\" data-google-vignette=\"false\" data-google-interstitial=\"false\">\u00a0<span class=\"google-anno-t\">R\u00e1dio<\/span><\/a>\u00a0Campan\u00e1rio o presidente da Entidade Regional de Turismo, Jos\u00e9 Santos, anunciando a participa\u00e7\u00e3o de <span style=\"color: #993366;\">mais de 40 escritores <span style=\"color: #000000;\">e convidados.<\/span><\/span><\/h3>\n<h3>O mesmo respons\u00e1vel destaca o turismo liter\u00e1rio como uma forma de \u201catrair visitantes e dar um impulso \u00e0 economia\u201d dos 19 concelhos que v\u00e3o receber os roteiros liter\u00e1rios, que v\u00e3o perdurar todo o ano integrados em rede.<\/h3>\n<h3>\u201cAtrav\u00e9s da literatura, n\u00f3s conseguimos descobrir os lugares, contar as hist\u00f3rias, tocar o patrim\u00f3nio, a gastronomia\u201d, refere, avan\u00e7ando que al\u00e9m da divulga\u00e7\u00e3o de livros, sess\u00f5es de contos, oficinas criativas, visitas guiadas e a promo\u00e7\u00e3o de tert\u00falias, a iniciativa envolve dez hot\u00e9is para \u201cler devagar\u201d. Ou seja, as unidades hoteleiras v\u00e3o colocar livros o dispor dos seus h\u00f3spedes.<\/h3>\n<h3>Al\u00e9m da abertura ter lugar em\u00a0<a class=\"google-anno\" href=\"https:\/\/www.radiocampanario.com\/vila-vicosa-e-o-berco-do-festival-de-turismo-literario-bem-vindo-ao-alentejo-das-letras\/#\" data-google-vignette=\"false\" data-google-interstitial=\"false\">\u00a0<span class=\"google-anno-t\">Vila Vi\u00e7osa<\/span><\/a>, o Liter\u00c1REA vai percorrer a <span style=\"color: #993366;\">Azinhaga, Beja, Cabrela, \u00c9vora, Galveias, Montemor-o-Novo, Monforte<\/span>, <span style=\"color: #993366;\">Moura, Santiago do Cac\u00e9m, Portalegre, Santar\u00e9m, Sines e Sousel<\/span>. Os participantes poder\u00e3o interagir com autores de renome como <span style=\"color: #993366;\">Gon\u00e7alo M. Tavares, Afonso Cruz, Ondjaki ou Isabel Lucas, <span style=\"color: #000000;\">entre outros.<\/span><\/span><\/h3>\n<h3>A programa\u00e7\u00e3o completa est\u00e1 dispon\u00edvel em www.literareafestival.com<\/h3>\n<p>&nbsp;<\/p>\n<blockquote class=\"wp-embedded-content\" data-secret=\"cjglEmr54n\"><p><a href=\"https:\/\/www.radiocampanario.com\/vila-vicosa-e-o-berco-do-festival-de-turismo-literario-bem-vindo-ao-alentejo-das-letras\/\">Vila Vi\u00e7osa \u00e9 o ber\u00e7o do Festival de Turismo Liter\u00e1rio. Bem-vindo ao Alentejo das letras<\/a><\/p><\/blockquote>\n<p><iframe loading=\"lazy\" class=\"wp-embedded-content\" sandbox=\"allow-scripts\" security=\"restricted\" style=\"position: absolute; visibility: hidden;\" title=\"&#8220;Vila Vi\u00e7osa \u00e9 o ber\u00e7o do Festival de Turismo Liter\u00e1rio. Bem-vindo ao Alentejo das letras&#8221; &#8212; R\u00e1dio Campan\u00e1rio\" src=\"https:\/\/www.radiocampanario.com\/vila-vicosa-e-o-berco-do-festival-de-turismo-literario-bem-vindo-ao-alentejo-das-letras\/embed\/#?secret=PFFKVYNRNs#?secret=cjglEmr54n\" data-secret=\"cjglEmr54n\" width=\"600\" height=\"338\" frameborder=\"0\" marginwidth=\"0\" marginheight=\"0\" scrolling=\"no\"><\/iframe><\/p>\n        <div class=\"booster-block booster-reactions-block\">\r\n            <div class=\"twp-reactions-icons\">\r\n                \r\n                <div class=\"twp-reacts-wrap\">\r\n                    <a react-data=\"be-react-1\" post-id=\"3143\" class=\"be-face-icons un-reacted\" href=\"javascript:void(0)\">\r\n                        <img decoding=\"async\" src=\"https:\/\/jornaloassobio.pt\/wp-content\/plugins\/booster-extension\/\/assets\/icon\/happy.svg\" alt=\"Happy\">\r\n                    <\/a>\r\n                    <div class=\"twp-reaction-title\">\r\n                        Happy                    <\/div>\r\n                    <div class=\"twp-count-percent\">\r\n                                                    <span style=\"display: none;\" class=\"twp-react-count\">0<\/span>\r\n                        \r\n                                                <span class=\"twp-react-percent\"><span>0<\/span> %<\/span>\r\n                                            <\/div>\r\n                <\/div>\r\n\r\n                <div class=\"twp-reacts-wrap\">\r\n                    <a react-data=\"be-react-2\" post-id=\"3143\" class=\"be-face-icons un-reacted\" href=\"javascript:void(0)\">\r\n                        <img decoding=\"async\" src=\"https:\/\/jornaloassobio.pt\/wp-content\/plugins\/booster-extension\/\/assets\/icon\/sad.svg\" alt=\"Sad\">\r\n                    <\/a>\r\n                    <div class=\"twp-reaction-title\">\r\n                        Sad                    <\/div>\r\n                    <div class=\"twp-count-percent\">\r\n                                                    <span style=\"display: none;\" class=\"twp-react-count\">0<\/span>\r\n                                                                        <span class=\"twp-react-percent\"><span>0<\/span> %<\/span>\r\n                                            <\/div>\r\n                <\/div>\r\n\r\n                <div class=\"twp-reacts-wrap\">\r\n                    <a react-data=\"be-react-3\" post-id=\"3143\" class=\"be-face-icons un-reacted\" href=\"javascript:void(0)\">\r\n                        <img decoding=\"async\" src=\"https:\/\/jornaloassobio.pt\/wp-content\/plugins\/booster-extension\/\/assets\/icon\/excited.svg\" alt=\"Excited\">\r\n                    <\/a>\r\n                    <div class=\"twp-reaction-title\">\r\n                        Excited                    <\/div>\r\n                    <div class=\"twp-count-percent\">\r\n                                                    <span style=\"display: none;\" class=\"twp-react-count\">0<\/span>\r\n                                                                        <span class=\"twp-react-percent\"><span>0<\/span> %<\/span>\r\n                                            <\/div>\r\n                <\/div>\r\n\r\n                <div class=\"twp-reacts-wrap\">\r\n                    <a react-data=\"be-react-6\" post-id=\"3143\" class=\"be-face-icons un-reacted\" href=\"javascript:void(0)\">\r\n                        <img decoding=\"async\" src=\"https:\/\/jornaloassobio.pt\/wp-content\/plugins\/booster-extension\/\/assets\/icon\/sleepy.svg\" alt=\"Sleepy\">\r\n                    <\/a>\r\n                    <div class=\"twp-reaction-title\">\r\n                        Sleepy                    <\/div>\r\n                    <div class=\"twp-count-percent\">\r\n                                                    <span style=\"display: none;\" class=\"twp-react-count\">0<\/span>\r\n                        \r\n                                                <span class=\"twp-react-percent\"><span>0<\/span> %<\/span>\r\n                                            <\/div>\r\n                <\/div>\r\n\r\n                <div class=\"twp-reacts-wrap\">\r\n                    <a react-data=\"be-react-4\" post-id=\"3143\" class=\"be-face-icons un-reacted\" href=\"javascript:void(0)\">\r\n                        <img decoding=\"async\" src=\"https:\/\/jornaloassobio.pt\/wp-content\/plugins\/booster-extension\/\/assets\/icon\/angry.svg\" alt=\"Angry\">\r\n                    <\/a>\r\n                    <div class=\"twp-reaction-title\">Angry<\/div>\r\n                    <div class=\"twp-count-percent\">\r\n                                                    <span style=\"display: none;\" class=\"twp-react-count\">0<\/span>\r\n                                                                        <span class=\"twp-react-percent\"><span>0<\/span> %<\/span>\r\n                        \r\n                    <\/div>\r\n                <\/div>\r\n\r\n                <div class=\"twp-reacts-wrap\">\r\n                    <a react-data=\"be-react-5\" post-id=\"3143\" class=\"be-face-icons un-reacted\" href=\"javascript:void(0)\">\r\n                        <img decoding=\"async\" src=\"https:\/\/jornaloassobio.pt\/wp-content\/plugins\/booster-extension\/\/assets\/icon\/surprise.svg\" alt=\"Surprise\">\r\n                    <\/a>\r\n                    <div class=\"twp-reaction-title\">Surprise<\/div>\r\n                    <div class=\"twp-count-percent\">\r\n                                                    <span style=\"display: none;\" class=\"twp-react-count\">0<\/span>\r\n                                                                        <span class=\"twp-react-percent\"><span>0<\/span> %<\/span>\r\n                                            <\/div>\r\n                <\/div>\r\n\r\n            <\/div>\r\n        <\/div>\r\n\r\n    ","protected":false},"excerpt":{"rendered":"<p>O Liter\u00c1REA, festival de turismo liter\u00e1rio, aponta \u00e0 uni\u00e3o entre a literatura e o turismo, puxando pela \u201criqueza cultural, patrimonial e gastron\u00f3mica\u201d, segundo revelou \u00e0\u00a0\u00a0R\u00e1dio\u00a0Campan\u00e1rio o presidente da Entidade Regional de Turismo, Jos\u00e9 Santos, anunciando a participa\u00e7\u00e3o de mais de 40 escritores e convidados. O mesmo respons\u00e1vel destaca o turismo liter\u00e1rio como uma forma de [&hellip;]<\/p>\n","protected":false},"author":6,"featured_media":3146,"comment_status":"open","ping_status":"open","sticky":false,"template":"","format":"standard","meta":{"footnotes":""},"categories":[4],"tags":[],"class_list":["post-3143","post","type-post","status-publish","format-standard","has-post-thumbnail","hentry","category-noticias"],"_links":{"self":[{"href":"https:\/\/jornaloassobio.pt\/index.php?rest_route=\/wp\/v2\/posts\/3143","targetHints":{"allow":["GET"]}}],"collection":[{"href":"https:\/\/jornaloassobio.pt\/index.php?rest_route=\/wp\/v2\/posts"}],"about":[{"href":"https:\/\/jornaloassobio.pt\/index.php?rest_route=\/wp\/v2\/types\/post"}],"author":[{"embeddable":true,"href":"https:\/\/jornaloassobio.pt\/index.php?rest_route=\/wp\/v2\/users\/6"}],"replies":[{"embeddable":true,"href":"https:\/\/jornaloassobio.pt\/index.php?rest_route=%2Fwp%2Fv2%2Fcomments&post=3143"}],"version-history":[{"count":5,"href":"https:\/\/jornaloassobio.pt\/index.php?rest_route=\/wp\/v2\/posts\/3143\/revisions"}],"predecessor-version":[{"id":3149,"href":"https:\/\/jornaloassobio.pt\/index.php?rest_route=\/wp\/v2\/posts\/3143\/revisions\/3149"}],"wp:featuredmedia":[{"embeddable":true,"href":"https:\/\/jornaloassobio.pt\/index.php?rest_route=\/wp\/v2\/media\/3146"}],"wp:attachment":[{"href":"https:\/\/jornaloassobio.pt\/index.php?rest_route=%2Fwp%2Fv2%2Fmedia&parent=3143"}],"wp:term":[{"taxonomy":"category","embeddable":true,"href":"https:\/\/jornaloassobio.pt\/index.php?rest_route=%2Fwp%2Fv2%2Fcategories&post=3143"},{"taxonomy":"post_tag","embeddable":true,"href":"https:\/\/jornaloassobio.pt\/index.php?rest_route=%2Fwp%2Fv2%2Ftags&post=3143"}],"curies":[{"name":"wp","href":"https:\/\/api.w.org\/{rel}","templated":true}]}}