{"id":3218,"date":"2025-01-08T10:57:27","date_gmt":"2025-01-08T10:57:27","guid":{"rendered":"https:\/\/jornaloassobio.pt\/?p=3218"},"modified":"2025-01-08T10:58:33","modified_gmt":"2025-01-08T10:58:33","slug":"palavra-do-ano-2024-liberdade","status":"publish","type":"post","link":"https:\/\/jornaloassobio.pt\/?p=3218","title":{"rendered":"PALAVRA DO ANO 2024 &#8211; LIBERDADE"},"content":{"rendered":"<div class='booster-block booster-read-block'>\r\n                <div class=\"twp-read-time\">\r\n                \t<i class=\"booster-icon twp-clock\"><\/i> <span>Read Time:<\/span>1 Minute, 5 Second                <\/div>\r\n\r\n            <\/div><h3 class=\"headline story__headline\"><span style=\"font-size: 16px;\"><img loading=\"lazy\" decoding=\"async\" class=\"wp-image-3219 aligncenter\" src=\"https:\/\/jornaloassobio.pt\/wp-content\/uploads\/2025\/01\/image173624772793-300x130.jpg\" alt=\"\" width=\"440\" height=\"191\" srcset=\"https:\/\/jornaloassobio.pt\/wp-content\/uploads\/2025\/01\/image173624772793-300x130.jpg 300w, https:\/\/jornaloassobio.pt\/wp-content\/uploads\/2025\/01\/image173624772793.jpg 680w\" sizes=\"auto, (max-width: 440px) 100vw, 440px\" \/><\/span><\/h3>\n<h1 style=\"text-align: center;\">&#8220;Liberdade&#8221; \u00e9 a Palavra do Ano 2024.<\/h1>\n<h3><span style=\"font-size: 16px;\">O voc\u00e1bulo foi eleito com 22% dos votos na 16.\u00aa edi\u00e7\u00e3o da iniciativa da Porto Editora e da Infop\u00e9dia, refletindo as comemora\u00e7\u00f5es dos 50 anos do 25 de Abril.<\/span><\/h3>\n<h3>Depois de uma vota\u00e7\u00e3o renhida, a Porto Editora deu a conhecer, na manh\u00e3 desta ter\u00e7a-feira, a Palavra do Ano 2024. &#8220;Liberdade&#8221; angariou 22% dos votos dos portugueses, &#8220;numa alus\u00e3o aos 50 anos da Revolu\u00e7\u00e3o do 25 de Abril&#8221;, <a href=\"https:\/\/www.publico.pt\/50-anos-25-abril\">efem\u00e9ride<\/a> que foi assinalada ao longo do ano passado atrav\u00e9s de v\u00e1rias iniciativas, em m\u00faltiplas \u00e1reas.<\/h3>\n<h3>Antes de ser conhecido o resultado da vota\u00e7\u00e3o, que foi &#8220;disputada at\u00e9 ao \u00faltimo momento&#8221;, as palavras &#8220;<a href=\"https:\/\/www.publico.pt\/conflitos\">conflitos<\/a>&#8220;, &#8220;<a href=\"https:\/\/www.publico.pt\/imigracao\">imigra\u00e7\u00e3o<\/a>&#8221; e &#8220;<a href=\"https:\/\/www.publico.pt\/liberdade\">liberdade<\/a>&#8221; lideravam a elei\u00e7\u00e3o que decorreu at\u00e9 31 de Dezembro. No segundo lugar do p\u00f3dio, &#8220;conflitos&#8221; obteve 21,3% dos votos, enquanto &#8220;imigra\u00e7\u00e3o&#8221;, na terceira posi\u00e7\u00e3o, reuniu 21,2% dos votos registados em <a href=\"https:\/\/www.palavradoano.pt\/\">www.palavradoano.pt<\/a>, referiu a<a href=\"https:\/\/www.publico.pt\/porto-editora\"> Porto Editora<\/a> em comunicado de imprensa.<\/h3>\n<h3>&#8220;<a href=\"https:\/\/www.publico.pt\/inclusao\">Inclus\u00e3o<\/a>&#8220;, &#8220;<a href=\"https:\/\/www.publico.pt\/inem\">INEM<\/a>&#8220;, &#8220;<a href=\"https:\/\/www.publico.pt\/incendios-florestais\">fogos<\/a>&#8220;, &#8220;<a href=\"https:\/\/www.publico.pt\/policia\">pol\u00edcia<\/a>&#8220;, &#8220;<a href=\"https:\/\/www.publico.pt\/jovens\">jovem<\/a>&#8220;, &#8220;<a href=\"https:\/\/www.publico.pt\/2024\/10\/08\/politica\/noticia\/perguntas-sopradas-auricular-jornalistas-criticam-declaracoes-montenegro-2107044\">auricular<\/a>&#8221; e &#8220;<a href=\"https:\/\/www.publico.pt\/transportes\">transportes<\/a>&#8221; foram as candidatas que completaram o boletim de voto dispon\u00edvel <em>online <\/em>entre 2 a 31 de Dezembro de 2024, espelhando algumas das palavras que mais estiveram presentes nas not\u00edcias e ao redor da popula\u00e7\u00e3o portuguesa durante 2024.<\/h3>\n<p>in https:\/\/www.publico.pt\/2025\/01\/07\/culturaipsilon\/noticia\/liberdade-palavra-ano-2024-2117849<\/p>\n<h1 class=\"headline story__headline\"><span style=\"font-size: 16px;\">\u00a0<\/span><\/h1>\n        <div class=\"booster-block booster-reactions-block\">\r\n            <div class=\"twp-reactions-icons\">\r\n                \r\n                <div class=\"twp-reacts-wrap\">\r\n                    <a react-data=\"be-react-1\" post-id=\"3218\" class=\"be-face-icons un-reacted\" href=\"javascript:void(0)\">\r\n                        <img decoding=\"async\" src=\"https:\/\/jornaloassobio.pt\/wp-content\/plugins\/booster-extension\/\/assets\/icon\/happy.svg\" alt=\"Happy\">\r\n                    <\/a>\r\n                    <div class=\"twp-reaction-title\">\r\n                        Happy                    <\/div>\r\n                    <div class=\"twp-count-percent\">\r\n                                                    <span style=\"display: none;\" class=\"twp-react-count\">0<\/span>\r\n                        \r\n                                                <span class=\"twp-react-percent\"><span>0<\/span> %<\/span>\r\n                                            <\/div>\r\n                <\/div>\r\n\r\n                <div class=\"twp-reacts-wrap\">\r\n                    <a react-data=\"be-react-2\" post-id=\"3218\" class=\"be-face-icons un-reacted\" href=\"javascript:void(0)\">\r\n                        <img decoding=\"async\" src=\"https:\/\/jornaloassobio.pt\/wp-content\/plugins\/booster-extension\/\/assets\/icon\/sad.svg\" alt=\"Sad\">\r\n                    <\/a>\r\n                    <div class=\"twp-reaction-title\">\r\n                        Sad                    <\/div>\r\n                    <div class=\"twp-count-percent\">\r\n                                                    <span style=\"display: none;\" class=\"twp-react-count\">0<\/span>\r\n                                                                        <span class=\"twp-react-percent\"><span>0<\/span> %<\/span>\r\n                                            <\/div>\r\n                <\/div>\r\n\r\n                <div class=\"twp-reacts-wrap\">\r\n                    <a react-data=\"be-react-3\" post-id=\"3218\" class=\"be-face-icons un-reacted\" href=\"javascript:void(0)\">\r\n                        <img decoding=\"async\" src=\"https:\/\/jornaloassobio.pt\/wp-content\/plugins\/booster-extension\/\/assets\/icon\/excited.svg\" alt=\"Excited\">\r\n                    <\/a>\r\n                    <div class=\"twp-reaction-title\">\r\n                        Excited                    <\/div>\r\n                    <div class=\"twp-count-percent\">\r\n                                                    <span style=\"display: none;\" class=\"twp-react-count\">0<\/span>\r\n                                                                        <span class=\"twp-react-percent\"><span>0<\/span> %<\/span>\r\n                                            <\/div>\r\n                <\/div>\r\n\r\n                <div class=\"twp-reacts-wrap\">\r\n                    <a react-data=\"be-react-6\" post-id=\"3218\" class=\"be-face-icons un-reacted\" href=\"javascript:void(0)\">\r\n                        <img decoding=\"async\" src=\"https:\/\/jornaloassobio.pt\/wp-content\/plugins\/booster-extension\/\/assets\/icon\/sleepy.svg\" alt=\"Sleepy\">\r\n                    <\/a>\r\n                    <div class=\"twp-reaction-title\">\r\n                        Sleepy                    <\/div>\r\n                    <div class=\"twp-count-percent\">\r\n                                                    <span style=\"display: none;\" class=\"twp-react-count\">0<\/span>\r\n                        \r\n                                                <span class=\"twp-react-percent\"><span>0<\/span> %<\/span>\r\n                                            <\/div>\r\n                <\/div>\r\n\r\n                <div class=\"twp-reacts-wrap\">\r\n                    <a react-data=\"be-react-4\" post-id=\"3218\" class=\"be-face-icons un-reacted\" href=\"javascript:void(0)\">\r\n                        <img decoding=\"async\" src=\"https:\/\/jornaloassobio.pt\/wp-content\/plugins\/booster-extension\/\/assets\/icon\/angry.svg\" alt=\"Angry\">\r\n                    <\/a>\r\n                    <div class=\"twp-reaction-title\">Angry<\/div>\r\n                    <div class=\"twp-count-percent\">\r\n                                                    <span style=\"display: none;\" class=\"twp-react-count\">0<\/span>\r\n                                                                        <span class=\"twp-react-percent\"><span>0<\/span> %<\/span>\r\n                        \r\n                    <\/div>\r\n                <\/div>\r\n\r\n                <div class=\"twp-reacts-wrap\">\r\n                    <a react-data=\"be-react-5\" post-id=\"3218\" class=\"be-face-icons un-reacted\" href=\"javascript:void(0)\">\r\n                        <img decoding=\"async\" src=\"https:\/\/jornaloassobio.pt\/wp-content\/plugins\/booster-extension\/\/assets\/icon\/surprise.svg\" alt=\"Surprise\">\r\n                    <\/a>\r\n                    <div class=\"twp-reaction-title\">Surprise<\/div>\r\n                    <div class=\"twp-count-percent\">\r\n                                                    <span style=\"display: none;\" class=\"twp-react-count\">0<\/span>\r\n                                                                        <span class=\"twp-react-percent\"><span>0<\/span> %<\/span>\r\n                                            <\/div>\r\n                <\/div>\r\n\r\n            <\/div>\r\n        <\/div>\r\n\r\n    ","protected":false},"excerpt":{"rendered":"<p>&#8220;Liberdade&#8221; \u00e9 a Palavra do Ano 2024. O voc\u00e1bulo foi eleito com 22% dos votos na 16.\u00aa edi\u00e7\u00e3o da iniciativa da Porto Editora e da Infop\u00e9dia, refletindo as comemora\u00e7\u00f5es dos 50 anos do 25 de Abril. Depois de uma vota\u00e7\u00e3o renhida, a Porto Editora deu a conhecer, na manh\u00e3 desta ter\u00e7a-feira, a Palavra do Ano [&hellip;]<\/p>\n","protected":false},"author":6,"featured_media":3219,"comment_status":"open","ping_status":"open","sticky":false,"template":"","format":"standard","meta":{"footnotes":""},"categories":[4],"tags":[],"class_list":["post-3218","post","type-post","status-publish","format-standard","has-post-thumbnail","hentry","category-noticias"],"_links":{"self":[{"href":"https:\/\/jornaloassobio.pt\/index.php?rest_route=\/wp\/v2\/posts\/3218","targetHints":{"allow":["GET"]}}],"collection":[{"href":"https:\/\/jornaloassobio.pt\/index.php?rest_route=\/wp\/v2\/posts"}],"about":[{"href":"https:\/\/jornaloassobio.pt\/index.php?rest_route=\/wp\/v2\/types\/post"}],"author":[{"embeddable":true,"href":"https:\/\/jornaloassobio.pt\/index.php?rest_route=\/wp\/v2\/users\/6"}],"replies":[{"embeddable":true,"href":"https:\/\/jornaloassobio.pt\/index.php?rest_route=%2Fwp%2Fv2%2Fcomments&post=3218"}],"version-history":[{"count":3,"href":"https:\/\/jornaloassobio.pt\/index.php?rest_route=\/wp\/v2\/posts\/3218\/revisions"}],"predecessor-version":[{"id":3222,"href":"https:\/\/jornaloassobio.pt\/index.php?rest_route=\/wp\/v2\/posts\/3218\/revisions\/3222"}],"wp:featuredmedia":[{"embeddable":true,"href":"https:\/\/jornaloassobio.pt\/index.php?rest_route=\/wp\/v2\/media\/3219"}],"wp:attachment":[{"href":"https:\/\/jornaloassobio.pt\/index.php?rest_route=%2Fwp%2Fv2%2Fmedia&parent=3218"}],"wp:term":[{"taxonomy":"category","embeddable":true,"href":"https:\/\/jornaloassobio.pt\/index.php?rest_route=%2Fwp%2Fv2%2Fcategories&post=3218"},{"taxonomy":"post_tag","embeddable":true,"href":"https:\/\/jornaloassobio.pt\/index.php?rest_route=%2Fwp%2Fv2%2Ftags&post=3218"}],"curies":[{"name":"wp","href":"https:\/\/api.w.org\/{rel}","templated":true}]}}