{"id":3252,"date":"2025-02-04T09:55:56","date_gmt":"2025-02-04T09:55:56","guid":{"rendered":"https:\/\/jornaloassobio.pt\/?p=3252"},"modified":"2025-02-04T10:00:57","modified_gmt":"2025-02-04T10:00:57","slug":"sim-a-diferenca-acao-de-sensibilizacao-da-psp","status":"publish","type":"post","link":"https:\/\/jornaloassobio.pt\/?p=3252","title":{"rendered":"SIM \u00c0 DIFEREN\u00c7A : A\u00e7\u00e3o de Sensibiliza\u00e7\u00e3o da PSP"},"content":{"rendered":"<div class='booster-block booster-read-block'>\r\n                <div class=\"twp-read-time\">\r\n                \t<i class=\"booster-icon twp-clock\"><\/i> <span>Read Time:<\/span>39 Second                <\/div>\r\n\r\n            <\/div><p><strong>Decorreu, no dia 23 de janeiro , na Sala de Atos da Escola Secund\u00e1ria de Severim de Faria,\u00a0 uma A\u00e7\u00e3o de Sensibiliza\u00e7\u00e3o promovida pela PSP, cujo tema foi &#8220;Sim \u00e0 Diferen\u00e7a&#8221;.<\/strong><\/p>\n<p><strong>A PSP, atrav\u00e9s das Equipas da Escola Segura, desenvolveu uma a\u00e7\u00e3o de sensibiliza\u00e7\u00e3o sobre o tema &#8221; Sim \u00e0 Diferen\u00e7a &#8220;, junto da comunidade estudantil da Escola Secund\u00e1ria Severim Faria, com vista a consciencializar os alunos sobre as diferen\u00e7as que existem entre eles, quanto \u00e0 ra\u00e7a, orienta\u00e7\u00e3o sexual, igualdade de g\u00e9nero, religi\u00e3o, nacionalidade e defici\u00eancia f\u00edsica.<\/strong><\/p>\n<p><strong>Estiveram presentes duas turmas do Ensino Secund\u00e1rio Profissional que assistiram, com muito interesse, \u00e0 exposi\u00e7\u00e3o efetuada pelo Agente Ant\u00f3nio Parreira.<\/strong><\/p>\n<p><strong>No final, seguiu-se um espa\u00e7o de debate no qual os alunos tiveram oportunidade de colocar quest\u00f5es e esclarecer algumas d\u00favidas sobre a tem\u00e1tica apresentada.<\/strong><\/p>\n<p><img loading=\"lazy\" decoding=\"async\" class=\" wp-image-3281 aligncenter\" src=\"https:\/\/jornaloassobio.pt\/wp-content\/uploads\/2025\/02\/474623366_926355716342733_6015686483185196620_n-300x200.jpg\" alt=\"\" width=\"362\" height=\"241\" srcset=\"https:\/\/jornaloassobio.pt\/wp-content\/uploads\/2025\/02\/474623366_926355716342733_6015686483185196620_n-300x200.jpg 300w, https:\/\/jornaloassobio.pt\/wp-content\/uploads\/2025\/02\/474623366_926355716342733_6015686483185196620_n-768x512.jpg 768w, https:\/\/jornaloassobio.pt\/wp-content\/uploads\/2025\/02\/474623366_926355716342733_6015686483185196620_n.jpg 810w\" sizes=\"auto, (max-width: 362px) 100vw, 362px\" \/><\/p>\n        <div class=\"booster-block booster-reactions-block\">\r\n            <div class=\"twp-reactions-icons\">\r\n                \r\n                <div class=\"twp-reacts-wrap\">\r\n                    <a react-data=\"be-react-1\" post-id=\"3252\" class=\"be-face-icons un-reacted\" href=\"javascript:void(0)\">\r\n                        <img decoding=\"async\" src=\"https:\/\/jornaloassobio.pt\/wp-content\/plugins\/booster-extension\/\/assets\/icon\/happy.svg\" alt=\"Happy\">\r\n                    <\/a>\r\n                    <div class=\"twp-reaction-title\">\r\n                        Happy                    <\/div>\r\n                    <div class=\"twp-count-percent\">\r\n                                                    <span style=\"display: none;\" class=\"twp-react-count\">0<\/span>\r\n                        \r\n                                                <span class=\"twp-react-percent\"><span>0<\/span> %<\/span>\r\n                                            <\/div>\r\n                <\/div>\r\n\r\n                <div class=\"twp-reacts-wrap\">\r\n                    <a react-data=\"be-react-2\" post-id=\"3252\" class=\"be-face-icons un-reacted\" href=\"javascript:void(0)\">\r\n                        <img decoding=\"async\" src=\"https:\/\/jornaloassobio.pt\/wp-content\/plugins\/booster-extension\/\/assets\/icon\/sad.svg\" alt=\"Sad\">\r\n                    <\/a>\r\n                    <div class=\"twp-reaction-title\">\r\n                        Sad                    <\/div>\r\n                    <div class=\"twp-count-percent\">\r\n                                                    <span style=\"display: none;\" class=\"twp-react-count\">0<\/span>\r\n                                                                        <span class=\"twp-react-percent\"><span>0<\/span> %<\/span>\r\n                                            <\/div>\r\n                <\/div>\r\n\r\n                <div class=\"twp-reacts-wrap\">\r\n                    <a react-data=\"be-react-3\" post-id=\"3252\" class=\"be-face-icons un-reacted\" href=\"javascript:void(0)\">\r\n                        <img decoding=\"async\" src=\"https:\/\/jornaloassobio.pt\/wp-content\/plugins\/booster-extension\/\/assets\/icon\/excited.svg\" alt=\"Excited\">\r\n                    <\/a>\r\n                    <div class=\"twp-reaction-title\">\r\n                        Excited                    <\/div>\r\n                    <div class=\"twp-count-percent\">\r\n                                                    <span style=\"display: none;\" class=\"twp-react-count\">0<\/span>\r\n                                                                        <span class=\"twp-react-percent\"><span>0<\/span> %<\/span>\r\n                                            <\/div>\r\n                <\/div>\r\n\r\n                <div class=\"twp-reacts-wrap\">\r\n                    <a react-data=\"be-react-6\" post-id=\"3252\" class=\"be-face-icons un-reacted\" href=\"javascript:void(0)\">\r\n                        <img decoding=\"async\" src=\"https:\/\/jornaloassobio.pt\/wp-content\/plugins\/booster-extension\/\/assets\/icon\/sleepy.svg\" alt=\"Sleepy\">\r\n                    <\/a>\r\n                    <div class=\"twp-reaction-title\">\r\n                        Sleepy                    <\/div>\r\n                    <div class=\"twp-count-percent\">\r\n                                                    <span style=\"display: none;\" class=\"twp-react-count\">0<\/span>\r\n                        \r\n                                                <span class=\"twp-react-percent\"><span>0<\/span> %<\/span>\r\n                                            <\/div>\r\n                <\/div>\r\n\r\n                <div class=\"twp-reacts-wrap\">\r\n                    <a react-data=\"be-react-4\" post-id=\"3252\" class=\"be-face-icons un-reacted\" href=\"javascript:void(0)\">\r\n                        <img decoding=\"async\" src=\"https:\/\/jornaloassobio.pt\/wp-content\/plugins\/booster-extension\/\/assets\/icon\/angry.svg\" alt=\"Angry\">\r\n                    <\/a>\r\n                    <div class=\"twp-reaction-title\">Angry<\/div>\r\n                    <div class=\"twp-count-percent\">\r\n                                                    <span style=\"display: none;\" class=\"twp-react-count\">0<\/span>\r\n                                                                        <span class=\"twp-react-percent\"><span>0<\/span> %<\/span>\r\n                        \r\n                    <\/div>\r\n                <\/div>\r\n\r\n                <div class=\"twp-reacts-wrap\">\r\n                    <a react-data=\"be-react-5\" post-id=\"3252\" class=\"be-face-icons un-reacted\" href=\"javascript:void(0)\">\r\n                        <img decoding=\"async\" src=\"https:\/\/jornaloassobio.pt\/wp-content\/plugins\/booster-extension\/\/assets\/icon\/surprise.svg\" alt=\"Surprise\">\r\n                    <\/a>\r\n                    <div class=\"twp-reaction-title\">Surprise<\/div>\r\n                    <div class=\"twp-count-percent\">\r\n                                                    <span style=\"display: none;\" class=\"twp-react-count\">0<\/span>\r\n                                                                        <span class=\"twp-react-percent\"><span>0<\/span> %<\/span>\r\n                                            <\/div>\r\n                <\/div>\r\n\r\n            <\/div>\r\n        <\/div>\r\n\r\n    ","protected":false},"excerpt":{"rendered":"<p>Decorreu, no dia 23 de janeiro , na Sala de Atos da Escola Secund\u00e1ria de Severim de Faria,\u00a0 uma A\u00e7\u00e3o de Sensibiliza\u00e7\u00e3o promovida pela PSP, cujo tema foi &#8220;Sim \u00e0 Diferen\u00e7a&#8221;. A PSP, atrav\u00e9s das Equipas da Escola Segura, desenvolveu uma a\u00e7\u00e3o de sensibiliza\u00e7\u00e3o sobre o tema &#8221; Sim \u00e0 Diferen\u00e7a &#8220;, junto da comunidade [&hellip;]<\/p>\n","protected":false},"author":6,"featured_media":3281,"comment_status":"open","ping_status":"open","sticky":false,"template":"","format":"standard","meta":{"footnotes":""},"categories":[4],"tags":[],"class_list":["post-3252","post","type-post","status-publish","format-standard","has-post-thumbnail","hentry","category-noticias"],"_links":{"self":[{"href":"https:\/\/jornaloassobio.pt\/index.php?rest_route=\/wp\/v2\/posts\/3252","targetHints":{"allow":["GET"]}}],"collection":[{"href":"https:\/\/jornaloassobio.pt\/index.php?rest_route=\/wp\/v2\/posts"}],"about":[{"href":"https:\/\/jornaloassobio.pt\/index.php?rest_route=\/wp\/v2\/types\/post"}],"author":[{"embeddable":true,"href":"https:\/\/jornaloassobio.pt\/index.php?rest_route=\/wp\/v2\/users\/6"}],"replies":[{"embeddable":true,"href":"https:\/\/jornaloassobio.pt\/index.php?rest_route=%2Fwp%2Fv2%2Fcomments&post=3252"}],"version-history":[{"count":6,"href":"https:\/\/jornaloassobio.pt\/index.php?rest_route=\/wp\/v2\/posts\/3252\/revisions"}],"predecessor-version":[{"id":3285,"href":"https:\/\/jornaloassobio.pt\/index.php?rest_route=\/wp\/v2\/posts\/3252\/revisions\/3285"}],"wp:featuredmedia":[{"embeddable":true,"href":"https:\/\/jornaloassobio.pt\/index.php?rest_route=\/wp\/v2\/media\/3281"}],"wp:attachment":[{"href":"https:\/\/jornaloassobio.pt\/index.php?rest_route=%2Fwp%2Fv2%2Fmedia&parent=3252"}],"wp:term":[{"taxonomy":"category","embeddable":true,"href":"https:\/\/jornaloassobio.pt\/index.php?rest_route=%2Fwp%2Fv2%2Fcategories&post=3252"},{"taxonomy":"post_tag","embeddable":true,"href":"https:\/\/jornaloassobio.pt\/index.php?rest_route=%2Fwp%2Fv2%2Ftags&post=3252"}],"curies":[{"name":"wp","href":"https:\/\/api.w.org\/{rel}","templated":true}]}}