{"id":3254,"date":"2025-02-04T11:29:43","date_gmt":"2025-02-04T11:29:43","guid":{"rendered":"https:\/\/jornaloassobio.pt\/?p=3254"},"modified":"2025-02-04T15:50:48","modified_gmt":"2025-02-04T15:50:48","slug":"exposicao-identificacao-das-emocoes-pela-arte","status":"publish","type":"post","link":"https:\/\/jornaloassobio.pt\/?p=3254","title":{"rendered":"EXPOSI\u00c7\u00c3O: Identifica\u00e7\u00e3o das Emo\u00e7\u00f5es pela Arte"},"content":{"rendered":"<div class='booster-block booster-read-block'>\r\n                <div class=\"twp-read-time\">\r\n                \t<i class=\"booster-icon twp-clock\"><\/i> <span>Read Time:<\/span>34 Second                <\/div>\r\n\r\n            <\/div><p><img loading=\"lazy\" decoding=\"async\" class=\"wp-image-3286 aligncenter\" src=\"https:\/\/jornaloassobio.pt\/wp-content\/uploads\/2025\/02\/Identificacao-das-Emocoes-pela-Arte-236x300.jpg\" alt=\"\" width=\"334\" height=\"425\" srcset=\"https:\/\/jornaloassobio.pt\/wp-content\/uploads\/2025\/02\/Identificacao-das-Emocoes-pela-Arte-236x300.jpg 236w, https:\/\/jornaloassobio.pt\/wp-content\/uploads\/2025\/02\/Identificacao-das-Emocoes-pela-Arte-804x1024.jpg 804w, https:\/\/jornaloassobio.pt\/wp-content\/uploads\/2025\/02\/Identificacao-das-Emocoes-pela-Arte-768x978.jpg 768w, https:\/\/jornaloassobio.pt\/wp-content\/uploads\/2025\/02\/Identificacao-das-Emocoes-pela-Arte-1207x1536.jpg 1207w, https:\/\/jornaloassobio.pt\/wp-content\/uploads\/2025\/02\/Identificacao-das-Emocoes-pela-Arte.jpg 1571w\" sizes=\"auto, (max-width: 334px) 100vw, 334px\" \/><img loading=\"lazy\" decoding=\"async\" class=\"size-medium wp-image-3291 alignright\" src=\"https:\/\/jornaloassobio.pt\/wp-content\/uploads\/2025\/02\/IMG_3583-225x300.jpg\" alt=\"\" width=\"225\" height=\"300\" srcset=\"https:\/\/jornaloassobio.pt\/wp-content\/uploads\/2025\/02\/IMG_3583-225x300.jpg 225w, https:\/\/jornaloassobio.pt\/wp-content\/uploads\/2025\/02\/IMG_3583-768x1024.jpg 768w, https:\/\/jornaloassobio.pt\/wp-content\/uploads\/2025\/02\/IMG_3583-1152x1536.jpg 1152w, https:\/\/jornaloassobio.pt\/wp-content\/uploads\/2025\/02\/IMG_3583-1536x2048.jpg 1536w, https:\/\/jornaloassobio.pt\/wp-content\/uploads\/2025\/02\/IMG_3583-scaled.jpg 1920w\" sizes=\"auto, (max-width: 225px) 100vw, 225px\" \/> <img loading=\"lazy\" decoding=\"async\" class=\"size-medium wp-image-3292 alignright\" src=\"https:\/\/jornaloassobio.pt\/wp-content\/uploads\/2025\/02\/IMG_3584-170x300.jpg\" alt=\"\" width=\"170\" height=\"300\" srcset=\"https:\/\/jornaloassobio.pt\/wp-content\/uploads\/2025\/02\/IMG_3584-170x300.jpg 170w, https:\/\/jornaloassobio.pt\/wp-content\/uploads\/2025\/02\/IMG_3584-580x1024.jpg 580w, https:\/\/jornaloassobio.pt\/wp-content\/uploads\/2025\/02\/IMG_3584-768x1356.jpg 768w, https:\/\/jornaloassobio.pt\/wp-content\/uploads\/2025\/02\/IMG_3584-870x1536.jpg 870w, https:\/\/jornaloassobio.pt\/wp-content\/uploads\/2025\/02\/IMG_3584-1160x2048.jpg 1160w, https:\/\/jornaloassobio.pt\/wp-content\/uploads\/2025\/02\/IMG_3584-scaled.jpg 1450w\" sizes=\"auto, (max-width: 170px) 100vw, 170px\" \/> <img loading=\"lazy\" decoding=\"async\" class=\"size-medium wp-image-3293 alignright\" src=\"https:\/\/jornaloassobio.pt\/wp-content\/uploads\/2025\/02\/IMG_3585-164x300.jpg\" alt=\"\" width=\"164\" height=\"300\" srcset=\"https:\/\/jornaloassobio.pt\/wp-content\/uploads\/2025\/02\/IMG_3585-164x300.jpg 164w, https:\/\/jornaloassobio.pt\/wp-content\/uploads\/2025\/02\/IMG_3585-558x1024.jpg 558w, https:\/\/jornaloassobio.pt\/wp-content\/uploads\/2025\/02\/IMG_3585-768x1409.jpg 768w, https:\/\/jornaloassobio.pt\/wp-content\/uploads\/2025\/02\/IMG_3585-837x1536.jpg 837w, https:\/\/jornaloassobio.pt\/wp-content\/uploads\/2025\/02\/IMG_3585-1116x2048.jpg 1116w, https:\/\/jornaloassobio.pt\/wp-content\/uploads\/2025\/02\/IMG_3585-scaled.jpg 1395w\" sizes=\"auto, (max-width: 164px) 100vw, 164px\" \/> <img loading=\"lazy\" decoding=\"async\" class=\"size-medium wp-image-3294 alignright\" src=\"https:\/\/jornaloassobio.pt\/wp-content\/uploads\/2025\/02\/IMG_3586-169x300.jpg\" alt=\"\" width=\"169\" height=\"300\" srcset=\"https:\/\/jornaloassobio.pt\/wp-content\/uploads\/2025\/02\/IMG_3586-169x300.jpg 169w, https:\/\/jornaloassobio.pt\/wp-content\/uploads\/2025\/02\/IMG_3586-577x1024.jpg 577w, https:\/\/jornaloassobio.pt\/wp-content\/uploads\/2025\/02\/IMG_3586-768x1362.jpg 768w, https:\/\/jornaloassobio.pt\/wp-content\/uploads\/2025\/02\/IMG_3586-866x1536.jpg 866w, https:\/\/jornaloassobio.pt\/wp-content\/uploads\/2025\/02\/IMG_3586-1155x2048.jpg 1155w, https:\/\/jornaloassobio.pt\/wp-content\/uploads\/2025\/02\/IMG_3586-scaled.jpg 1444w\" sizes=\"auto, (max-width: 169px) 100vw, 169px\" \/><\/p>\n<p>&nbsp;<\/p>\n<h3>Encontra-se patente, na Biblioteca da Escola Secund\u00e1ria Severim de Faria, a Exposi\u00e7\u00e3o &#8220;Identifica\u00e7\u00e3o das Emo\u00e7\u00f5es pela Arte&#8221;.<\/h3>\n<h3><span data-olk-copy-source=\"MessageBody\">O processo criativo consistiu na identifica\u00e7\u00e3o de uma emo\u00e7\u00e3o, expressada atrav\u00e9s de um desenho, na disciplina de Educa\u00e7\u00e3o Visual , de visionamento de slides sobre a Assemblagem como express\u00e3o da Arte Contempor\u00e2nea e posterior execu\u00e7\u00e3o de uma pe\u00e7a tridimensional. <\/span><\/h3>\n<h3><span data-olk-copy-source=\"MessageBody\">Na disciplina de Cidadania e Desenvolvimento, a turma visionou slides e discutiu sobre a diferen\u00e7a entre sentimentos e emo\u00e7\u00f5es, culminando a atividade com o visionamento do filme Divertidamente, produzido pela Pixar.<\/span><\/h3>\n<h3>Esta exposi\u00e7\u00e3o insere-se num desafio lan\u00e7ado pela Equipa do PNC, ao qual o projeto de turma no Dom\u00ednio de Autonomia Curricular (DAC) se associou.<\/h3>\n<p>&nbsp;<\/p>\n        <div class=\"booster-block booster-reactions-block\">\r\n            <div class=\"twp-reactions-icons\">\r\n                \r\n                <div class=\"twp-reacts-wrap\">\r\n                    <a react-data=\"be-react-1\" post-id=\"3254\" class=\"be-face-icons un-reacted\" href=\"javascript:void(0)\">\r\n                        <img decoding=\"async\" src=\"https:\/\/jornaloassobio.pt\/wp-content\/plugins\/booster-extension\/\/assets\/icon\/happy.svg\" alt=\"Happy\">\r\n                    <\/a>\r\n                    <div class=\"twp-reaction-title\">\r\n                        Happy                    <\/div>\r\n                    <div class=\"twp-count-percent\">\r\n                                                    <span style=\"display: none;\" class=\"twp-react-count\">0<\/span>\r\n                        \r\n                                                <span class=\"twp-react-percent\"><span>0<\/span> %<\/span>\r\n                                            <\/div>\r\n                <\/div>\r\n\r\n                <div class=\"twp-reacts-wrap\">\r\n                    <a react-data=\"be-react-2\" post-id=\"3254\" class=\"be-face-icons un-reacted\" href=\"javascript:void(0)\">\r\n                        <img decoding=\"async\" src=\"https:\/\/jornaloassobio.pt\/wp-content\/plugins\/booster-extension\/\/assets\/icon\/sad.svg\" alt=\"Sad\">\r\n                    <\/a>\r\n                    <div class=\"twp-reaction-title\">\r\n                        Sad                    <\/div>\r\n                    <div class=\"twp-count-percent\">\r\n                                                    <span style=\"display: none;\" class=\"twp-react-count\">0<\/span>\r\n                                                                        <span class=\"twp-react-percent\"><span>0<\/span> %<\/span>\r\n                                            <\/div>\r\n                <\/div>\r\n\r\n                <div class=\"twp-reacts-wrap\">\r\n                    <a react-data=\"be-react-3\" post-id=\"3254\" class=\"be-face-icons un-reacted\" href=\"javascript:void(0)\">\r\n                        <img decoding=\"async\" src=\"https:\/\/jornaloassobio.pt\/wp-content\/plugins\/booster-extension\/\/assets\/icon\/excited.svg\" alt=\"Excited\">\r\n                    <\/a>\r\n                    <div class=\"twp-reaction-title\">\r\n                        Excited                    <\/div>\r\n                    <div class=\"twp-count-percent\">\r\n                                                    <span style=\"display: none;\" class=\"twp-react-count\">0<\/span>\r\n                                                                        <span class=\"twp-react-percent\"><span>0<\/span> %<\/span>\r\n                                            <\/div>\r\n                <\/div>\r\n\r\n                <div class=\"twp-reacts-wrap\">\r\n                    <a react-data=\"be-react-6\" post-id=\"3254\" class=\"be-face-icons un-reacted\" href=\"javascript:void(0)\">\r\n                        <img decoding=\"async\" src=\"https:\/\/jornaloassobio.pt\/wp-content\/plugins\/booster-extension\/\/assets\/icon\/sleepy.svg\" alt=\"Sleepy\">\r\n                    <\/a>\r\n                    <div class=\"twp-reaction-title\">\r\n                        Sleepy                    <\/div>\r\n                    <div class=\"twp-count-percent\">\r\n                                                    <span style=\"display: none;\" class=\"twp-react-count\">0<\/span>\r\n                        \r\n                                                <span class=\"twp-react-percent\"><span>0<\/span> %<\/span>\r\n                                            <\/div>\r\n                <\/div>\r\n\r\n                <div class=\"twp-reacts-wrap\">\r\n                    <a react-data=\"be-react-4\" post-id=\"3254\" class=\"be-face-icons un-reacted\" href=\"javascript:void(0)\">\r\n                        <img decoding=\"async\" src=\"https:\/\/jornaloassobio.pt\/wp-content\/plugins\/booster-extension\/\/assets\/icon\/angry.svg\" alt=\"Angry\">\r\n                    <\/a>\r\n                    <div class=\"twp-reaction-title\">Angry<\/div>\r\n                    <div class=\"twp-count-percent\">\r\n                                                    <span style=\"display: none;\" class=\"twp-react-count\">0<\/span>\r\n                                                                        <span class=\"twp-react-percent\"><span>0<\/span> %<\/span>\r\n                        \r\n                    <\/div>\r\n                <\/div>\r\n\r\n                <div class=\"twp-reacts-wrap\">\r\n                    <a react-data=\"be-react-5\" post-id=\"3254\" class=\"be-face-icons un-reacted\" href=\"javascript:void(0)\">\r\n                        <img decoding=\"async\" src=\"https:\/\/jornaloassobio.pt\/wp-content\/plugins\/booster-extension\/\/assets\/icon\/surprise.svg\" alt=\"Surprise\">\r\n                    <\/a>\r\n                    <div class=\"twp-reaction-title\">Surprise<\/div>\r\n                    <div class=\"twp-count-percent\">\r\n                                                    <span style=\"display: none;\" class=\"twp-react-count\">0<\/span>\r\n                                                                        <span class=\"twp-react-percent\"><span>0<\/span> %<\/span>\r\n                                            <\/div>\r\n                <\/div>\r\n\r\n            <\/div>\r\n        <\/div>\r\n\r\n    ","protected":false},"excerpt":{"rendered":"<p>&nbsp; Encontra-se patente, na Biblioteca da Escola Secund\u00e1ria Severim de Faria, a Exposi\u00e7\u00e3o &#8220;Identifica\u00e7\u00e3o das Emo\u00e7\u00f5es pela Arte&#8221;. O processo criativo consistiu na identifica\u00e7\u00e3o de uma emo\u00e7\u00e3o, expressada atrav\u00e9s de um desenho, na disciplina de Educa\u00e7\u00e3o Visual , de visionamento de slides sobre a Assemblagem como express\u00e3o da Arte Contempor\u00e2nea e posterior execu\u00e7\u00e3o de uma [&hellip;]<\/p>\n","protected":false},"author":6,"featured_media":3286,"comment_status":"open","ping_status":"open","sticky":false,"template":"","format":"standard","meta":{"footnotes":""},"categories":[4],"tags":[],"class_list":["post-3254","post","type-post","status-publish","format-standard","has-post-thumbnail","hentry","category-noticias"],"_links":{"self":[{"href":"https:\/\/jornaloassobio.pt\/index.php?rest_route=\/wp\/v2\/posts\/3254","targetHints":{"allow":["GET"]}}],"collection":[{"href":"https:\/\/jornaloassobio.pt\/index.php?rest_route=\/wp\/v2\/posts"}],"about":[{"href":"https:\/\/jornaloassobio.pt\/index.php?rest_route=\/wp\/v2\/types\/post"}],"author":[{"embeddable":true,"href":"https:\/\/jornaloassobio.pt\/index.php?rest_route=\/wp\/v2\/users\/6"}],"replies":[{"embeddable":true,"href":"https:\/\/jornaloassobio.pt\/index.php?rest_route=%2Fwp%2Fv2%2Fcomments&post=3254"}],"version-history":[{"count":8,"href":"https:\/\/jornaloassobio.pt\/index.php?rest_route=\/wp\/v2\/posts\/3254\/revisions"}],"predecessor-version":[{"id":3300,"href":"https:\/\/jornaloassobio.pt\/index.php?rest_route=\/wp\/v2\/posts\/3254\/revisions\/3300"}],"wp:featuredmedia":[{"embeddable":true,"href":"https:\/\/jornaloassobio.pt\/index.php?rest_route=\/wp\/v2\/media\/3286"}],"wp:attachment":[{"href":"https:\/\/jornaloassobio.pt\/index.php?rest_route=%2Fwp%2Fv2%2Fmedia&parent=3254"}],"wp:term":[{"taxonomy":"category","embeddable":true,"href":"https:\/\/jornaloassobio.pt\/index.php?rest_route=%2Fwp%2Fv2%2Fcategories&post=3254"},{"taxonomy":"post_tag","embeddable":true,"href":"https:\/\/jornaloassobio.pt\/index.php?rest_route=%2Fwp%2Fv2%2Ftags&post=3254"}],"curies":[{"name":"wp","href":"https:\/\/api.w.org\/{rel}","templated":true}]}}