{"id":3256,"date":"2025-01-31T10:22:24","date_gmt":"2025-01-31T10:22:24","guid":{"rendered":"https:\/\/jornaloassobio.pt\/?p=3256"},"modified":"2025-02-07T11:56:52","modified_gmt":"2025-02-07T11:56:52","slug":"biblioteca-de-santa-clara-cerimonia-de-reabertura","status":"publish","type":"post","link":"https:\/\/jornaloassobio.pt\/?p=3256","title":{"rendered":"BIBLIOTECA DE SANTA CLARA &#8211; CERIM\u00d3NIA DE REABERTURA"},"content":{"rendered":"<div class='booster-block booster-read-block'>\r\n                <div class=\"twp-read-time\">\r\n                \t<i class=\"booster-icon twp-clock\"><\/i> <span>Read Time:<\/span>1 Minute, 33 Second                <\/div>\r\n\r\n            <\/div><h3>No dia 28 de janeiro, com in\u00edcio \u00e0s 10 horas, decorreu a cerim\u00f3nia de reabertura da Biblioteca de Santa Clara, ap\u00f3s algumas obras de melhoramento e de requalifica\u00e7\u00e3o, com a aquisi\u00e7\u00e3o de mobili\u00e1rio.<\/h3>\n<h3>Estiveram presentes a Diretora do Agrupamento de Escolas Severim de Faria, Dra. Ana Pires Fernandes e o Vice-Diretor, Dr. Joaquim Serra, a Coordenadora da Escola de Santa Clara, Dra. Cristina Caixeiro, a Coordenadora Interconcelhia da Rede de Bibliotecas Escolares, Dra. Maria Jos\u00e9 Alves (em representa\u00e7\u00e3o da Coordenadora Nacional da RBE, Dra. Manuela Pragana Silva), a Coordenadora das Bibliotecas Escolares do Agrupamento, Dra. Olga Rocha, Representantes da C\u00e2mara Municipal de \u00c9vora da \u00c1rea da Educa\u00e7\u00e3o, as Professoras Bibliotec\u00e1rias, a Funcion\u00e1ria da Biblioteca, Professores e Alunos.<\/h3>\n<h3>A cerim\u00f3nia iniciou-se com o discurso de abertura da Diretora do Agrupamento, dirigido a todos os presentes mas sobretudo aos alunos que ser\u00e3o os que ir\u00e3o beneficiar mais das condi\u00e7\u00f5es da nova Biblioteca.<\/h3>\n<h3>De seguida, a Dra. Maria Jos\u00e9 Alves, em representa\u00e7\u00e3o da Coordenadora Nacional da RBE, enfatizou a import\u00e2ncia do investimento do Minist\u00e9rio da Educa\u00e7\u00e3o nas Bibliotecas da Rede.<\/h3>\n<h3>Por fim, a Coordenadora da RBEV, Dra. Olga Rocha, agradeceu o apoio inexced\u00edvel concedido pelo Agrupamento de Escolas Severim de Faria e pela\u00a0 C\u00e2mara Municipal de \u00c9vora para que as obras conseguissem chegar a bom porto.<\/h3>\n<h3>Ap\u00f3s a leitura de textos que alertavam para a import\u00e2ncia de ler para saber,\u00a0 por parte dos alunos do 5\u00baA, os presentes tiveram oportunidade de assistir a um excelente momento musical proporcionado por um antigo aluno da escola, que tocou violoncelo, e pelo Grupo de Cante Alentejano, constitu\u00eddo por alunos do 5\u00ba C, todos da Escola de Santa Clara, oriundos de S. Man\u00e7os.<\/h3>\n<h3>A celebra\u00e7\u00e3o terminou com o ato simb\u00f3lico do cortar da fita, pela Diretora do Agrupamento.<\/h3>\n<h3>Ainda houve tempo para um &#8220;tea-break&#8221; e para degustar um bolo muito saboroso, confecionado pela D. Gertrudes.<\/h3>\n<h3><img loading=\"lazy\" decoding=\"async\" class=\" wp-image-3257 alignleft\" src=\"https:\/\/jornaloassobio.pt\/wp-content\/uploads\/2025\/01\/IMG_3751-225x300.jpg\" alt=\"\" width=\"237\" height=\"316\" srcset=\"https:\/\/jornaloassobio.pt\/wp-content\/uploads\/2025\/01\/IMG_3751-225x300.jpg 225w, https:\/\/jornaloassobio.pt\/wp-content\/uploads\/2025\/01\/IMG_3751-768x1024.jpg 768w, https:\/\/jornaloassobio.pt\/wp-content\/uploads\/2025\/01\/IMG_3751-1152x1536.jpg 1152w, https:\/\/jornaloassobio.pt\/wp-content\/uploads\/2025\/01\/IMG_3751-1536x2048.jpg 1536w, https:\/\/jornaloassobio.pt\/wp-content\/uploads\/2025\/01\/IMG_3751-scaled.jpg 1920w\" sizes=\"auto, (max-width: 237px) 100vw, 237px\" \/><img loading=\"lazy\" decoding=\"async\" class=\"wp-image-3260 alignnone\" src=\"https:\/\/jornaloassobio.pt\/wp-content\/uploads\/2025\/01\/IMG_3793-300x225.jpg\" alt=\"\" width=\"340\" height=\"255\" srcset=\"https:\/\/jornaloassobio.pt\/wp-content\/uploads\/2025\/01\/IMG_3793-300x225.jpg 300w, https:\/\/jornaloassobio.pt\/wp-content\/uploads\/2025\/01\/IMG_3793-1024x768.jpg 1024w, https:\/\/jornaloassobio.pt\/wp-content\/uploads\/2025\/01\/IMG_3793-768x576.jpg 768w, https:\/\/jornaloassobio.pt\/wp-content\/uploads\/2025\/01\/IMG_3793-1536x1152.jpg 1536w, https:\/\/jornaloassobio.pt\/wp-content\/uploads\/2025\/01\/IMG_3793-2048x1536.jpg 2048w\" sizes=\"auto, (max-width: 340px) 100vw, 340px\" \/><img loading=\"lazy\" decoding=\"async\" class=\" wp-image-3259 alignleft\" src=\"https:\/\/jornaloassobio.pt\/wp-content\/uploads\/2025\/01\/IMG_3773-225x300.jpg\" alt=\"\" width=\"233\" height=\"311\" srcset=\"https:\/\/jornaloassobio.pt\/wp-content\/uploads\/2025\/01\/IMG_3773-225x300.jpg 225w, https:\/\/jornaloassobio.pt\/wp-content\/uploads\/2025\/01\/IMG_3773-768x1024.jpg 768w, https:\/\/jornaloassobio.pt\/wp-content\/uploads\/2025\/01\/IMG_3773-1152x1536.jpg 1152w, https:\/\/jornaloassobio.pt\/wp-content\/uploads\/2025\/01\/IMG_3773-1536x2048.jpg 1536w, https:\/\/jornaloassobio.pt\/wp-content\/uploads\/2025\/01\/IMG_3773-scaled.jpg 1920w\" sizes=\"auto, (max-width: 233px) 100vw, 233px\" \/><\/h3>\n<h3><\/h3>\n<p>&nbsp;<\/p>\n        <div class=\"booster-block booster-reactions-block\">\r\n            <div class=\"twp-reactions-icons\">\r\n                \r\n                <div class=\"twp-reacts-wrap\">\r\n                    <a react-data=\"be-react-1\" post-id=\"3256\" class=\"be-face-icons un-reacted\" href=\"javascript:void(0)\">\r\n                        <img decoding=\"async\" src=\"https:\/\/jornaloassobio.pt\/wp-content\/plugins\/booster-extension\/\/assets\/icon\/happy.svg\" alt=\"Happy\">\r\n                    <\/a>\r\n                    <div class=\"twp-reaction-title\">\r\n                        Happy                    <\/div>\r\n                    <div class=\"twp-count-percent\">\r\n                                                    <span style=\"display: none;\" class=\"twp-react-count\">2<\/span>\r\n                        \r\n                                                <span class=\"twp-react-percent\"><span>100<\/span> %<\/span>\r\n                                            <\/div>\r\n                <\/div>\r\n\r\n                <div class=\"twp-reacts-wrap\">\r\n                    <a react-data=\"be-react-2\" post-id=\"3256\" class=\"be-face-icons un-reacted\" href=\"javascript:void(0)\">\r\n                        <img decoding=\"async\" src=\"https:\/\/jornaloassobio.pt\/wp-content\/plugins\/booster-extension\/\/assets\/icon\/sad.svg\" alt=\"Sad\">\r\n                    <\/a>\r\n                    <div class=\"twp-reaction-title\">\r\n                        Sad                    <\/div>\r\n                    <div class=\"twp-count-percent\">\r\n                                                    <span style=\"display: none;\" class=\"twp-react-count\">0<\/span>\r\n                                                                        <span class=\"twp-react-percent\"><span>0<\/span> %<\/span>\r\n                                            <\/div>\r\n                <\/div>\r\n\r\n                <div class=\"twp-reacts-wrap\">\r\n                    <a react-data=\"be-react-3\" post-id=\"3256\" class=\"be-face-icons un-reacted\" href=\"javascript:void(0)\">\r\n                        <img decoding=\"async\" src=\"https:\/\/jornaloassobio.pt\/wp-content\/plugins\/booster-extension\/\/assets\/icon\/excited.svg\" alt=\"Excited\">\r\n                    <\/a>\r\n                    <div class=\"twp-reaction-title\">\r\n                        Excited                    <\/div>\r\n                    <div class=\"twp-count-percent\">\r\n                                                    <span style=\"display: none;\" class=\"twp-react-count\">0<\/span>\r\n                                                                        <span class=\"twp-react-percent\"><span>0<\/span> %<\/span>\r\n                                            <\/div>\r\n                <\/div>\r\n\r\n                <div class=\"twp-reacts-wrap\">\r\n                    <a react-data=\"be-react-6\" post-id=\"3256\" class=\"be-face-icons un-reacted\" href=\"javascript:void(0)\">\r\n                        <img decoding=\"async\" src=\"https:\/\/jornaloassobio.pt\/wp-content\/plugins\/booster-extension\/\/assets\/icon\/sleepy.svg\" alt=\"Sleepy\">\r\n                    <\/a>\r\n                    <div class=\"twp-reaction-title\">\r\n                        Sleepy                    <\/div>\r\n                    <div class=\"twp-count-percent\">\r\n                                                    <span style=\"display: none;\" class=\"twp-react-count\">0<\/span>\r\n                        \r\n                                                <span class=\"twp-react-percent\"><span>0<\/span> %<\/span>\r\n                                            <\/div>\r\n                <\/div>\r\n\r\n                <div class=\"twp-reacts-wrap\">\r\n                    <a react-data=\"be-react-4\" post-id=\"3256\" class=\"be-face-icons un-reacted\" href=\"javascript:void(0)\">\r\n                        <img decoding=\"async\" src=\"https:\/\/jornaloassobio.pt\/wp-content\/plugins\/booster-extension\/\/assets\/icon\/angry.svg\" alt=\"Angry\">\r\n                    <\/a>\r\n                    <div class=\"twp-reaction-title\">Angry<\/div>\r\n                    <div class=\"twp-count-percent\">\r\n                                                    <span style=\"display: none;\" class=\"twp-react-count\">0<\/span>\r\n                                                                        <span class=\"twp-react-percent\"><span>0<\/span> %<\/span>\r\n                        \r\n                    <\/div>\r\n                <\/div>\r\n\r\n                <div class=\"twp-reacts-wrap\">\r\n                    <a react-data=\"be-react-5\" post-id=\"3256\" class=\"be-face-icons un-reacted\" href=\"javascript:void(0)\">\r\n                        <img decoding=\"async\" src=\"https:\/\/jornaloassobio.pt\/wp-content\/plugins\/booster-extension\/\/assets\/icon\/surprise.svg\" alt=\"Surprise\">\r\n                    <\/a>\r\n                    <div class=\"twp-reaction-title\">Surprise<\/div>\r\n                    <div class=\"twp-count-percent\">\r\n                                                    <span style=\"display: none;\" class=\"twp-react-count\">0<\/span>\r\n                                                                        <span class=\"twp-react-percent\"><span>0<\/span> %<\/span>\r\n                                            <\/div>\r\n                <\/div>\r\n\r\n            <\/div>\r\n        <\/div>\r\n\r\n    ","protected":false},"excerpt":{"rendered":"<p>No dia 28 de janeiro, com in\u00edcio \u00e0s 10 horas, decorreu a cerim\u00f3nia de reabertura da Biblioteca de Santa Clara, ap\u00f3s algumas obras de melhoramento e de requalifica\u00e7\u00e3o, com a aquisi\u00e7\u00e3o de mobili\u00e1rio. Estiveram presentes a Diretora do Agrupamento de Escolas Severim de Faria, Dra. Ana Pires Fernandes e o Vice-Diretor, Dr. Joaquim Serra, a [&hellip;]<\/p>\n","protected":false},"author":6,"featured_media":3270,"comment_status":"open","ping_status":"open","sticky":false,"template":"","format":"standard","meta":{"footnotes":""},"categories":[4],"tags":[],"class_list":["post-3256","post","type-post","status-publish","format-standard","has-post-thumbnail","hentry","category-noticias"],"_links":{"self":[{"href":"https:\/\/jornaloassobio.pt\/index.php?rest_route=\/wp\/v2\/posts\/3256","targetHints":{"allow":["GET"]}}],"collection":[{"href":"https:\/\/jornaloassobio.pt\/index.php?rest_route=\/wp\/v2\/posts"}],"about":[{"href":"https:\/\/jornaloassobio.pt\/index.php?rest_route=\/wp\/v2\/types\/post"}],"author":[{"embeddable":true,"href":"https:\/\/jornaloassobio.pt\/index.php?rest_route=\/wp\/v2\/users\/6"}],"replies":[{"embeddable":true,"href":"https:\/\/jornaloassobio.pt\/index.php?rest_route=%2Fwp%2Fv2%2Fcomments&post=3256"}],"version-history":[{"count":16,"href":"https:\/\/jornaloassobio.pt\/index.php?rest_route=\/wp\/v2\/posts\/3256\/revisions"}],"predecessor-version":[{"id":3323,"href":"https:\/\/jornaloassobio.pt\/index.php?rest_route=\/wp\/v2\/posts\/3256\/revisions\/3323"}],"wp:featuredmedia":[{"embeddable":true,"href":"https:\/\/jornaloassobio.pt\/index.php?rest_route=\/wp\/v2\/media\/3270"}],"wp:attachment":[{"href":"https:\/\/jornaloassobio.pt\/index.php?rest_route=%2Fwp%2Fv2%2Fmedia&parent=3256"}],"wp:term":[{"taxonomy":"category","embeddable":true,"href":"https:\/\/jornaloassobio.pt\/index.php?rest_route=%2Fwp%2Fv2%2Fcategories&post=3256"},{"taxonomy":"post_tag","embeddable":true,"href":"https:\/\/jornaloassobio.pt\/index.php?rest_route=%2Fwp%2Fv2%2Ftags&post=3256"}],"curies":[{"name":"wp","href":"https:\/\/api.w.org\/{rel}","templated":true}]}}