{"id":3303,"date":"2025-02-07T11:02:33","date_gmt":"2025-02-07T11:02:33","guid":{"rendered":"https:\/\/jornaloassobio.pt\/?p=3303"},"modified":"2025-02-23T09:13:49","modified_gmt":"2025-02-23T09:13:49","slug":"exposicao-de-trabalhos-500-anos-de-camoes","status":"publish","type":"post","link":"https:\/\/jornaloassobio.pt\/?p=3303","title":{"rendered":"Exposi\u00e7\u00e3o de trabalhos : 500 Anos de Cam\u00f5es"},"content":{"rendered":"<div class='booster-block booster-read-block'>\r\n                <div class=\"twp-read-time\">\r\n                \t<i class=\"booster-icon twp-clock\"><\/i> <span>Read Time:<\/span>28 Second                <\/div>\r\n\r\n            <\/div><h3><\/h3>\n<p>&nbsp;<\/p>\n<h3><img loading=\"lazy\" decoding=\"async\" class=\"size-medium wp-image-3356 alignleft\" src=\"https:\/\/jornaloassobio.pt\/wp-content\/uploads\/2025\/02\/IMG_4088-207x300.jpg\" alt=\"\" width=\"207\" height=\"300\" srcset=\"https:\/\/jornaloassobio.pt\/wp-content\/uploads\/2025\/02\/IMG_4088-207x300.jpg 207w, https:\/\/jornaloassobio.pt\/wp-content\/uploads\/2025\/02\/IMG_4088-706x1024.jpg 706w, https:\/\/jornaloassobio.pt\/wp-content\/uploads\/2025\/02\/IMG_4088-768x1114.jpg 768w, https:\/\/jornaloassobio.pt\/wp-content\/uploads\/2025\/02\/IMG_4088-1059x1536.jpg 1059w, https:\/\/jornaloassobio.pt\/wp-content\/uploads\/2025\/02\/IMG_4088-1412x2048.jpg 1412w, https:\/\/jornaloassobio.pt\/wp-content\/uploads\/2025\/02\/IMG_4088-scaled.jpg 1765w\" sizes=\"auto, (max-width: 207px) 100vw, 207px\" \/><\/h3>\n<h3><\/h3>\n<h3>Encontra-se patente ao p\u00fablico escolar, nas vitrines do \u00e1trio do Audit\u00f3rio, uma exposi\u00e7\u00e3o de trabalhos de alunos, realizados no \u00e2mbito da disciplina de Cidadania e Desenvolvimento,\u00a0das turmas A, C e D do 9\u00ba ano,\u00a0sobre a vida e a obra de Cam\u00f5es.<\/h3>\n<h3>Os alunos do 9\u00ba A tamb\u00e9m elaboraram marcadores\u00a0 com frases alusivas \u00e0 obra po\u00e9tica de Cam\u00f5es.<\/h3>\n<h3>Estes trabalhos assinalam os 500 anos do poeta, que, &#8220;com engenho e arte&#8221;, conseguiu criar a epopeia &#8220;Os Lus\u00edadas&#8221;,\u00a0 para al\u00e9m de textos\u00a0 l\u00edricos e dram\u00e1ticos que &#8220;deram novos mundos&#8221; \u00e0 nossa literatura.<\/h3>\n<h3><img loading=\"lazy\" decoding=\"async\" class=\"size-medium wp-image-3352 alignnone\" src=\"https:\/\/jornaloassobio.pt\/wp-content\/uploads\/2025\/02\/IMG_4087-300x225.jpg\" alt=\"\" width=\"300\" height=\"225\" srcset=\"https:\/\/jornaloassobio.pt\/wp-content\/uploads\/2025\/02\/IMG_4087-300x225.jpg 300w, https:\/\/jornaloassobio.pt\/wp-content\/uploads\/2025\/02\/IMG_4087-1024x768.jpg 1024w, https:\/\/jornaloassobio.pt\/wp-content\/uploads\/2025\/02\/IMG_4087-768x576.jpg 768w, https:\/\/jornaloassobio.pt\/wp-content\/uploads\/2025\/02\/IMG_4087-1536x1152.jpg 1536w, https:\/\/jornaloassobio.pt\/wp-content\/uploads\/2025\/02\/IMG_4087-2048x1536.jpg 2048w\" sizes=\"auto, (max-width: 300px) 100vw, 300px\" \/><img loading=\"lazy\" decoding=\"async\" class=\"size-medium wp-image-3357 alignnone\" src=\"https:\/\/jornaloassobio.pt\/wp-content\/uploads\/2025\/02\/IMG_4080-300x225.jpg\" alt=\"\" width=\"300\" height=\"225\" srcset=\"https:\/\/jornaloassobio.pt\/wp-content\/uploads\/2025\/02\/IMG_4080-300x225.jpg 300w, https:\/\/jornaloassobio.pt\/wp-content\/uploads\/2025\/02\/IMG_4080-1024x768.jpg 1024w, https:\/\/jornaloassobio.pt\/wp-content\/uploads\/2025\/02\/IMG_4080-768x576.jpg 768w, https:\/\/jornaloassobio.pt\/wp-content\/uploads\/2025\/02\/IMG_4080-1536x1152.jpg 1536w, https:\/\/jornaloassobio.pt\/wp-content\/uploads\/2025\/02\/IMG_4080-2048x1536.jpg 2048w\" sizes=\"auto, (max-width: 300px) 100vw, 300px\" \/><\/h3>\n<h3><img loading=\"lazy\" decoding=\"async\" class=\"size-medium wp-image-3353 alignnone\" src=\"https:\/\/jornaloassobio.pt\/wp-content\/uploads\/2025\/02\/IMG_4084-300x225.jpg\" alt=\"\" width=\"300\" height=\"225\" srcset=\"https:\/\/jornaloassobio.pt\/wp-content\/uploads\/2025\/02\/IMG_4084-300x225.jpg 300w, https:\/\/jornaloassobio.pt\/wp-content\/uploads\/2025\/02\/IMG_4084-1024x768.jpg 1024w, https:\/\/jornaloassobio.pt\/wp-content\/uploads\/2025\/02\/IMG_4084-768x576.jpg 768w, https:\/\/jornaloassobio.pt\/wp-content\/uploads\/2025\/02\/IMG_4084-1536x1152.jpg 1536w, https:\/\/jornaloassobio.pt\/wp-content\/uploads\/2025\/02\/IMG_4084-2048x1536.jpg 2048w\" sizes=\"auto, (max-width: 300px) 100vw, 300px\" \/><img loading=\"lazy\" decoding=\"async\" class=\"size-medium wp-image-3355 alignnone\" src=\"https:\/\/jornaloassobio.pt\/wp-content\/uploads\/2025\/02\/IMG_4085-300x225.jpg\" alt=\"\" width=\"300\" height=\"225\" srcset=\"https:\/\/jornaloassobio.pt\/wp-content\/uploads\/2025\/02\/IMG_4085-300x225.jpg 300w, https:\/\/jornaloassobio.pt\/wp-content\/uploads\/2025\/02\/IMG_4085-1024x768.jpg 1024w, https:\/\/jornaloassobio.pt\/wp-content\/uploads\/2025\/02\/IMG_4085-768x576.jpg 768w, https:\/\/jornaloassobio.pt\/wp-content\/uploads\/2025\/02\/IMG_4085-1536x1152.jpg 1536w, https:\/\/jornaloassobio.pt\/wp-content\/uploads\/2025\/02\/IMG_4085-2048x1536.jpg 2048w\" sizes=\"auto, (max-width: 300px) 100vw, 300px\" \/><img loading=\"lazy\" decoding=\"async\" class=\"size-medium wp-image-3354 alignnone\" src=\"https:\/\/jornaloassobio.pt\/wp-content\/uploads\/2025\/02\/IMG_4083-300x225.jpg\" alt=\"\" width=\"300\" height=\"225\" srcset=\"https:\/\/jornaloassobio.pt\/wp-content\/uploads\/2025\/02\/IMG_4083-300x225.jpg 300w, https:\/\/jornaloassobio.pt\/wp-content\/uploads\/2025\/02\/IMG_4083-1024x768.jpg 1024w, https:\/\/jornaloassobio.pt\/wp-content\/uploads\/2025\/02\/IMG_4083-768x576.jpg 768w, https:\/\/jornaloassobio.pt\/wp-content\/uploads\/2025\/02\/IMG_4083-1536x1152.jpg 1536w, https:\/\/jornaloassobio.pt\/wp-content\/uploads\/2025\/02\/IMG_4083-2048x1536.jpg 2048w\" sizes=\"auto, (max-width: 300px) 100vw, 300px\" \/><\/h3>\n<h3><img loading=\"lazy\" decoding=\"async\" class=\"alignnone size-medium wp-image-3388\" src=\"https:\/\/jornaloassobio.pt\/wp-content\/uploads\/2025\/02\/IMG_4094-245x300.jpg\" alt=\"\" width=\"245\" height=\"300\" srcset=\"https:\/\/jornaloassobio.pt\/wp-content\/uploads\/2025\/02\/IMG_4094-245x300.jpg 245w, https:\/\/jornaloassobio.pt\/wp-content\/uploads\/2025\/02\/IMG_4094-836x1024.jpg 836w, https:\/\/jornaloassobio.pt\/wp-content\/uploads\/2025\/02\/IMG_4094-768x941.jpg 768w, https:\/\/jornaloassobio.pt\/wp-content\/uploads\/2025\/02\/IMG_4094-1254x1536.jpg 1254w, https:\/\/jornaloassobio.pt\/wp-content\/uploads\/2025\/02\/IMG_4094-1671x2048.jpg 1671w\" sizes=\"auto, (max-width: 245px) 100vw, 245px\" \/><img loading=\"lazy\" decoding=\"async\" class=\"alignnone size-medium wp-image-3389\" src=\"https:\/\/jornaloassobio.pt\/wp-content\/uploads\/2025\/02\/IMG_4101-241x300.jpg\" alt=\"\" width=\"241\" height=\"300\" srcset=\"https:\/\/jornaloassobio.pt\/wp-content\/uploads\/2025\/02\/IMG_4101-241x300.jpg 241w, https:\/\/jornaloassobio.pt\/wp-content\/uploads\/2025\/02\/IMG_4101-823x1024.jpg 823w, https:\/\/jornaloassobio.pt\/wp-content\/uploads\/2025\/02\/IMG_4101-768x956.jpg 768w, https:\/\/jornaloassobio.pt\/wp-content\/uploads\/2025\/02\/IMG_4101-1234x1536.jpg 1234w, https:\/\/jornaloassobio.pt\/wp-content\/uploads\/2025\/02\/IMG_4101-1646x2048.jpg 1646w\" sizes=\"auto, (max-width: 241px) 100vw, 241px\" \/><img loading=\"lazy\" decoding=\"async\" class=\"alignnone size-medium wp-image-3390\" src=\"https:\/\/jornaloassobio.pt\/wp-content\/uploads\/2025\/02\/IMG_4100-245x300.jpg\" alt=\"\" width=\"245\" height=\"300\" srcset=\"https:\/\/jornaloassobio.pt\/wp-content\/uploads\/2025\/02\/IMG_4100-245x300.jpg 245w, https:\/\/jornaloassobio.pt\/wp-content\/uploads\/2025\/02\/IMG_4100-837x1024.jpg 837w, https:\/\/jornaloassobio.pt\/wp-content\/uploads\/2025\/02\/IMG_4100-768x939.jpg 768w, https:\/\/jornaloassobio.pt\/wp-content\/uploads\/2025\/02\/IMG_4100-1256x1536.jpg 1256w, https:\/\/jornaloassobio.pt\/wp-content\/uploads\/2025\/02\/IMG_4100-1675x2048.jpg 1675w\" sizes=\"auto, (max-width: 245px) 100vw, 245px\" \/><\/h3>\n        <div class=\"booster-block booster-reactions-block\">\r\n            <div class=\"twp-reactions-icons\">\r\n                \r\n                <div class=\"twp-reacts-wrap\">\r\n                    <a react-data=\"be-react-1\" post-id=\"3303\" class=\"be-face-icons un-reacted\" href=\"javascript:void(0)\">\r\n                        <img decoding=\"async\" src=\"https:\/\/jornaloassobio.pt\/wp-content\/plugins\/booster-extension\/\/assets\/icon\/happy.svg\" alt=\"Happy\">\r\n                    <\/a>\r\n                    <div class=\"twp-reaction-title\">\r\n                        Happy                    <\/div>\r\n                    <div class=\"twp-count-percent\">\r\n                                                    <span style=\"display: none;\" class=\"twp-react-count\">0<\/span>\r\n                        \r\n                                                <span class=\"twp-react-percent\"><span>0<\/span> %<\/span>\r\n                                            <\/div>\r\n                <\/div>\r\n\r\n                <div class=\"twp-reacts-wrap\">\r\n                    <a react-data=\"be-react-2\" post-id=\"3303\" class=\"be-face-icons un-reacted\" href=\"javascript:void(0)\">\r\n                        <img decoding=\"async\" src=\"https:\/\/jornaloassobio.pt\/wp-content\/plugins\/booster-extension\/\/assets\/icon\/sad.svg\" alt=\"Sad\">\r\n                    <\/a>\r\n                    <div class=\"twp-reaction-title\">\r\n                        Sad                    <\/div>\r\n                    <div class=\"twp-count-percent\">\r\n                                                    <span style=\"display: none;\" class=\"twp-react-count\">0<\/span>\r\n                                                                        <span class=\"twp-react-percent\"><span>0<\/span> %<\/span>\r\n                                            <\/div>\r\n                <\/div>\r\n\r\n                <div class=\"twp-reacts-wrap\">\r\n                    <a react-data=\"be-react-3\" post-id=\"3303\" class=\"be-face-icons un-reacted\" href=\"javascript:void(0)\">\r\n                        <img decoding=\"async\" src=\"https:\/\/jornaloassobio.pt\/wp-content\/plugins\/booster-extension\/\/assets\/icon\/excited.svg\" alt=\"Excited\">\r\n                    <\/a>\r\n                    <div class=\"twp-reaction-title\">\r\n                        Excited                    <\/div>\r\n                    <div class=\"twp-count-percent\">\r\n                                                    <span style=\"display: none;\" class=\"twp-react-count\">0<\/span>\r\n                                                                        <span class=\"twp-react-percent\"><span>0<\/span> %<\/span>\r\n                                            <\/div>\r\n                <\/div>\r\n\r\n                <div class=\"twp-reacts-wrap\">\r\n                    <a react-data=\"be-react-6\" post-id=\"3303\" class=\"be-face-icons un-reacted\" href=\"javascript:void(0)\">\r\n                        <img decoding=\"async\" src=\"https:\/\/jornaloassobio.pt\/wp-content\/plugins\/booster-extension\/\/assets\/icon\/sleepy.svg\" alt=\"Sleepy\">\r\n                    <\/a>\r\n                    <div class=\"twp-reaction-title\">\r\n                        Sleepy                    <\/div>\r\n                    <div class=\"twp-count-percent\">\r\n                                                    <span style=\"display: none;\" class=\"twp-react-count\">0<\/span>\r\n                        \r\n                                                <span class=\"twp-react-percent\"><span>0<\/span> %<\/span>\r\n                                            <\/div>\r\n                <\/div>\r\n\r\n                <div class=\"twp-reacts-wrap\">\r\n                    <a react-data=\"be-react-4\" post-id=\"3303\" class=\"be-face-icons un-reacted\" href=\"javascript:void(0)\">\r\n                        <img decoding=\"async\" src=\"https:\/\/jornaloassobio.pt\/wp-content\/plugins\/booster-extension\/\/assets\/icon\/angry.svg\" alt=\"Angry\">\r\n                    <\/a>\r\n                    <div class=\"twp-reaction-title\">Angry<\/div>\r\n                    <div class=\"twp-count-percent\">\r\n                                                    <span style=\"display: none;\" class=\"twp-react-count\">0<\/span>\r\n                                                                        <span class=\"twp-react-percent\"><span>0<\/span> %<\/span>\r\n                        \r\n                    <\/div>\r\n                <\/div>\r\n\r\n                <div class=\"twp-reacts-wrap\">\r\n                    <a react-data=\"be-react-5\" post-id=\"3303\" class=\"be-face-icons un-reacted\" href=\"javascript:void(0)\">\r\n                        <img decoding=\"async\" src=\"https:\/\/jornaloassobio.pt\/wp-content\/plugins\/booster-extension\/\/assets\/icon\/surprise.svg\" alt=\"Surprise\">\r\n                    <\/a>\r\n                    <div class=\"twp-reaction-title\">Surprise<\/div>\r\n                    <div class=\"twp-count-percent\">\r\n                                                    <span style=\"display: none;\" class=\"twp-react-count\">0<\/span>\r\n                                                                        <span class=\"twp-react-percent\"><span>0<\/span> %<\/span>\r\n                                            <\/div>\r\n                <\/div>\r\n\r\n            <\/div>\r\n        <\/div>\r\n\r\n    ","protected":false},"excerpt":{"rendered":"<p>&nbsp; Encontra-se patente ao p\u00fablico escolar, nas vitrines do \u00e1trio do Audit\u00f3rio, uma exposi\u00e7\u00e3o de trabalhos de alunos, realizados no \u00e2mbito da disciplina de Cidadania e Desenvolvimento,\u00a0das turmas A, C e D do 9\u00ba ano,\u00a0sobre a vida e a obra de Cam\u00f5es. Os alunos do 9\u00ba A tamb\u00e9m elaboraram marcadores\u00a0 com frases alusivas \u00e0 obra [&hellip;]<\/p>\n","protected":false},"author":6,"featured_media":3315,"comment_status":"open","ping_status":"open","sticky":false,"template":"","format":"standard","meta":{"footnotes":""},"categories":[4],"tags":[],"class_list":["post-3303","post","type-post","status-publish","format-standard","has-post-thumbnail","hentry","category-noticias"],"_links":{"self":[{"href":"https:\/\/jornaloassobio.pt\/index.php?rest_route=\/wp\/v2\/posts\/3303","targetHints":{"allow":["GET"]}}],"collection":[{"href":"https:\/\/jornaloassobio.pt\/index.php?rest_route=\/wp\/v2\/posts"}],"about":[{"href":"https:\/\/jornaloassobio.pt\/index.php?rest_route=\/wp\/v2\/types\/post"}],"author":[{"embeddable":true,"href":"https:\/\/jornaloassobio.pt\/index.php?rest_route=\/wp\/v2\/users\/6"}],"replies":[{"embeddable":true,"href":"https:\/\/jornaloassobio.pt\/index.php?rest_route=%2Fwp%2Fv2%2Fcomments&post=3303"}],"version-history":[{"count":12,"href":"https:\/\/jornaloassobio.pt\/index.php?rest_route=\/wp\/v2\/posts\/3303\/revisions"}],"predecessor-version":[{"id":3453,"href":"https:\/\/jornaloassobio.pt\/index.php?rest_route=\/wp\/v2\/posts\/3303\/revisions\/3453"}],"wp:featuredmedia":[{"embeddable":true,"href":"https:\/\/jornaloassobio.pt\/index.php?rest_route=\/wp\/v2\/media\/3315"}],"wp:attachment":[{"href":"https:\/\/jornaloassobio.pt\/index.php?rest_route=%2Fwp%2Fv2%2Fmedia&parent=3303"}],"wp:term":[{"taxonomy":"category","embeddable":true,"href":"https:\/\/jornaloassobio.pt\/index.php?rest_route=%2Fwp%2Fv2%2Fcategories&post=3303"},{"taxonomy":"post_tag","embeddable":true,"href":"https:\/\/jornaloassobio.pt\/index.php?rest_route=%2Fwp%2Fv2%2Ftags&post=3303"}],"curies":[{"name":"wp","href":"https:\/\/api.w.org\/{rel}","templated":true}]}}