{"id":3305,"date":"2025-02-07T11:22:21","date_gmt":"2025-02-07T11:22:21","guid":{"rendered":"https:\/\/jornaloassobio.pt\/?p=3305"},"modified":"2025-02-07T11:22:34","modified_gmt":"2025-02-07T11:22:34","slug":"exposicao-na-biblioteca-aristides-de-sousa-mendes","status":"publish","type":"post","link":"https:\/\/jornaloassobio.pt\/?p=3305","title":{"rendered":"Exposi\u00e7\u00e3o na Biblioteca &#8211; Aristides de Sousa Mendes"},"content":{"rendered":"<div class='booster-block booster-read-block'>\r\n                <div class=\"twp-read-time\">\r\n                \t<i class=\"booster-icon twp-clock\"><\/i> <span>Read Time:<\/span>1 Minute, 6 Second                <\/div>\r\n\r\n            <\/div><h3><img loading=\"lazy\" decoding=\"async\" class=\"size-medium wp-image-3320 aligncenter\" src=\"https:\/\/jornaloassobio.pt\/wp-content\/uploads\/2025\/02\/Aristides-de-Sousa-Mendes-ACEGIS_2021-300x200.jpeg\" alt=\"\" width=\"300\" height=\"200\" srcset=\"https:\/\/jornaloassobio.pt\/wp-content\/uploads\/2025\/02\/Aristides-de-Sousa-Mendes-ACEGIS_2021-300x200.jpeg 300w, https:\/\/jornaloassobio.pt\/wp-content\/uploads\/2025\/02\/Aristides-de-Sousa-Mendes-ACEGIS_2021-768x512.jpeg 768w, https:\/\/jornaloassobio.pt\/wp-content\/uploads\/2025\/02\/Aristides-de-Sousa-Mendes-ACEGIS_2021.jpeg 900w\" sizes=\"auto, (max-width: 300px) 100vw, 300px\" \/><\/h3>\n<h3>&#8220;Para nunca esquecer&#8221; &#8211; est\u00e1 patente na Biblioteca da Escola Secund\u00e1ria Severim de Faria.<\/h3>\n<h3>Trata-se de uma exposi\u00e7\u00e3o sobre Aristides de Sousa Mendes, o embaixador portugu\u00eas em Bord\u00e9us, que conseguiu salvar muitos judeus, v\u00edtimas do Holocausto.<\/h3>\n<h3>Esta mostra teve in\u00edcio no dia 27 de janeiro, para assinalar o Dia Internacional das V\u00edtimas do Holocausto e prolonga-se at\u00e9 ao final de fevereiro.<\/h3>\n<h3>O prop\u00f3sito deste dia \u00e9 n\u00e3o esquecer o genoc\u00eddio em massa de seis milh\u00f5es de judeus pelos Nazis e respetivos colaboracionistas. Este constitui um dos maiores crimes contra a Humanidade de que h\u00e1 mem\u00f3ria. Por outro lado, pretende-se educar para a toler\u00e2ncia e\u00a0 para\u00a0 a paz, bem como alertar para o combate ao antissemitismo.<\/h3>\n<h3>O tema em 2025 \u00e9 \u00abA mem\u00f3ria do Holocausto e a educa\u00e7\u00e3o para a dignidade e os direitos humanos\u00bb, ano em\u00a0 que se assinalam os 80 anos do fim da Segunda Guerra Mundial e do Holocausto. O Holocausto mostra o que acontece quando o \u00f3dio, a desumaniza\u00e7\u00e3o e a apatia vencem. A sua recorda\u00e7\u00e3o \u00e9 um baluarte contra a degrada\u00e7\u00e3o da humanidade e um apelo claro \u00e0 a\u00e7\u00e3o coletiva para garantir o respeito pela dignidade e pelos direitos humanos, bem como pelo direito internacional que os protege.<\/h3>\n<p>Fonte: Parlamento Europeu<\/p>\n<p>in https:\/\/eurocid.mne.gov.pt\/eventos\/dia-internacional-em-memoria-das-vitimas-do-holocausto<\/p>\n        <div class=\"booster-block booster-reactions-block\">\r\n            <div class=\"twp-reactions-icons\">\r\n                \r\n                <div class=\"twp-reacts-wrap\">\r\n                    <a react-data=\"be-react-1\" post-id=\"3305\" class=\"be-face-icons un-reacted\" href=\"javascript:void(0)\">\r\n                        <img decoding=\"async\" src=\"https:\/\/jornaloassobio.pt\/wp-content\/plugins\/booster-extension\/\/assets\/icon\/happy.svg\" alt=\"Happy\">\r\n                    <\/a>\r\n                    <div class=\"twp-reaction-title\">\r\n                        Happy                    <\/div>\r\n                    <div class=\"twp-count-percent\">\r\n                                                    <span style=\"display: none;\" class=\"twp-react-count\">0<\/span>\r\n                        \r\n                                                <span class=\"twp-react-percent\"><span>0<\/span> %<\/span>\r\n                                            <\/div>\r\n                <\/div>\r\n\r\n                <div class=\"twp-reacts-wrap\">\r\n                    <a react-data=\"be-react-2\" post-id=\"3305\" class=\"be-face-icons un-reacted\" href=\"javascript:void(0)\">\r\n                        <img decoding=\"async\" src=\"https:\/\/jornaloassobio.pt\/wp-content\/plugins\/booster-extension\/\/assets\/icon\/sad.svg\" alt=\"Sad\">\r\n                    <\/a>\r\n                    <div class=\"twp-reaction-title\">\r\n                        Sad                    <\/div>\r\n                    <div class=\"twp-count-percent\">\r\n                                                    <span style=\"display: none;\" class=\"twp-react-count\">0<\/span>\r\n                                                                        <span class=\"twp-react-percent\"><span>0<\/span> %<\/span>\r\n                                            <\/div>\r\n                <\/div>\r\n\r\n                <div class=\"twp-reacts-wrap\">\r\n                    <a react-data=\"be-react-3\" post-id=\"3305\" class=\"be-face-icons un-reacted\" href=\"javascript:void(0)\">\r\n                        <img decoding=\"async\" src=\"https:\/\/jornaloassobio.pt\/wp-content\/plugins\/booster-extension\/\/assets\/icon\/excited.svg\" alt=\"Excited\">\r\n                    <\/a>\r\n                    <div class=\"twp-reaction-title\">\r\n                        Excited                    <\/div>\r\n                    <div class=\"twp-count-percent\">\r\n                                                    <span style=\"display: none;\" class=\"twp-react-count\">0<\/span>\r\n                                                                        <span class=\"twp-react-percent\"><span>0<\/span> %<\/span>\r\n                                            <\/div>\r\n                <\/div>\r\n\r\n                <div class=\"twp-reacts-wrap\">\r\n                    <a react-data=\"be-react-6\" post-id=\"3305\" class=\"be-face-icons un-reacted\" href=\"javascript:void(0)\">\r\n                        <img decoding=\"async\" src=\"https:\/\/jornaloassobio.pt\/wp-content\/plugins\/booster-extension\/\/assets\/icon\/sleepy.svg\" alt=\"Sleepy\">\r\n                    <\/a>\r\n                    <div class=\"twp-reaction-title\">\r\n                        Sleepy                    <\/div>\r\n                    <div class=\"twp-count-percent\">\r\n                                                    <span style=\"display: none;\" class=\"twp-react-count\">0<\/span>\r\n                        \r\n                                                <span class=\"twp-react-percent\"><span>0<\/span> %<\/span>\r\n                                            <\/div>\r\n                <\/div>\r\n\r\n                <div class=\"twp-reacts-wrap\">\r\n                    <a react-data=\"be-react-4\" post-id=\"3305\" class=\"be-face-icons un-reacted\" href=\"javascript:void(0)\">\r\n                        <img decoding=\"async\" src=\"https:\/\/jornaloassobio.pt\/wp-content\/plugins\/booster-extension\/\/assets\/icon\/angry.svg\" alt=\"Angry\">\r\n                    <\/a>\r\n                    <div class=\"twp-reaction-title\">Angry<\/div>\r\n                    <div class=\"twp-count-percent\">\r\n                                                    <span style=\"display: none;\" class=\"twp-react-count\">0<\/span>\r\n                                                                        <span class=\"twp-react-percent\"><span>0<\/span> %<\/span>\r\n                        \r\n                    <\/div>\r\n                <\/div>\r\n\r\n                <div class=\"twp-reacts-wrap\">\r\n                    <a react-data=\"be-react-5\" post-id=\"3305\" class=\"be-face-icons un-reacted\" href=\"javascript:void(0)\">\r\n                        <img decoding=\"async\" src=\"https:\/\/jornaloassobio.pt\/wp-content\/plugins\/booster-extension\/\/assets\/icon\/surprise.svg\" alt=\"Surprise\">\r\n                    <\/a>\r\n                    <div class=\"twp-reaction-title\">Surprise<\/div>\r\n                    <div class=\"twp-count-percent\">\r\n                                                    <span style=\"display: none;\" class=\"twp-react-count\">0<\/span>\r\n                                                                        <span class=\"twp-react-percent\"><span>0<\/span> %<\/span>\r\n                                            <\/div>\r\n                <\/div>\r\n\r\n            <\/div>\r\n        <\/div>\r\n\r\n    ","protected":false},"excerpt":{"rendered":"<p>&#8220;Para nunca esquecer&#8221; &#8211; est\u00e1 patente na Biblioteca da Escola Secund\u00e1ria Severim de Faria. Trata-se de uma exposi\u00e7\u00e3o sobre Aristides de Sousa Mendes, o embaixador portugu\u00eas em Bord\u00e9us, que conseguiu salvar muitos judeus, v\u00edtimas do Holocausto. Esta mostra teve in\u00edcio no dia 27 de janeiro, para assinalar o Dia Internacional das V\u00edtimas do Holocausto e [&hellip;]<\/p>\n","protected":false},"author":6,"featured_media":3320,"comment_status":"open","ping_status":"open","sticky":false,"template":"","format":"standard","meta":{"footnotes":""},"categories":[4],"tags":[],"class_list":["post-3305","post","type-post","status-publish","format-standard","has-post-thumbnail","hentry","category-noticias"],"_links":{"self":[{"href":"https:\/\/jornaloassobio.pt\/index.php?rest_route=\/wp\/v2\/posts\/3305","targetHints":{"allow":["GET"]}}],"collection":[{"href":"https:\/\/jornaloassobio.pt\/index.php?rest_route=\/wp\/v2\/posts"}],"about":[{"href":"https:\/\/jornaloassobio.pt\/index.php?rest_route=\/wp\/v2\/types\/post"}],"author":[{"embeddable":true,"href":"https:\/\/jornaloassobio.pt\/index.php?rest_route=\/wp\/v2\/users\/6"}],"replies":[{"embeddable":true,"href":"https:\/\/jornaloassobio.pt\/index.php?rest_route=%2Fwp%2Fv2%2Fcomments&post=3305"}],"version-history":[{"count":3,"href":"https:\/\/jornaloassobio.pt\/index.php?rest_route=\/wp\/v2\/posts\/3305\/revisions"}],"predecessor-version":[{"id":3321,"href":"https:\/\/jornaloassobio.pt\/index.php?rest_route=\/wp\/v2\/posts\/3305\/revisions\/3321"}],"wp:featuredmedia":[{"embeddable":true,"href":"https:\/\/jornaloassobio.pt\/index.php?rest_route=\/wp\/v2\/media\/3320"}],"wp:attachment":[{"href":"https:\/\/jornaloassobio.pt\/index.php?rest_route=%2Fwp%2Fv2%2Fmedia&parent=3305"}],"wp:term":[{"taxonomy":"category","embeddable":true,"href":"https:\/\/jornaloassobio.pt\/index.php?rest_route=%2Fwp%2Fv2%2Fcategories&post=3305"},{"taxonomy":"post_tag","embeddable":true,"href":"https:\/\/jornaloassobio.pt\/index.php?rest_route=%2Fwp%2Fv2%2Ftags&post=3305"}],"curies":[{"name":"wp","href":"https:\/\/api.w.org\/{rel}","templated":true}]}}