{"id":3307,"date":"2025-02-07T11:33:32","date_gmt":"2025-02-07T11:33:32","guid":{"rendered":"https:\/\/jornaloassobio.pt\/?p=3307"},"modified":"2025-02-12T11:13:29","modified_gmt":"2025-02-12T11:13:29","slug":"dia-mundial-do-cancro-aesf-em-cordao-humano","status":"publish","type":"post","link":"https:\/\/jornaloassobio.pt\/?p=3307","title":{"rendered":"Dia Mundial do Cancro &#8211; AESF em Cord\u00e3o Humano"},"content":{"rendered":"<div class='booster-block booster-read-block'>\r\n                <div class=\"twp-read-time\">\r\n                \t<i class=\"booster-icon twp-clock\"><\/i> <span>Read Time:<\/span>45 Second                <\/div>\r\n\r\n            <\/div><h3><\/h3>\n<h3><img loading=\"lazy\" decoding=\"async\" class=\" wp-image-3312 aligncenter\" src=\"https:\/\/jornaloassobio.pt\/wp-content\/uploads\/2025\/02\/Cartaz_Dia_Mundial_Cancro-300x200.webp\" alt=\"\" width=\"351\" height=\"234\" srcset=\"https:\/\/jornaloassobio.pt\/wp-content\/uploads\/2025\/02\/Cartaz_Dia_Mundial_Cancro-300x200.webp 300w, https:\/\/jornaloassobio.pt\/wp-content\/uploads\/2025\/02\/Cartaz_Dia_Mundial_Cancro-768x512.webp 768w, https:\/\/jornaloassobio.pt\/wp-content\/uploads\/2025\/02\/Cartaz_Dia_Mundial_Cancro.webp 800w\" sizes=\"auto, (max-width: 351px) 100vw, 351px\" \/><\/h3>\n<h3><img loading=\"lazy\" decoding=\"async\" class=\"size-medium wp-image-3366\" style=\"font-size: 16px;\" src=\"https:\/\/jornaloassobio.pt\/wp-content\/uploads\/2025\/02\/IMG_4076-300x175.jpg\" alt=\"\" width=\"300\" height=\"175\" srcset=\"https:\/\/jornaloassobio.pt\/wp-content\/uploads\/2025\/02\/IMG_4076-300x175.jpg 300w, https:\/\/jornaloassobio.pt\/wp-content\/uploads\/2025\/02\/IMG_4076-1024x596.jpg 1024w, https:\/\/jornaloassobio.pt\/wp-content\/uploads\/2025\/02\/IMG_4076-768x447.jpg 768w, https:\/\/jornaloassobio.pt\/wp-content\/uploads\/2025\/02\/IMG_4076.jpg 1284w\" sizes=\"auto, (max-width: 300px) 100vw, 300px\" \/><img loading=\"lazy\" decoding=\"async\" class=\"size-medium wp-image-3367\" style=\"font-size: 16px;\" src=\"https:\/\/jornaloassobio.pt\/wp-content\/uploads\/2025\/02\/IMG_4077-300x198.jpg\" alt=\"\" width=\"300\" height=\"198\" srcset=\"https:\/\/jornaloassobio.pt\/wp-content\/uploads\/2025\/02\/IMG_4077-300x198.jpg 300w, https:\/\/jornaloassobio.pt\/wp-content\/uploads\/2025\/02\/IMG_4077-1024x675.jpg 1024w, https:\/\/jornaloassobio.pt\/wp-content\/uploads\/2025\/02\/IMG_4077-768x506.jpg 768w, https:\/\/jornaloassobio.pt\/wp-content\/uploads\/2025\/02\/IMG_4077.jpg 1284w\" sizes=\"auto, (max-width: 300px) 100vw, 300px\" \/><img loading=\"lazy\" decoding=\"async\" class=\"size-medium wp-image-3369\" style=\"font-size: 16px;\" src=\"https:\/\/jornaloassobio.pt\/wp-content\/uploads\/2025\/02\/IMG_4068-269x300.jpg\" alt=\"\" width=\"269\" height=\"300\" srcset=\"https:\/\/jornaloassobio.pt\/wp-content\/uploads\/2025\/02\/IMG_4068-269x300.jpg 269w, https:\/\/jornaloassobio.pt\/wp-content\/uploads\/2025\/02\/IMG_4068-919x1024.jpg 919w, https:\/\/jornaloassobio.pt\/wp-content\/uploads\/2025\/02\/IMG_4068-768x856.jpg 768w, https:\/\/jornaloassobio.pt\/wp-content\/uploads\/2025\/02\/IMG_4068.jpg 1284w\" sizes=\"auto, (max-width: 269px) 100vw, 269px\" \/><\/h3>\n<div class=\"mceTemp\"><\/div>\n<h3><img loading=\"lazy\" decoding=\"async\" class=\"alignnone size-medium wp-image-3370\" src=\"https:\/\/jornaloassobio.pt\/wp-content\/uploads\/2025\/02\/IMG_4066-300x200.jpg\" alt=\"\" width=\"300\" height=\"200\" srcset=\"https:\/\/jornaloassobio.pt\/wp-content\/uploads\/2025\/02\/IMG_4066-300x200.jpg 300w, https:\/\/jornaloassobio.pt\/wp-content\/uploads\/2025\/02\/IMG_4066-768x512.jpg 768w, https:\/\/jornaloassobio.pt\/wp-content\/uploads\/2025\/02\/IMG_4066.jpg 960w\" sizes=\"auto, (max-width: 300px) 100vw, 300px\" \/> <img loading=\"lazy\" decoding=\"async\" class=\"alignnone size-medium wp-image-3371\" src=\"https:\/\/jornaloassobio.pt\/wp-content\/uploads\/2025\/02\/IMG_4067-300x179.jpg\" alt=\"\" width=\"300\" height=\"179\" srcset=\"https:\/\/jornaloassobio.pt\/wp-content\/uploads\/2025\/02\/IMG_4067-300x179.jpg 300w, https:\/\/jornaloassobio.pt\/wp-content\/uploads\/2025\/02\/IMG_4067-500x300.jpg 500w, https:\/\/jornaloassobio.pt\/wp-content\/uploads\/2025\/02\/IMG_4067.jpg 720w\" sizes=\"auto, (max-width: 300px) 100vw, 300px\" \/><img loading=\"lazy\" decoding=\"async\" class=\"size-medium wp-image-3368\" style=\"font-size: 16px;\" src=\"https:\/\/jornaloassobio.pt\/wp-content\/uploads\/2025\/02\/IMG_4075-300x199.jpg\" alt=\"\" width=\"300\" height=\"199\" srcset=\"https:\/\/jornaloassobio.pt\/wp-content\/uploads\/2025\/02\/IMG_4075-300x199.jpg 300w, https:\/\/jornaloassobio.pt\/wp-content\/uploads\/2025\/02\/IMG_4075-1024x678.jpg 1024w, https:\/\/jornaloassobio.pt\/wp-content\/uploads\/2025\/02\/IMG_4075-768x508.jpg 768w, https:\/\/jornaloassobio.pt\/wp-content\/uploads\/2025\/02\/IMG_4075.jpg 1284w\" sizes=\"auto, (max-width: 300px) 100vw, 300px\" \/><\/h3>\n<div class=\"mceTemp\"><\/div>\n<h3>No dia 4 de Fevereiro, ter\u00e7a-feira, pelas 10 horas da manh\u00e3, os alunos do Agrupamento de Escolas Severim de Faria, acompanhados pelos seus professores, associaram-se \u00e0 iniciativa de circundar as muralhas de \u00c9vora, fazendo parte de um cord\u00e3o humano, ligado por muitas m\u00e3os e boas vontades, para assinalar o Dia Mundial do Cancro.<\/h3>\n<h3><strong>Segundo dados noticiados,\u00a0 este cord\u00e3o humano juntou mais de 7 mil pessoas \u00e0 volta das muralhas da cidade. Com as m\u00e3os dadas e os bra\u00e7os levantados, os participantes nesta iniciativa procuraram sensibilizar a popula\u00e7\u00e3o para adotar h\u00e1bitos de vida saud\u00e1vel, de forma a evitar o aparecimento desta doen\u00e7a.<\/strong><\/h3>\n<h3>As sirenes dos bombeiros e da PSP soaram pela cidade para pontuar os v\u00e1rios momentos da marcha.<\/h3>\n<h3>A iniciativa, que foi delineada nas salas de aula, junto dos alunos, terminou com um <strong>cord\u00e3o humano de cerca de 4 quil\u00f3metros e meio,<\/strong>\u00a0\u00e0 volta das muralhas.<\/h3>\n<h3><\/h3>\n<p>&nbsp;<\/p>\n<p>Esta iniciativa<\/p>\n        <div class=\"booster-block booster-reactions-block\">\r\n            <div class=\"twp-reactions-icons\">\r\n                \r\n                <div class=\"twp-reacts-wrap\">\r\n                    <a react-data=\"be-react-1\" post-id=\"3307\" class=\"be-face-icons un-reacted\" href=\"javascript:void(0)\">\r\n                        <img decoding=\"async\" src=\"https:\/\/jornaloassobio.pt\/wp-content\/plugins\/booster-extension\/\/assets\/icon\/happy.svg\" alt=\"Happy\">\r\n                    <\/a>\r\n                    <div class=\"twp-reaction-title\">\r\n                        Happy                    <\/div>\r\n                    <div class=\"twp-count-percent\">\r\n                                                    <span style=\"display: none;\" class=\"twp-react-count\">0<\/span>\r\n                        \r\n                                                <span class=\"twp-react-percent\"><span>0<\/span> %<\/span>\r\n                                            <\/div>\r\n                <\/div>\r\n\r\n                <div class=\"twp-reacts-wrap\">\r\n                    <a react-data=\"be-react-2\" post-id=\"3307\" class=\"be-face-icons un-reacted\" href=\"javascript:void(0)\">\r\n                        <img decoding=\"async\" src=\"https:\/\/jornaloassobio.pt\/wp-content\/plugins\/booster-extension\/\/assets\/icon\/sad.svg\" alt=\"Sad\">\r\n                    <\/a>\r\n                    <div class=\"twp-reaction-title\">\r\n                        Sad                    <\/div>\r\n                    <div class=\"twp-count-percent\">\r\n                                                    <span style=\"display: none;\" class=\"twp-react-count\">0<\/span>\r\n                                                                        <span class=\"twp-react-percent\"><span>0<\/span> %<\/span>\r\n                                            <\/div>\r\n                <\/div>\r\n\r\n                <div class=\"twp-reacts-wrap\">\r\n                    <a react-data=\"be-react-3\" post-id=\"3307\" class=\"be-face-icons un-reacted\" href=\"javascript:void(0)\">\r\n                        <img decoding=\"async\" src=\"https:\/\/jornaloassobio.pt\/wp-content\/plugins\/booster-extension\/\/assets\/icon\/excited.svg\" alt=\"Excited\">\r\n                    <\/a>\r\n                    <div class=\"twp-reaction-title\">\r\n                        Excited                    <\/div>\r\n                    <div class=\"twp-count-percent\">\r\n                                                    <span style=\"display: none;\" class=\"twp-react-count\">0<\/span>\r\n                                                                        <span class=\"twp-react-percent\"><span>0<\/span> %<\/span>\r\n                                            <\/div>\r\n                <\/div>\r\n\r\n                <div class=\"twp-reacts-wrap\">\r\n                    <a react-data=\"be-react-6\" post-id=\"3307\" class=\"be-face-icons un-reacted\" href=\"javascript:void(0)\">\r\n                        <img decoding=\"async\" src=\"https:\/\/jornaloassobio.pt\/wp-content\/plugins\/booster-extension\/\/assets\/icon\/sleepy.svg\" alt=\"Sleepy\">\r\n                    <\/a>\r\n                    <div class=\"twp-reaction-title\">\r\n                        Sleepy                    <\/div>\r\n                    <div class=\"twp-count-percent\">\r\n                                                    <span style=\"display: none;\" class=\"twp-react-count\">0<\/span>\r\n                        \r\n                                                <span class=\"twp-react-percent\"><span>0<\/span> %<\/span>\r\n                                            <\/div>\r\n                <\/div>\r\n\r\n                <div class=\"twp-reacts-wrap\">\r\n                    <a react-data=\"be-react-4\" post-id=\"3307\" class=\"be-face-icons un-reacted\" href=\"javascript:void(0)\">\r\n                        <img decoding=\"async\" src=\"https:\/\/jornaloassobio.pt\/wp-content\/plugins\/booster-extension\/\/assets\/icon\/angry.svg\" alt=\"Angry\">\r\n                    <\/a>\r\n                    <div class=\"twp-reaction-title\">Angry<\/div>\r\n                    <div class=\"twp-count-percent\">\r\n                                                    <span style=\"display: none;\" class=\"twp-react-count\">0<\/span>\r\n                                                                        <span class=\"twp-react-percent\"><span>0<\/span> %<\/span>\r\n                        \r\n                    <\/div>\r\n                <\/div>\r\n\r\n                <div class=\"twp-reacts-wrap\">\r\n                    <a react-data=\"be-react-5\" post-id=\"3307\" class=\"be-face-icons un-reacted\" href=\"javascript:void(0)\">\r\n                        <img decoding=\"async\" src=\"https:\/\/jornaloassobio.pt\/wp-content\/plugins\/booster-extension\/\/assets\/icon\/surprise.svg\" alt=\"Surprise\">\r\n                    <\/a>\r\n                    <div class=\"twp-reaction-title\">Surprise<\/div>\r\n                    <div class=\"twp-count-percent\">\r\n                                                    <span style=\"display: none;\" class=\"twp-react-count\">0<\/span>\r\n                                                                        <span class=\"twp-react-percent\"><span>0<\/span> %<\/span>\r\n                                            <\/div>\r\n                <\/div>\r\n\r\n            <\/div>\r\n        <\/div>\r\n\r\n    ","protected":false},"excerpt":{"rendered":"<p>No dia 4 de Fevereiro, ter\u00e7a-feira, pelas 10 horas da manh\u00e3, os alunos do Agrupamento de Escolas Severim de Faria, acompanhados pelos seus professores, associaram-se \u00e0 iniciativa de circundar as muralhas de \u00c9vora, fazendo parte de um cord\u00e3o humano, ligado por muitas m\u00e3os e boas vontades, para assinalar o Dia Mundial do Cancro. Segundo dados [&hellip;]<\/p>\n","protected":false},"author":6,"featured_media":3312,"comment_status":"open","ping_status":"open","sticky":false,"template":"","format":"standard","meta":{"footnotes":""},"categories":[4],"tags":[],"class_list":["post-3307","post","type-post","status-publish","format-standard","has-post-thumbnail","hentry","category-noticias"],"_links":{"self":[{"href":"https:\/\/jornaloassobio.pt\/index.php?rest_route=\/wp\/v2\/posts\/3307","targetHints":{"allow":["GET"]}}],"collection":[{"href":"https:\/\/jornaloassobio.pt\/index.php?rest_route=\/wp\/v2\/posts"}],"about":[{"href":"https:\/\/jornaloassobio.pt\/index.php?rest_route=\/wp\/v2\/types\/post"}],"author":[{"embeddable":true,"href":"https:\/\/jornaloassobio.pt\/index.php?rest_route=\/wp\/v2\/users\/6"}],"replies":[{"embeddable":true,"href":"https:\/\/jornaloassobio.pt\/index.php?rest_route=%2Fwp%2Fv2%2Fcomments&post=3307"}],"version-history":[{"count":6,"href":"https:\/\/jornaloassobio.pt\/index.php?rest_route=\/wp\/v2\/posts\/3307\/revisions"}],"predecessor-version":[{"id":3372,"href":"https:\/\/jornaloassobio.pt\/index.php?rest_route=\/wp\/v2\/posts\/3307\/revisions\/3372"}],"wp:featuredmedia":[{"embeddable":true,"href":"https:\/\/jornaloassobio.pt\/index.php?rest_route=\/wp\/v2\/media\/3312"}],"wp:attachment":[{"href":"https:\/\/jornaloassobio.pt\/index.php?rest_route=%2Fwp%2Fv2%2Fmedia&parent=3307"}],"wp:term":[{"taxonomy":"category","embeddable":true,"href":"https:\/\/jornaloassobio.pt\/index.php?rest_route=%2Fwp%2Fv2%2Fcategories&post=3307"},{"taxonomy":"post_tag","embeddable":true,"href":"https:\/\/jornaloassobio.pt\/index.php?rest_route=%2Fwp%2Fv2%2Ftags&post=3307"}],"curies":[{"name":"wp","href":"https:\/\/api.w.org\/{rel}","templated":true}]}}