{"id":3334,"date":"2025-02-12T10:58:24","date_gmt":"2025-02-12T10:58:24","guid":{"rendered":"https:\/\/jornaloassobio.pt\/?p=3334"},"modified":"2025-02-12T10:58:48","modified_gmt":"2025-02-12T10:58:48","slug":"erasmus-3o-ano-do-curso-profissional-de-turismo-na-eslovenia","status":"publish","type":"post","link":"https:\/\/jornaloassobio.pt\/?p=3334","title":{"rendered":"ERASMUS + &#8211; 3\u00ba ANO DO CURSO PROFISSIONAL DE TURISMO NA ESLOV\u00c9NIA"},"content":{"rendered":"<div class='booster-block booster-read-block'>\r\n                <div class=\"twp-read-time\">\r\n                \t<i class=\"booster-icon twp-clock\"><\/i> <span>Read Time:<\/span>49 Second                <\/div>\r\n\r\n            <\/div><div data-olk-copy-source=\"MessageBody\"><img loading=\"lazy\" decoding=\"async\" class=\"alignnone size-medium wp-image-3336\" src=\"https:\/\/jornaloassobio.pt\/wp-content\/uploads\/2025\/02\/IMG-20250201-WA0040-225x300.jpg\" alt=\"\" width=\"225\" height=\"300\" srcset=\"https:\/\/jornaloassobio.pt\/wp-content\/uploads\/2025\/02\/IMG-20250201-WA0040-225x300.jpg 225w, https:\/\/jornaloassobio.pt\/wp-content\/uploads\/2025\/02\/IMG-20250201-WA0040-768x1024.jpg 768w, https:\/\/jornaloassobio.pt\/wp-content\/uploads\/2025\/02\/IMG-20250201-WA0040-1152x1536.jpg 1152w, https:\/\/jornaloassobio.pt\/wp-content\/uploads\/2025\/02\/IMG-20250201-WA0040.jpg 1200w\" sizes=\"auto, (max-width: 225px) 100vw, 225px\" \/> <img loading=\"lazy\" decoding=\"async\" class=\"alignnone size-medium wp-image-3337\" src=\"https:\/\/jornaloassobio.pt\/wp-content\/uploads\/2025\/02\/IMG-20250201-WA0045-225x300.jpg\" alt=\"\" width=\"225\" height=\"300\" srcset=\"https:\/\/jornaloassobio.pt\/wp-content\/uploads\/2025\/02\/IMG-20250201-WA0045-225x300.jpg 225w, https:\/\/jornaloassobio.pt\/wp-content\/uploads\/2025\/02\/IMG-20250201-WA0045-768x1024.jpg 768w, https:\/\/jornaloassobio.pt\/wp-content\/uploads\/2025\/02\/IMG-20250201-WA0045-1152x1536.jpg 1152w, https:\/\/jornaloassobio.pt\/wp-content\/uploads\/2025\/02\/IMG-20250201-WA0045.jpg 1200w\" sizes=\"auto, (max-width: 225px) 100vw, 225px\" \/> <img loading=\"lazy\" decoding=\"async\" class=\"alignnone size-medium wp-image-3338\" src=\"https:\/\/jornaloassobio.pt\/wp-content\/uploads\/2025\/02\/IMG-20250201-WA0073-169x300.jpg\" alt=\"\" width=\"169\" height=\"300\" srcset=\"https:\/\/jornaloassobio.pt\/wp-content\/uploads\/2025\/02\/IMG-20250201-WA0073-169x300.jpg 169w, https:\/\/jornaloassobio.pt\/wp-content\/uploads\/2025\/02\/IMG-20250201-WA0073-576x1024.jpg 576w, https:\/\/jornaloassobio.pt\/wp-content\/uploads\/2025\/02\/IMG-20250201-WA0073-768x1365.jpg 768w, https:\/\/jornaloassobio.pt\/wp-content\/uploads\/2025\/02\/IMG-20250201-WA0073-864x1536.jpg 864w, https:\/\/jornaloassobio.pt\/wp-content\/uploads\/2025\/02\/IMG-20250201-WA0073.jpg 1152w\" sizes=\"auto, (max-width: 169px) 100vw, 169px\" \/> <img loading=\"lazy\" decoding=\"async\" class=\"alignnone size-medium wp-image-3340\" src=\"https:\/\/jornaloassobio.pt\/wp-content\/uploads\/2025\/02\/IMG-20250201-WA0019-225x300.jpg\" alt=\"\" width=\"225\" height=\"300\" srcset=\"https:\/\/jornaloassobio.pt\/wp-content\/uploads\/2025\/02\/IMG-20250201-WA0019-225x300.jpg 225w, https:\/\/jornaloassobio.pt\/wp-content\/uploads\/2025\/02\/IMG-20250201-WA0019-768x1024.jpg 768w, https:\/\/jornaloassobio.pt\/wp-content\/uploads\/2025\/02\/IMG-20250201-WA0019-1152x1536.jpg 1152w, https:\/\/jornaloassobio.pt\/wp-content\/uploads\/2025\/02\/IMG-20250201-WA0019.jpg 1536w\" sizes=\"auto, (max-width: 225px) 100vw, 225px\" \/> <img loading=\"lazy\" decoding=\"async\" class=\"alignnone size-medium wp-image-3342\" src=\"https:\/\/jornaloassobio.pt\/wp-content\/uploads\/2025\/02\/IMG-20250201-WA0006-225x300.jpg\" alt=\"\" width=\"225\" height=\"300\" srcset=\"https:\/\/jornaloassobio.pt\/wp-content\/uploads\/2025\/02\/IMG-20250201-WA0006-225x300.jpg 225w, https:\/\/jornaloassobio.pt\/wp-content\/uploads\/2025\/02\/IMG-20250201-WA0006-768x1024.jpg 768w, https:\/\/jornaloassobio.pt\/wp-content\/uploads\/2025\/02\/IMG-20250201-WA0006-1152x1536.jpg 1152w, https:\/\/jornaloassobio.pt\/wp-content\/uploads\/2025\/02\/IMG-20250201-WA0006.jpg 1536w\" sizes=\"auto, (max-width: 225px) 100vw, 225px\" \/> <img loading=\"lazy\" decoding=\"async\" class=\"alignnone size-medium wp-image-3343\" src=\"https:\/\/jornaloassobio.pt\/wp-content\/uploads\/2025\/02\/IMG-20250126-WA0010-225x300.jpg\" alt=\"\" width=\"225\" height=\"300\" srcset=\"https:\/\/jornaloassobio.pt\/wp-content\/uploads\/2025\/02\/IMG-20250126-WA0010-225x300.jpg 225w, https:\/\/jornaloassobio.pt\/wp-content\/uploads\/2025\/02\/IMG-20250126-WA0010-768x1024.jpg 768w, https:\/\/jornaloassobio.pt\/wp-content\/uploads\/2025\/02\/IMG-20250126-WA0010-1152x1536.jpg 1152w, https:\/\/jornaloassobio.pt\/wp-content\/uploads\/2025\/02\/IMG-20250126-WA0010.jpg 1536w\" sizes=\"auto, (max-width: 225px) 100vw, 225px\" \/> <img loading=\"lazy\" decoding=\"async\" class=\"alignnone size-medium wp-image-3344\" src=\"https:\/\/jornaloassobio.pt\/wp-content\/uploads\/2025\/02\/IMG_20250126_135833-300x225.jpg\" alt=\"\" width=\"300\" height=\"225\" srcset=\"https:\/\/jornaloassobio.pt\/wp-content\/uploads\/2025\/02\/IMG_20250126_135833-300x225.jpg 300w, https:\/\/jornaloassobio.pt\/wp-content\/uploads\/2025\/02\/IMG_20250126_135833-1024x768.jpg 1024w, https:\/\/jornaloassobio.pt\/wp-content\/uploads\/2025\/02\/IMG_20250126_135833-768x576.jpg 768w, https:\/\/jornaloassobio.pt\/wp-content\/uploads\/2025\/02\/IMG_20250126_135833-1536x1152.jpg 1536w, https:\/\/jornaloassobio.pt\/wp-content\/uploads\/2025\/02\/IMG_20250126_135833-2048x1536.jpg 2048w\" sizes=\"auto, (max-width: 300px) 100vw, 300px\" \/> <img loading=\"lazy\" decoding=\"async\" class=\"alignnone size-medium wp-image-3345\" src=\"https:\/\/jornaloassobio.pt\/wp-content\/uploads\/2025\/02\/IMG_20250126_101503-225x300.jpg\" alt=\"\" width=\"225\" height=\"300\" srcset=\"https:\/\/jornaloassobio.pt\/wp-content\/uploads\/2025\/02\/IMG_20250126_101503-225x300.jpg 225w, https:\/\/jornaloassobio.pt\/wp-content\/uploads\/2025\/02\/IMG_20250126_101503-768x1024.jpg 768w, https:\/\/jornaloassobio.pt\/wp-content\/uploads\/2025\/02\/IMG_20250126_101503-1152x1536.jpg 1152w, https:\/\/jornaloassobio.pt\/wp-content\/uploads\/2025\/02\/IMG_20250126_101503-1536x2048.jpg 1536w, https:\/\/jornaloassobio.pt\/wp-content\/uploads\/2025\/02\/IMG_20250126_101503-scaled.jpg 1920w\" sizes=\"auto, (max-width: 225px) 100vw, 225px\" \/><\/div>\n<div>\n<h3 data-olk-copy-source=\"MessageBody\">Entre os dias 26 de janeiro e 1 de fevereiro de 2025, o terceiro ano do Curso Profissional de T\u00e9cnico de Turismo, da Escola Secund\u00e1ria Severim de Faria, teve o privil\u00e9gio de participar no Programa de Erasmus + &#8211; <b>Youth led sustainable tourism in rural areas You Smile<\/b>, com a parceira da empresa &#8211;<b>\u00a0Out of the Box Europe<\/b>, na Eslov\u00e9nia, cidade de Maribor.<\/h3>\n<h3>A turma, acompanhada pela Professora Diana Mendes, teve a oportunidade de participar nas v\u00e1rias confer\u00eancias, onde se abordaram temas como a sustentabilidade, turismo ecol\u00f3gico, turismo sustent\u00e1vel em \u00e1reas rurais, o uso sustent\u00e1vel da \u00e1gua e a prote\u00e7\u00e3o dos recursos, entre outros assuntos, ligados \u00e0 tem\u00e1tica da sustentabilidade. Foi tamb\u00e9m poss\u00edvel conhecer a cidade de Maribor, com o acompanhamento de um guia local e visitar a Montanha Pohorje e a Est\u00e2ncia de Sky.<\/h3>\n<h3>A turma teve ainda a oportunidade de conhecer duas cidades da \u00c1ustria: Graz e Viena.<\/h3>\n<h3>Foi, realmente, uma experi\u00eancia \u00fanica para as alunas, ficando a vontade de participar sempre que poss\u00edvel!<\/h3>\n<\/div>\n        <div class=\"booster-block booster-reactions-block\">\r\n            <div class=\"twp-reactions-icons\">\r\n                \r\n                <div class=\"twp-reacts-wrap\">\r\n                    <a react-data=\"be-react-1\" post-id=\"3334\" class=\"be-face-icons un-reacted\" href=\"javascript:void(0)\">\r\n                        <img decoding=\"async\" src=\"https:\/\/jornaloassobio.pt\/wp-content\/plugins\/booster-extension\/\/assets\/icon\/happy.svg\" alt=\"Happy\">\r\n                    <\/a>\r\n                    <div class=\"twp-reaction-title\">\r\n                        Happy                    <\/div>\r\n                    <div class=\"twp-count-percent\">\r\n                                                    <span style=\"display: none;\" class=\"twp-react-count\">0<\/span>\r\n                        \r\n                                                <span class=\"twp-react-percent\"><span>0<\/span> %<\/span>\r\n                                            <\/div>\r\n                <\/div>\r\n\r\n                <div class=\"twp-reacts-wrap\">\r\n                    <a react-data=\"be-react-2\" post-id=\"3334\" class=\"be-face-icons un-reacted\" href=\"javascript:void(0)\">\r\n                        <img decoding=\"async\" src=\"https:\/\/jornaloassobio.pt\/wp-content\/plugins\/booster-extension\/\/assets\/icon\/sad.svg\" alt=\"Sad\">\r\n                    <\/a>\r\n                    <div class=\"twp-reaction-title\">\r\n                        Sad                    <\/div>\r\n                    <div class=\"twp-count-percent\">\r\n                                                    <span style=\"display: none;\" class=\"twp-react-count\">0<\/span>\r\n                                                                        <span class=\"twp-react-percent\"><span>0<\/span> %<\/span>\r\n                                            <\/div>\r\n                <\/div>\r\n\r\n                <div class=\"twp-reacts-wrap\">\r\n                    <a react-data=\"be-react-3\" post-id=\"3334\" class=\"be-face-icons un-reacted\" href=\"javascript:void(0)\">\r\n                        <img decoding=\"async\" src=\"https:\/\/jornaloassobio.pt\/wp-content\/plugins\/booster-extension\/\/assets\/icon\/excited.svg\" alt=\"Excited\">\r\n                    <\/a>\r\n                    <div class=\"twp-reaction-title\">\r\n                        Excited                    <\/div>\r\n                    <div class=\"twp-count-percent\">\r\n                                                    <span style=\"display: none;\" class=\"twp-react-count\">0<\/span>\r\n                                                                        <span class=\"twp-react-percent\"><span>0<\/span> %<\/span>\r\n                                            <\/div>\r\n                <\/div>\r\n\r\n                <div class=\"twp-reacts-wrap\">\r\n                    <a react-data=\"be-react-6\" post-id=\"3334\" class=\"be-face-icons un-reacted\" href=\"javascript:void(0)\">\r\n                        <img decoding=\"async\" src=\"https:\/\/jornaloassobio.pt\/wp-content\/plugins\/booster-extension\/\/assets\/icon\/sleepy.svg\" alt=\"Sleepy\">\r\n                    <\/a>\r\n                    <div class=\"twp-reaction-title\">\r\n                        Sleepy                    <\/div>\r\n                    <div class=\"twp-count-percent\">\r\n                                                    <span style=\"display: none;\" class=\"twp-react-count\">0<\/span>\r\n                        \r\n                                                <span class=\"twp-react-percent\"><span>0<\/span> %<\/span>\r\n                                            <\/div>\r\n                <\/div>\r\n\r\n                <div class=\"twp-reacts-wrap\">\r\n                    <a react-data=\"be-react-4\" post-id=\"3334\" class=\"be-face-icons un-reacted\" href=\"javascript:void(0)\">\r\n                        <img decoding=\"async\" src=\"https:\/\/jornaloassobio.pt\/wp-content\/plugins\/booster-extension\/\/assets\/icon\/angry.svg\" alt=\"Angry\">\r\n                    <\/a>\r\n                    <div class=\"twp-reaction-title\">Angry<\/div>\r\n                    <div class=\"twp-count-percent\">\r\n                                                    <span style=\"display: none;\" class=\"twp-react-count\">0<\/span>\r\n                                                                        <span class=\"twp-react-percent\"><span>0<\/span> %<\/span>\r\n                        \r\n                    <\/div>\r\n                <\/div>\r\n\r\n                <div class=\"twp-reacts-wrap\">\r\n                    <a react-data=\"be-react-5\" post-id=\"3334\" class=\"be-face-icons un-reacted\" href=\"javascript:void(0)\">\r\n                        <img decoding=\"async\" src=\"https:\/\/jornaloassobio.pt\/wp-content\/plugins\/booster-extension\/\/assets\/icon\/surprise.svg\" alt=\"Surprise\">\r\n                    <\/a>\r\n                    <div class=\"twp-reaction-title\">Surprise<\/div>\r\n                    <div class=\"twp-count-percent\">\r\n                                                    <span style=\"display: none;\" class=\"twp-react-count\">0<\/span>\r\n                                                                        <span class=\"twp-react-percent\"><span>0<\/span> %<\/span>\r\n                                            <\/div>\r\n                <\/div>\r\n\r\n            <\/div>\r\n        <\/div>\r\n\r\n    ","protected":false},"excerpt":{"rendered":"<p>Entre os dias 26 de janeiro e 1 de fevereiro de 2025, o terceiro ano do Curso Profissional de T\u00e9cnico de Turismo, da Escola Secund\u00e1ria Severim de Faria, teve o privil\u00e9gio de participar no Programa de Erasmus + &#8211; Youth led sustainable tourism in rural areas You Smile, com a parceira da empresa &#8211;\u00a0Out of [&hellip;]<\/p>\n","protected":false},"author":6,"featured_media":3340,"comment_status":"open","ping_status":"open","sticky":false,"template":"","format":"standard","meta":{"footnotes":""},"categories":[4],"tags":[],"class_list":["post-3334","post","type-post","status-publish","format-standard","has-post-thumbnail","hentry","category-noticias"],"_links":{"self":[{"href":"https:\/\/jornaloassobio.pt\/index.php?rest_route=\/wp\/v2\/posts\/3334","targetHints":{"allow":["GET"]}}],"collection":[{"href":"https:\/\/jornaloassobio.pt\/index.php?rest_route=\/wp\/v2\/posts"}],"about":[{"href":"https:\/\/jornaloassobio.pt\/index.php?rest_route=\/wp\/v2\/types\/post"}],"author":[{"embeddable":true,"href":"https:\/\/jornaloassobio.pt\/index.php?rest_route=\/wp\/v2\/users\/6"}],"replies":[{"embeddable":true,"href":"https:\/\/jornaloassobio.pt\/index.php?rest_route=%2Fwp%2Fv2%2Fcomments&post=3334"}],"version-history":[{"count":4,"href":"https:\/\/jornaloassobio.pt\/index.php?rest_route=\/wp\/v2\/posts\/3334\/revisions"}],"predecessor-version":[{"id":3349,"href":"https:\/\/jornaloassobio.pt\/index.php?rest_route=\/wp\/v2\/posts\/3334\/revisions\/3349"}],"wp:featuredmedia":[{"embeddable":true,"href":"https:\/\/jornaloassobio.pt\/index.php?rest_route=\/wp\/v2\/media\/3340"}],"wp:attachment":[{"href":"https:\/\/jornaloassobio.pt\/index.php?rest_route=%2Fwp%2Fv2%2Fmedia&parent=3334"}],"wp:term":[{"taxonomy":"category","embeddable":true,"href":"https:\/\/jornaloassobio.pt\/index.php?rest_route=%2Fwp%2Fv2%2Fcategories&post=3334"},{"taxonomy":"post_tag","embeddable":true,"href":"https:\/\/jornaloassobio.pt\/index.php?rest_route=%2Fwp%2Fv2%2Ftags&post=3334"}],"curies":[{"name":"wp","href":"https:\/\/api.w.org\/{rel}","templated":true}]}}