{"id":3433,"date":"2025-02-22T14:49:10","date_gmt":"2025-02-22T14:49:10","guid":{"rendered":"https:\/\/jornaloassobio.pt\/?p=3433"},"modified":"2025-02-22T14:59:00","modified_gmt":"2025-02-22T14:59:00","slug":"isabela-figueiredo-na-escola-secundaria-severim-de-faria","status":"publish","type":"post","link":"https:\/\/jornaloassobio.pt\/?p=3433","title":{"rendered":"Isabela Figueiredo na Escola Secund\u00e1ria Severim de Faria"},"content":{"rendered":"<div class='booster-block booster-read-block'>\r\n                <div class=\"twp-read-time\">\r\n                \t<i class=\"booster-icon twp-clock\"><\/i> <span>Read Time:<\/span>3 Minute, 41 Second                <\/div>\r\n\r\n            <\/div><p><img loading=\"lazy\" decoding=\"async\" class=\"size-medium wp-image-3413 aligncenter\" src=\"https:\/\/jornaloassobio.pt\/wp-content\/uploads\/2025\/02\/Cartaz-IsaFigueiredo-30jan25-212x300.png\" alt=\"\" width=\"212\" height=\"300\" srcset=\"https:\/\/jornaloassobio.pt\/wp-content\/uploads\/2025\/02\/Cartaz-IsaFigueiredo-30jan25-212x300.png 212w, https:\/\/jornaloassobio.pt\/wp-content\/uploads\/2025\/02\/Cartaz-IsaFigueiredo-30jan25-724x1024.png 724w, https:\/\/jornaloassobio.pt\/wp-content\/uploads\/2025\/02\/Cartaz-IsaFigueiredo-30jan25-768x1086.png 768w, https:\/\/jornaloassobio.pt\/wp-content\/uploads\/2025\/02\/Cartaz-IsaFigueiredo-30jan25-1086x1536.png 1086w, https:\/\/jornaloassobio.pt\/wp-content\/uploads\/2025\/02\/Cartaz-IsaFigueiredo-30jan25-1448x2048.png 1448w, https:\/\/jornaloassobio.pt\/wp-content\/uploads\/2025\/02\/Cartaz-IsaFigueiredo-30jan25.png 1587w\" sizes=\"auto, (max-width: 212px) 100vw, 212px\" \/><\/p>\n<p>No dia 30 de janeiro, pelas 14 horas e 15 minutos, na Escola Secund\u00e1ria Severim de Faria, decorreu o encontro da autora Isabela Figueiredo com alunos, de portugu\u00eas e de literatura portuguesa, do ensino secund\u00e1rio da escola.<\/p>\n<p>O evento contou, ainda, com a participa\u00e7\u00e3o dos alunos das turmas de literatura portuguesa (10\u00ba e 11\u00ba anos), que prepararam uma curta apresenta\u00e7\u00e3o biogr\u00e1fica e bibliogr\u00e1fica e proporcionaram a leitura de um excerto de <em>A Gorda.<\/em><\/p>\n<p>A \u00a0escritora Isabela Figueiredo ficou conhecida do grande p\u00fablico, em 2009, quando publicou <em>Cadernos de Mem\u00f3rias Coloniais.<\/em> O seu sucesso consolidou-se, em 2016, com a publica\u00e7\u00e3o do romance <em>A Gorda,<\/em>\u00a0e o seu \u00faltimo romance, de 2022, intitula-se\u00a0<em>Um C\u00e3o no Meio do Caminho.<\/em><\/p>\n<p>Na sess\u00e3o, a autora fez a apresenta\u00e7\u00e3o dos seus livros, sugest\u00f5es de leitura e de reflex\u00e3o, estabelecendo um vivo di\u00e1logo com os alunos, convidados a colocarem quest\u00f5es e formularem opini\u00f5es.<\/p>\n<p>No final, a autora proporcionou o sorteio do livro <em>Um C\u00e3o no Meio do Caminho<\/em>, que ofereceu aos alunos, e a assinatura dos seus livros, quer os que estavam dispon\u00edveis para aquisi\u00e7\u00e3o quer os que os leitores tinham levado para esse efeito.<\/p>\n<p><img loading=\"lazy\" decoding=\"async\" class=\"size-medium wp-image-3431 aligncenter\" src=\"https:\/\/jornaloassobio.pt\/wp-content\/uploads\/2025\/02\/IsabelaFig1-240x300.jpg\" alt=\"\" width=\"240\" height=\"300\" srcset=\"https:\/\/jornaloassobio.pt\/wp-content\/uploads\/2025\/02\/IsabelaFig1-240x300.jpg 240w, https:\/\/jornaloassobio.pt\/wp-content\/uploads\/2025\/02\/IsabelaFig1.jpg 767w\" sizes=\"auto, (max-width: 240px) 100vw, 240px\" \/><\/p>\n<p>Da interven\u00e7\u00e3o da escritora, destacamos a observa\u00e7\u00e3o com que deu in\u00edcio \u00e0 sess\u00e3o, atrav\u00e9s da leitura da advert\u00eancia do livro\u00a0<em>A Gorda:\u00a0 \u00a0<\/em><strong>\u201cTodas as personagens, geografias e situa\u00e7\u00f5es descritas nesta narrativa s\u00e3o mera fic\u00e7\u00e3o e pura realidade.\u201d<\/strong>\u00a0(In: Advert\u00eancia de \u201cA Gorda\u201d)<\/p>\n<p>Tal como acontece nos romances publicados, Isabela Figueiredo aponta, nesta advert\u00eancia, para a problem\u00e1tica da autofic\u00e7\u00e3o e o constante cruzamento entre a realidade e a fic\u00e7\u00e3o, presente na suas obras. O que \u00e9 verdade? O que \u00e9 fic\u00e7\u00e3o? O que fica deste cruzamento? <strong>\u00a0 \u00a0\u00a0<\/strong><\/p>\n<p>Numa envolvente conversa franca e aberta, com os alunos, a autora referiu personagens, contextos e o conte\u00fado das suas obras, bem como o processo de escrita e a rela\u00e7\u00e3o que se estabelece entre a biografia e a bibliografia: \u201c<strong>Escrevo sobre assuntos que partem da minha ferida aberta.<\/strong><strong>\u00a0Eu enfio-me dentro dos meus livros<\/strong>&#8220;, In: Podcast A BELEZA DAS PEQUENAS COISAS (Expresso).<\/p>\n<p>Para al\u00e9m desta, a autora sublinhou as quest\u00f5es que aborda nos seus livros, como: o (p\u00f3s-)colonialismo e a reflex\u00e3o sobre o passado de explora\u00e7\u00e3o dos imp\u00e9rios europeus em \u00c1frica, especialmente em Mo\u00e7ambique (cf. <em>Caderno de Mem\u00f3rias Coloniais<\/em>), a condi\u00e7\u00e3o da mulher (<em>A Gorda<\/em>) e da problem\u00e1tica dos animais (<em>Um C\u00e3o no Meio do Caminho<\/em>), entre muitos temas que mereceram a aten\u00e7\u00e3o e suscitaram a interven\u00e7\u00e3o dos alunos.<\/p>\n<p>Do seu livro favorito, apresentamos uma breve cita\u00e7\u00e3o, cuja leitura permite identificar a preocupa\u00e7\u00e3o que, fruto da viv\u00eancia,\u00a0 observa\u00e7\u00e3o e reflex\u00e3o, impulsionou a sua escrita:\u00a0 <strong>\u201cNo princ\u00edpio eu era de carne e estava na terra. Come\u00e7ou assim. N\u00e3o pensei em mim como rapariga nem como branca nem como rica ou pobre. (\u2026) <\/strong><strong>A minha perplexidade, pr\u00e9 e p\u00f3s Caderno, continua a bater no mesmo, no mesmo ponto da \u2018intriga p\u00f3s-colonial\u2019: <\/strong><strong>se todos vivemos o mesmo, no mesmo local e \u00e9poca,<\/strong><strong> como posso s\u00f3 eu ter visto e sentido o que escapou aos outros? Porque foi escolha minha, priorit\u00e1ria, lembr\u00e1-lo?\u201d<\/strong> (In: Palavras pr\u00e9vias de \u201cCaderno de Mem\u00f3rias Coloniais\u201d).<\/p>\n<div id='gallery-1' class='gallery galleryid-3433 gallery-columns-5 gallery-size-thumbnail'><figure class='gallery-item'>\n\t\t\t<div class='gallery-icon landscape'>\n\t\t\t\t<a href='https:\/\/jornaloassobio.pt\/?attachment_id=3449'><img loading=\"lazy\" decoding=\"async\" width=\"150\" height=\"150\" src=\"https:\/\/jornaloassobio.pt\/wp-content\/uploads\/2025\/02\/IsabelFig111-150x150.jpg\" class=\"attachment-thumbnail size-thumbnail\" alt=\"\" \/><\/a>\n\t\t\t<\/div><\/figure><figure class='gallery-item'>\n\t\t\t<div class='gallery-icon landscape'>\n\t\t\t\t<a href='https:\/\/jornaloassobio.pt\/?attachment_id=3439'><img loading=\"lazy\" decoding=\"async\" width=\"150\" height=\"150\" src=\"https:\/\/jornaloassobio.pt\/wp-content\/uploads\/2025\/02\/IsabelaFig2-150x150.jpg\" class=\"attachment-thumbnail size-thumbnail\" alt=\"\" \/><\/a>\n\t\t\t<\/div><\/figure><figure class='gallery-item'>\n\t\t\t<div class='gallery-icon portrait'>\n\t\t\t\t<a href='https:\/\/jornaloassobio.pt\/?attachment_id=3444'><img loading=\"lazy\" decoding=\"async\" width=\"150\" height=\"150\" src=\"https:\/\/jornaloassobio.pt\/wp-content\/uploads\/2025\/02\/IsabelaFig7-1-150x150.jpg\" class=\"attachment-thumbnail size-thumbnail\" alt=\"\" \/><\/a>\n\t\t\t<\/div><\/figure><figure class='gallery-item'>\n\t\t\t<div class='gallery-icon landscape'>\n\t\t\t\t<a href='https:\/\/jornaloassobio.pt\/?attachment_id=3446'><img loading=\"lazy\" decoding=\"async\" width=\"150\" height=\"150\" src=\"https:\/\/jornaloassobio.pt\/wp-content\/uploads\/2025\/02\/IsabelaFig9-150x150.jpg\" class=\"attachment-thumbnail size-thumbnail\" alt=\"\" \/><\/a>\n\t\t\t<\/div><\/figure><figure class='gallery-item'>\n\t\t\t<div class='gallery-icon landscape'>\n\t\t\t\t<a href='https:\/\/jornaloassobio.pt\/?attachment_id=3440'><img loading=\"lazy\" decoding=\"async\" width=\"150\" height=\"150\" src=\"https:\/\/jornaloassobio.pt\/wp-content\/uploads\/2025\/02\/IsabelaFig3-150x150.jpg\" class=\"attachment-thumbnail size-thumbnail\" alt=\"\" \/><\/a>\n\t\t\t<\/div><\/figure><figure class='gallery-item'>\n\t\t\t<div class='gallery-icon landscape'>\n\t\t\t\t<a href='https:\/\/jornaloassobio.pt\/?attachment_id=3445'><img loading=\"lazy\" decoding=\"async\" width=\"150\" height=\"150\" src=\"https:\/\/jornaloassobio.pt\/wp-content\/uploads\/2025\/02\/IsabelaFig8-150x150.jpg\" class=\"attachment-thumbnail size-thumbnail\" alt=\"\" \/><\/a>\n\t\t\t<\/div><\/figure><figure class='gallery-item'>\n\t\t\t<div class='gallery-icon landscape'>\n\t\t\t\t<a href='https:\/\/jornaloassobio.pt\/?attachment_id=3441'><img loading=\"lazy\" decoding=\"async\" width=\"150\" height=\"150\" src=\"https:\/\/jornaloassobio.pt\/wp-content\/uploads\/2025\/02\/IsabelaFig4-150x150.jpg\" class=\"attachment-thumbnail size-thumbnail\" alt=\"\" \/><\/a>\n\t\t\t<\/div><\/figure><figure class='gallery-item'>\n\t\t\t<div class='gallery-icon portrait'>\n\t\t\t\t<a href='https:\/\/jornaloassobio.pt\/?attachment_id=3442'><img loading=\"lazy\" decoding=\"async\" width=\"150\" height=\"150\" src=\"https:\/\/jornaloassobio.pt\/wp-content\/uploads\/2025\/02\/IsabelaFig5-150x150.jpg\" class=\"attachment-thumbnail size-thumbnail\" alt=\"\" \/><\/a>\n\t\t\t<\/div><\/figure><figure class='gallery-item'>\n\t\t\t<div class='gallery-icon portrait'>\n\t\t\t\t<a href='https:\/\/jornaloassobio.pt\/?attachment_id=3443'><img loading=\"lazy\" decoding=\"async\" width=\"150\" height=\"150\" src=\"https:\/\/jornaloassobio.pt\/wp-content\/uploads\/2025\/02\/IsabelaFig6-1-150x150.jpg\" class=\"attachment-thumbnail size-thumbnail\" alt=\"\" \/><\/a>\n\t\t\t<\/div><\/figure><figure class='gallery-item'>\n\t\t\t<div class='gallery-icon landscape'>\n\t\t\t\t<a href='https:\/\/jornaloassobio.pt\/?attachment_id=3447'><img loading=\"lazy\" decoding=\"async\" width=\"150\" height=\"150\" src=\"https:\/\/jornaloassobio.pt\/wp-content\/uploads\/2025\/02\/IsabelaFig10-150x150.jpg\" class=\"attachment-thumbnail size-thumbnail\" alt=\"\" \/><\/a>\n\t\t\t<\/div><\/figure>\n\t\t<\/div>\n\n<p><strong>Nota biogr\u00e1fica de Isabela Figueiredo:<\/strong><\/p>\n<p style=\"text-align: left;\">Nasceu em Louren\u00e7o Marques, Mo\u00e7ambique, hoje Maputo, em 1963, filha de portugueses oriundos da zona Centro-Oeste de Portugal. Ap\u00f3s a independ\u00eancia de Mo\u00e7ambique, em 1975, rumou a Portugal. Licenciou-se em L\u00ednguas e Literaturas Modernas, variante de Estudos Portugueses, na Faculdade de Ci\u00eancias Sociais e Humanas da Universidade Nova de Lisboa. Especializou-se em Estudos sobre as Mulheres na Universidade Aberta. Trabalhou como jornalista no <em>Di\u00e1rio de Not\u00edcias<\/em>\u00a0entre 1988 e 1994, onde foi tamb\u00e9m coordenadora do suplemento\u00a0<em>DN Jovem<\/em>. Foi professora de portugu\u00eas no ensino secund\u00e1rio. Escreveu\u00a0<em>Conto \u00c9 Como Quem Diz<\/em>, novela que recebeu o primeiro pr\u00e9mio da Mostra Portuguesa de Artes e Ideias,\u00a0<em>Caderno de Mem\u00f3rias Coloniais<\/em>, cuja edi\u00e7\u00e3o francesa foi finalista do Pr\u00e9mio Femina Estrangeiro, e\u00a0<em>A Gorda<\/em>, obra que recebeu o Pr\u00e9mio Liter\u00e1rio Urbano Tavares Rodrigues. Estas duas obras alcan\u00e7aram grande \u00eaxito junto do p\u00fablico e da cr\u00edtica, especialmente em Portugal e no Brasil, sendo constantemente reimpressas. Escreve regularmente para o seu blogue\u00a0<em>Novo Mundo<\/em>\u00a0(http:\/\/novomundoperfeito.blogspot.com).<\/p>\n<p>In: https:\/\/www.wook.pt\/autor\/isabela-figueiredo\/1150827?srsltid=AfmBOooBjb8DL8sBC4zVZ7jzKEPn24u7LR9Y2AkjPETotHqMONCtljdi<\/p>\n<p>Os livros\u00a0 de Isabela Figueiredo est\u00e3o dispon\u00edveis na biblioteca da escola Severim de Faria:<\/p>\n<ul>\n<li><strong><em>Cadernos de Mem\u00f3rias Coloniais<\/em>;<\/strong><\/li>\n<li><strong><em>A Gorda;<\/em><\/strong><\/li>\n<li><strong><em>Um C\u00e3o no Meio do Caminho.<\/em><\/strong><\/li>\n<\/ul>\n        <div class=\"booster-block booster-reactions-block\">\r\n            <div class=\"twp-reactions-icons\">\r\n                \r\n                <div class=\"twp-reacts-wrap\">\r\n                    <a react-data=\"be-react-1\" post-id=\"3433\" class=\"be-face-icons un-reacted\" href=\"javascript:void(0)\">\r\n                        <img decoding=\"async\" src=\"https:\/\/jornaloassobio.pt\/wp-content\/plugins\/booster-extension\/\/assets\/icon\/happy.svg\" alt=\"Happy\">\r\n                    <\/a>\r\n                    <div class=\"twp-reaction-title\">\r\n                        Happy                    <\/div>\r\n                    <div class=\"twp-count-percent\">\r\n                                                    <span style=\"display: none;\" class=\"twp-react-count\">0<\/span>\r\n                        \r\n                                                <span class=\"twp-react-percent\"><span>0<\/span> %<\/span>\r\n                                            <\/div>\r\n                <\/div>\r\n\r\n                <div class=\"twp-reacts-wrap\">\r\n                    <a react-data=\"be-react-2\" post-id=\"3433\" class=\"be-face-icons un-reacted\" href=\"javascript:void(0)\">\r\n                        <img decoding=\"async\" src=\"https:\/\/jornaloassobio.pt\/wp-content\/plugins\/booster-extension\/\/assets\/icon\/sad.svg\" alt=\"Sad\">\r\n                    <\/a>\r\n                    <div class=\"twp-reaction-title\">\r\n                        Sad                    <\/div>\r\n                    <div class=\"twp-count-percent\">\r\n                                                    <span style=\"display: none;\" class=\"twp-react-count\">0<\/span>\r\n                                                                        <span class=\"twp-react-percent\"><span>0<\/span> %<\/span>\r\n                                            <\/div>\r\n                <\/div>\r\n\r\n                <div class=\"twp-reacts-wrap\">\r\n                    <a react-data=\"be-react-3\" post-id=\"3433\" class=\"be-face-icons un-reacted\" href=\"javascript:void(0)\">\r\n                        <img decoding=\"async\" src=\"https:\/\/jornaloassobio.pt\/wp-content\/plugins\/booster-extension\/\/assets\/icon\/excited.svg\" alt=\"Excited\">\r\n                    <\/a>\r\n                    <div class=\"twp-reaction-title\">\r\n                        Excited                    <\/div>\r\n                    <div class=\"twp-count-percent\">\r\n                                                    <span style=\"display: none;\" class=\"twp-react-count\">0<\/span>\r\n                                                                        <span class=\"twp-react-percent\"><span>0<\/span> %<\/span>\r\n                                            <\/div>\r\n                <\/div>\r\n\r\n                <div class=\"twp-reacts-wrap\">\r\n                    <a react-data=\"be-react-6\" post-id=\"3433\" class=\"be-face-icons un-reacted\" href=\"javascript:void(0)\">\r\n                        <img decoding=\"async\" src=\"https:\/\/jornaloassobio.pt\/wp-content\/plugins\/booster-extension\/\/assets\/icon\/sleepy.svg\" alt=\"Sleepy\">\r\n                    <\/a>\r\n                    <div class=\"twp-reaction-title\">\r\n                        Sleepy                    <\/div>\r\n                    <div class=\"twp-count-percent\">\r\n                                                    <span style=\"display: none;\" class=\"twp-react-count\">0<\/span>\r\n                        \r\n                                                <span class=\"twp-react-percent\"><span>0<\/span> %<\/span>\r\n                                            <\/div>\r\n                <\/div>\r\n\r\n                <div class=\"twp-reacts-wrap\">\r\n                    <a react-data=\"be-react-4\" post-id=\"3433\" class=\"be-face-icons un-reacted\" href=\"javascript:void(0)\">\r\n                        <img decoding=\"async\" src=\"https:\/\/jornaloassobio.pt\/wp-content\/plugins\/booster-extension\/\/assets\/icon\/angry.svg\" alt=\"Angry\">\r\n                    <\/a>\r\n                    <div class=\"twp-reaction-title\">Angry<\/div>\r\n                    <div class=\"twp-count-percent\">\r\n                                                    <span style=\"display: none;\" class=\"twp-react-count\">0<\/span>\r\n                                                                        <span class=\"twp-react-percent\"><span>0<\/span> %<\/span>\r\n                        \r\n                    <\/div>\r\n                <\/div>\r\n\r\n                <div class=\"twp-reacts-wrap\">\r\n                    <a react-data=\"be-react-5\" post-id=\"3433\" class=\"be-face-icons un-reacted\" href=\"javascript:void(0)\">\r\n                        <img decoding=\"async\" src=\"https:\/\/jornaloassobio.pt\/wp-content\/plugins\/booster-extension\/\/assets\/icon\/surprise.svg\" alt=\"Surprise\">\r\n                    <\/a>\r\n                    <div class=\"twp-reaction-title\">Surprise<\/div>\r\n                    <div class=\"twp-count-percent\">\r\n                                                    <span style=\"display: none;\" class=\"twp-react-count\">0<\/span>\r\n                                                                        <span class=\"twp-react-percent\"><span>0<\/span> %<\/span>\r\n                                            <\/div>\r\n                <\/div>\r\n\r\n            <\/div>\r\n        <\/div>\r\n\r\n    ","protected":false},"excerpt":{"rendered":"<p>No dia 30 de janeiro, pelas 14 horas e 15 minutos, na Escola Secund\u00e1ria Severim de Faria, decorreu o encontro da autora Isabela Figueiredo com alunos, de portugu\u00eas e de literatura portuguesa, do ensino secund\u00e1rio da escola. O evento contou, ainda, com a participa\u00e7\u00e3o dos alunos das turmas de literatura portuguesa (10\u00ba e 11\u00ba anos), [&hellip;]<\/p>\n","protected":false},"author":5,"featured_media":3450,"comment_status":"open","ping_status":"open","sticky":false,"template":"","format":"standard","meta":{"footnotes":""},"categories":[4],"tags":[],"class_list":["post-3433","post","type-post","status-publish","format-standard","has-post-thumbnail","hentry","category-noticias"],"_links":{"self":[{"href":"https:\/\/jornaloassobio.pt\/index.php?rest_route=\/wp\/v2\/posts\/3433","targetHints":{"allow":["GET"]}}],"collection":[{"href":"https:\/\/jornaloassobio.pt\/index.php?rest_route=\/wp\/v2\/posts"}],"about":[{"href":"https:\/\/jornaloassobio.pt\/index.php?rest_route=\/wp\/v2\/types\/post"}],"author":[{"embeddable":true,"href":"https:\/\/jornaloassobio.pt\/index.php?rest_route=\/wp\/v2\/users\/5"}],"replies":[{"embeddable":true,"href":"https:\/\/jornaloassobio.pt\/index.php?rest_route=%2Fwp%2Fv2%2Fcomments&post=3433"}],"version-history":[{"count":4,"href":"https:\/\/jornaloassobio.pt\/index.php?rest_route=\/wp\/v2\/posts\/3433\/revisions"}],"predecessor-version":[{"id":3451,"href":"https:\/\/jornaloassobio.pt\/index.php?rest_route=\/wp\/v2\/posts\/3433\/revisions\/3451"}],"wp:featuredmedia":[{"embeddable":true,"href":"https:\/\/jornaloassobio.pt\/index.php?rest_route=\/wp\/v2\/media\/3450"}],"wp:attachment":[{"href":"https:\/\/jornaloassobio.pt\/index.php?rest_route=%2Fwp%2Fv2%2Fmedia&parent=3433"}],"wp:term":[{"taxonomy":"category","embeddable":true,"href":"https:\/\/jornaloassobio.pt\/index.php?rest_route=%2Fwp%2Fv2%2Fcategories&post=3433"},{"taxonomy":"post_tag","embeddable":true,"href":"https:\/\/jornaloassobio.pt\/index.php?rest_route=%2Fwp%2Fv2%2Ftags&post=3433"}],"curies":[{"name":"wp","href":"https:\/\/api.w.org\/{rel}","templated":true}]}}