{"id":346,"date":"2023-10-12T13:51:19","date_gmt":"2023-10-12T13:51:19","guid":{"rendered":"https:\/\/jornaloassobio.pt\/?p=346"},"modified":"2023-12-14T16:25:33","modified_gmt":"2023-12-14T16:25:33","slug":"dia-europeu-das-linguas-na-escola-severim-de-faria","status":"publish","type":"post","link":"https:\/\/jornaloassobio.pt\/?p=346","title":{"rendered":"DIA EUROPEU DAS L\u00cdNGUAS NA ESCOLA SEVERIM DE FARIA"},"content":{"rendered":"<div class='booster-block booster-read-block'>\r\n                <div class=\"twp-read-time\">\r\n                \t<i class=\"booster-icon twp-clock\"><\/i> <span>Read Time:<\/span>24 Second                <\/div>\r\n\r\n            <\/div><p>&nbsp;<\/p>\n<p>No passado dia\u00a0 26 de setembro, na Escola Secund\u00e1ria Severim de Faria, celebrou-se o Dia Europeu das L\u00ednguas.<\/p>\n<p>Para marcar esta data, os alunos constru\u00edram um Mural\u00a0 Multilingue na Biblioteca, com cerca de cinco metros\u00a0 e meio, em papel de cen\u00e1rio.<img loading=\"lazy\" decoding=\"async\" class=\" wp-image-351 alignleft\" src=\"https:\/\/jornaloassobio.pt\/wp-content\/uploads\/2023\/10\/IMG_2573-mural-3-225x300.jpg\" alt=\"\" width=\"113\" height=\"151\" srcset=\"https:\/\/jornaloassobio.pt\/wp-content\/uploads\/2023\/10\/IMG_2573-mural-3-225x300.jpg 225w, https:\/\/jornaloassobio.pt\/wp-content\/uploads\/2023\/10\/IMG_2573-mural-3-768x1024.jpg 768w, https:\/\/jornaloassobio.pt\/wp-content\/uploads\/2023\/10\/IMG_2573-mural-3-1152x1536.jpg 1152w, https:\/\/jornaloassobio.pt\/wp-content\/uploads\/2023\/10\/IMG_2573-mural-3-1536x2048.jpg 1536w, https:\/\/jornaloassobio.pt\/wp-content\/uploads\/2023\/10\/IMG_2573-mural-3-scaled.jpg 1920w\" sizes=\"auto, (max-width: 113px) 100vw, 113px\" \/><\/p>\n<p>Foram escritas palavras em v\u00e1rias l\u00ednguas e desenhadas bandeiras dos pa\u00edses\u00a0 representados pelas mesmas.<\/p>\n<p>Est\u00e1 prevista a coloca\u00e7\u00e3o do Mural, em lugar de destaque, na Biblioteca da Escola, como exemplo de inclus\u00e3o multicultural.<\/p>\n<p>&nbsp;<\/p>\n<p><a href=\"https:\/\/jornaloassobio.pt\/wp-content\/uploads\/2023\/10\/LINGUAS.mp4\">LINGUAS\u00a0<\/a><\/p>\n<p>( Visualizar v\u00eddeo acima .)<br \/>\n<img loading=\"lazy\" decoding=\"async\" class=\" wp-image-352 aligncenter\" src=\"https:\/\/jornaloassobio.pt\/wp-content\/uploads\/2023\/10\/IMG_2571-mural-1-1-225x300.jpg\" alt=\"\" width=\"4\" height=\"5\" srcset=\"https:\/\/jornaloassobio.pt\/wp-content\/uploads\/2023\/10\/IMG_2571-mural-1-1-225x300.jpg 225w, https:\/\/jornaloassobio.pt\/wp-content\/uploads\/2023\/10\/IMG_2571-mural-1-1-768x1024.jpg 768w, https:\/\/jornaloassobio.pt\/wp-content\/uploads\/2023\/10\/IMG_2571-mural-1-1-150x150.jpg 150w, https:\/\/jornaloassobio.pt\/wp-content\/uploads\/2023\/10\/IMG_2571-mural-1-1-1152x1536.jpg 1152w, https:\/\/jornaloassobio.pt\/wp-content\/uploads\/2023\/10\/IMG_2571-mural-1-1-1536x2048.jpg 1536w, https:\/\/jornaloassobio.pt\/wp-content\/uploads\/2023\/10\/IMG_2571-mural-1-1-scaled.jpg 1920w\" sizes=\"auto, (max-width: 4px) 100vw, 4px\" \/><\/p>\n        <div class=\"booster-block booster-reactions-block\">\r\n            <div class=\"twp-reactions-icons\">\r\n                \r\n                <div class=\"twp-reacts-wrap\">\r\n                    <a react-data=\"be-react-1\" post-id=\"346\" class=\"be-face-icons un-reacted\" href=\"javascript:void(0)\">\r\n                        <img decoding=\"async\" src=\"https:\/\/jornaloassobio.pt\/wp-content\/plugins\/booster-extension\/\/assets\/icon\/happy.svg\" alt=\"Happy\">\r\n                    <\/a>\r\n                    <div class=\"twp-reaction-title\">\r\n                        Happy                    <\/div>\r\n                    <div class=\"twp-count-percent\">\r\n                                                    <span style=\"display: none;\" class=\"twp-react-count\">0<\/span>\r\n                        \r\n                                                <span class=\"twp-react-percent\"><span>0<\/span> %<\/span>\r\n                                            <\/div>\r\n                <\/div>\r\n\r\n                <div class=\"twp-reacts-wrap\">\r\n                    <a react-data=\"be-react-2\" post-id=\"346\" class=\"be-face-icons un-reacted\" href=\"javascript:void(0)\">\r\n                        <img decoding=\"async\" src=\"https:\/\/jornaloassobio.pt\/wp-content\/plugins\/booster-extension\/\/assets\/icon\/sad.svg\" alt=\"Sad\">\r\n                    <\/a>\r\n                    <div class=\"twp-reaction-title\">\r\n                        Sad                    <\/div>\r\n                    <div class=\"twp-count-percent\">\r\n                                                    <span style=\"display: none;\" class=\"twp-react-count\">0<\/span>\r\n                                                                        <span class=\"twp-react-percent\"><span>0<\/span> %<\/span>\r\n                                            <\/div>\r\n                <\/div>\r\n\r\n                <div class=\"twp-reacts-wrap\">\r\n                    <a react-data=\"be-react-3\" post-id=\"346\" class=\"be-face-icons un-reacted\" href=\"javascript:void(0)\">\r\n                        <img decoding=\"async\" src=\"https:\/\/jornaloassobio.pt\/wp-content\/plugins\/booster-extension\/\/assets\/icon\/excited.svg\" alt=\"Excited\">\r\n                    <\/a>\r\n                    <div class=\"twp-reaction-title\">\r\n                        Excited                    <\/div>\r\n                    <div class=\"twp-count-percent\">\r\n                                                    <span style=\"display: none;\" class=\"twp-react-count\">0<\/span>\r\n                                                                        <span class=\"twp-react-percent\"><span>0<\/span> %<\/span>\r\n                                            <\/div>\r\n                <\/div>\r\n\r\n                <div class=\"twp-reacts-wrap\">\r\n                    <a react-data=\"be-react-6\" post-id=\"346\" class=\"be-face-icons un-reacted\" href=\"javascript:void(0)\">\r\n                        <img decoding=\"async\" src=\"https:\/\/jornaloassobio.pt\/wp-content\/plugins\/booster-extension\/\/assets\/icon\/sleepy.svg\" alt=\"Sleepy\">\r\n                    <\/a>\r\n                    <div class=\"twp-reaction-title\">\r\n                        Sleepy                    <\/div>\r\n                    <div class=\"twp-count-percent\">\r\n                                                    <span style=\"display: none;\" class=\"twp-react-count\">0<\/span>\r\n                        \r\n                                                <span class=\"twp-react-percent\"><span>0<\/span> %<\/span>\r\n                                            <\/div>\r\n                <\/div>\r\n\r\n                <div class=\"twp-reacts-wrap\">\r\n                    <a react-data=\"be-react-4\" post-id=\"346\" class=\"be-face-icons un-reacted\" href=\"javascript:void(0)\">\r\n                        <img decoding=\"async\" src=\"https:\/\/jornaloassobio.pt\/wp-content\/plugins\/booster-extension\/\/assets\/icon\/angry.svg\" alt=\"Angry\">\r\n                    <\/a>\r\n                    <div class=\"twp-reaction-title\">Angry<\/div>\r\n                    <div class=\"twp-count-percent\">\r\n                                                    <span style=\"display: none;\" class=\"twp-react-count\">0<\/span>\r\n                                                                        <span class=\"twp-react-percent\"><span>0<\/span> %<\/span>\r\n                        \r\n                    <\/div>\r\n                <\/div>\r\n\r\n                <div class=\"twp-reacts-wrap\">\r\n                    <a react-data=\"be-react-5\" post-id=\"346\" class=\"be-face-icons un-reacted\" href=\"javascript:void(0)\">\r\n                        <img decoding=\"async\" src=\"https:\/\/jornaloassobio.pt\/wp-content\/plugins\/booster-extension\/\/assets\/icon\/surprise.svg\" alt=\"Surprise\">\r\n                    <\/a>\r\n                    <div class=\"twp-reaction-title\">Surprise<\/div>\r\n                    <div class=\"twp-count-percent\">\r\n                                                    <span style=\"display: none;\" class=\"twp-react-count\">0<\/span>\r\n                                                                        <span class=\"twp-react-percent\"><span>0<\/span> %<\/span>\r\n                                            <\/div>\r\n                <\/div>\r\n\r\n            <\/div>\r\n        <\/div>\r\n\r\n    ","protected":false},"excerpt":{"rendered":"<p>&nbsp; No passado dia\u00a0 26 de setembro, na Escola Secund\u00e1ria Severim de Faria, celebrou-se o Dia Europeu das L\u00ednguas. Para marcar esta data, os alunos constru\u00edram um Mural\u00a0 Multilingue na Biblioteca, com cerca de cinco metros\u00a0 e meio, em papel de cen\u00e1rio. Foram escritas palavras em v\u00e1rias l\u00ednguas e desenhadas bandeiras dos pa\u00edses\u00a0 representados pelas [&hellip;]<\/p>\n","protected":false},"author":6,"featured_media":351,"comment_status":"open","ping_status":"open","sticky":false,"template":"","format":"standard","meta":{"footnotes":""},"categories":[4],"tags":[],"class_list":["post-346","post","type-post","status-publish","format-standard","has-post-thumbnail","hentry","category-noticias"],"_links":{"self":[{"href":"https:\/\/jornaloassobio.pt\/index.php?rest_route=\/wp\/v2\/posts\/346","targetHints":{"allow":["GET"]}}],"collection":[{"href":"https:\/\/jornaloassobio.pt\/index.php?rest_route=\/wp\/v2\/posts"}],"about":[{"href":"https:\/\/jornaloassobio.pt\/index.php?rest_route=\/wp\/v2\/types\/post"}],"author":[{"embeddable":true,"href":"https:\/\/jornaloassobio.pt\/index.php?rest_route=\/wp\/v2\/users\/6"}],"replies":[{"embeddable":true,"href":"https:\/\/jornaloassobio.pt\/index.php?rest_route=%2Fwp%2Fv2%2Fcomments&post=346"}],"version-history":[{"count":4,"href":"https:\/\/jornaloassobio.pt\/index.php?rest_route=\/wp\/v2\/posts\/346\/revisions"}],"predecessor-version":[{"id":355,"href":"https:\/\/jornaloassobio.pt\/index.php?rest_route=\/wp\/v2\/posts\/346\/revisions\/355"}],"wp:featuredmedia":[{"embeddable":true,"href":"https:\/\/jornaloassobio.pt\/index.php?rest_route=\/wp\/v2\/media\/351"}],"wp:attachment":[{"href":"https:\/\/jornaloassobio.pt\/index.php?rest_route=%2Fwp%2Fv2%2Fmedia&parent=346"}],"wp:term":[{"taxonomy":"category","embeddable":true,"href":"https:\/\/jornaloassobio.pt\/index.php?rest_route=%2Fwp%2Fv2%2Fcategories&post=346"},{"taxonomy":"post_tag","embeddable":true,"href":"https:\/\/jornaloassobio.pt\/index.php?rest_route=%2Fwp%2Fv2%2Ftags&post=346"}],"curies":[{"name":"wp","href":"https:\/\/api.w.org\/{rel}","templated":true}]}}