{"id":3522,"date":"2025-03-07T11:39:33","date_gmt":"2025-03-07T11:39:33","guid":{"rendered":"https:\/\/jornaloassobio.pt\/?p=3522"},"modified":"2025-03-19T10:40:49","modified_gmt":"2025-03-19T10:40:49","slug":"leitura-dos-alunos-do-2o-ano-avaliada-nas-escolas","status":"publish","type":"post","link":"https:\/\/jornaloassobio.pt\/?p=3522","title":{"rendered":"LER \u00c9 CRESCER : AVALIA\u00c7\u00c3O DA LEITURA NAS ESCOLAS"},"content":{"rendered":"<div class='booster-block booster-read-block'>\r\n                <div class=\"twp-read-time\">\r\n                \t<i class=\"booster-icon twp-clock\"><\/i> <span>Read Time:<\/span>1 Minute, 27 Second                <\/div>\r\n\r\n            <\/div><div id=\"dark-mode-switch\">\n<div class=\"dark-mode-switch-wrapper\">\n<div class=\"toggle-mode\">\n<h3><\/h3>\n<h3 style=\"text-align: center;\"><span style=\"color: #3366ff;\">&#8220;Penso que a leitura e a frequenta\u00e7\u00e3o das artes desabrocha a imagina\u00e7\u00e3o para um mundo mais puro.&#8221;\u00a0<\/span><\/h3>\n<h4 style=\"text-align: center;\"><span style=\"color: #3366ff;\">Manoel de Barros (1916-2014)<\/span><\/h4>\n<h4 style=\"text-align: center;\"><span style=\"color: #0000ff;\">(advogado, fazendeiro e poeta brasileiro)<\/span><\/h4>\n<p><img loading=\"lazy\" decoding=\"async\" class=\" wp-image-3543 aligncenter\" src=\"https:\/\/jornaloassobio.pt\/wp-content\/uploads\/2025\/03\/IMG_9903-225x300.jpg\" alt=\"\" width=\"364\" height=\"485\" srcset=\"https:\/\/jornaloassobio.pt\/wp-content\/uploads\/2025\/03\/IMG_9903-225x300.jpg 225w, https:\/\/jornaloassobio.pt\/wp-content\/uploads\/2025\/03\/IMG_9903-768x1024.jpg 768w, https:\/\/jornaloassobio.pt\/wp-content\/uploads\/2025\/03\/IMG_9903-1152x1536.jpg 1152w, https:\/\/jornaloassobio.pt\/wp-content\/uploads\/2025\/03\/IMG_9903-1536x2048.jpg 1536w, https:\/\/jornaloassobio.pt\/wp-content\/uploads\/2025\/03\/IMG_9903-scaled.jpg 1920w\" sizes=\"auto, (max-width: 364px) 100vw, 364px\" \/><\/p>\n<\/div>\n<h3 style=\"text-align: center;\">Contagem do n\u00famero de erros, um texto-padr\u00e3o e 5 minutos de prova.<\/h3>\n<h3 style=\"text-align: center;\">Escolas v\u00e3o avaliar flu\u00eancia de leitura dos alunos do 2.\u00ba ano.<\/h3>\n<\/div>\n<\/div>\n<h3>Para avaliar a capacidade de leitura, alunos do 2\u00ba ano ser\u00e3o avaliados de forma &#8220;simples e r\u00e1pida&#8221;. A prova, que n\u00e3o vai contar para nota, ter\u00e1 de ser realizada entre os dias 9 e 20 de junho.<\/h3>\n<article id=\"article-7223596 \" class=\"\">\n<div class=\"article-head-authors article-head-main-info-authors\">\n<ul>\n<li class=\"author\">\n<h3>Uma crian\u00e7a que leia com mais velocidade e com menos erros tem mais hip\u00f3teses de ter um melhor desempenho acad\u00e9mico porque \u201ccompreende e apreende a informa\u00e7\u00e3o\u201d com mais facilidade. Mas para se investir nesta capacidade, primeiro <strong>\u201c\u00e9 preciso um diagn\u00f3stico rigoroso\u201d<\/strong>.<\/h3>\n<\/li>\n<li class=\"author\">\n<h3>O alerta \u00e9 feito pelo Minist\u00e9rio da Educa\u00e7\u00e3o numa nota informativa enviada \u00e0s escolas e que o Observador teve acesso.<\/h3>\n<\/li>\n<li class=\"author\">\n<h3>A tutela definiu assim que a flu\u00eancia de leitura dos alunos do 2.\u00ba ano ser\u00e1 testada entre os dias 9 e 20 de junho.<\/h3>\n<\/li>\n<\/ul>\n<\/div>\n<div class=\"article-body-wrapper js-paywalled\">\n<div class=\"article-body fbg-container\">\n<div class=\"fbg-row\">\n<div class=\"fbg-col-4 fbg-col-lg-2 center-column\">\n<div class=\"article-body-content\">\n<h3>Numa data a decidir por cada escola, ser\u00e1 levado a cabo um<strong>\u00a0curto exerc\u00edcio de leitura<\/strong>. O diagn\u00f3stico ser\u00e1 feito com base em duas tarefas. Numa primeira parte, cada aluno ser\u00e1\u00a0<strong>individualmente chamado<\/strong>\u00a0pelo professor titular e dever\u00e1 ler um texto-padr\u00e3o.<\/h3>\n<h3>\u201cContando com os preparativos e o momento de leitura, a\u00a0<strong>tarefa individual n\u00e3o deve ultrapassar os 5 minutos<\/strong>, tendo sido concebida para ser simples e r\u00e1pida na sua aplica\u00e7\u00e3o\u201d, l\u00ea-se na nota.<\/h3>\n<p>in https:\/\/observador.pt\/2025\/03\/06\/contagem-do-numero-de-erros-um-texto-padrao-e-5-minutos-de-prova-escolas-vao-avaliar-fluencia-de-leitura-dos-alunos-do-2-o-ano\/, consultado a 7 de mar\u00e7o de 2025<\/p>\n<\/div>\n<\/div>\n<\/div>\n<\/div>\n<\/div>\n<\/article>\n<p>&nbsp;<\/p>\n        <div class=\"booster-block booster-reactions-block\">\r\n            <div class=\"twp-reactions-icons\">\r\n                \r\n                <div class=\"twp-reacts-wrap\">\r\n                    <a react-data=\"be-react-1\" post-id=\"3522\" class=\"be-face-icons un-reacted\" href=\"javascript:void(0)\">\r\n                        <img decoding=\"async\" src=\"https:\/\/jornaloassobio.pt\/wp-content\/plugins\/booster-extension\/\/assets\/icon\/happy.svg\" alt=\"Happy\">\r\n                    <\/a>\r\n                    <div class=\"twp-reaction-title\">\r\n                        Happy                    <\/div>\r\n                    <div class=\"twp-count-percent\">\r\n                                                    <span style=\"display: none;\" class=\"twp-react-count\">0<\/span>\r\n                        \r\n                                                <span class=\"twp-react-percent\"><span>0<\/span> %<\/span>\r\n                                            <\/div>\r\n                <\/div>\r\n\r\n                <div class=\"twp-reacts-wrap\">\r\n                    <a react-data=\"be-react-2\" post-id=\"3522\" class=\"be-face-icons un-reacted\" href=\"javascript:void(0)\">\r\n                        <img decoding=\"async\" src=\"https:\/\/jornaloassobio.pt\/wp-content\/plugins\/booster-extension\/\/assets\/icon\/sad.svg\" alt=\"Sad\">\r\n                    <\/a>\r\n                    <div class=\"twp-reaction-title\">\r\n                        Sad                    <\/div>\r\n                    <div class=\"twp-count-percent\">\r\n                                                    <span style=\"display: none;\" class=\"twp-react-count\">0<\/span>\r\n                                                                        <span class=\"twp-react-percent\"><span>0<\/span> %<\/span>\r\n                                            <\/div>\r\n                <\/div>\r\n\r\n                <div class=\"twp-reacts-wrap\">\r\n                    <a react-data=\"be-react-3\" post-id=\"3522\" class=\"be-face-icons un-reacted\" href=\"javascript:void(0)\">\r\n                        <img decoding=\"async\" src=\"https:\/\/jornaloassobio.pt\/wp-content\/plugins\/booster-extension\/\/assets\/icon\/excited.svg\" alt=\"Excited\">\r\n                    <\/a>\r\n                    <div class=\"twp-reaction-title\">\r\n                        Excited                    <\/div>\r\n                    <div class=\"twp-count-percent\">\r\n                                                    <span style=\"display: none;\" class=\"twp-react-count\">0<\/span>\r\n                                                                        <span class=\"twp-react-percent\"><span>0<\/span> %<\/span>\r\n                                            <\/div>\r\n                <\/div>\r\n\r\n                <div class=\"twp-reacts-wrap\">\r\n                    <a react-data=\"be-react-6\" post-id=\"3522\" class=\"be-face-icons un-reacted\" href=\"javascript:void(0)\">\r\n                        <img decoding=\"async\" src=\"https:\/\/jornaloassobio.pt\/wp-content\/plugins\/booster-extension\/\/assets\/icon\/sleepy.svg\" alt=\"Sleepy\">\r\n                    <\/a>\r\n                    <div class=\"twp-reaction-title\">\r\n                        Sleepy                    <\/div>\r\n                    <div class=\"twp-count-percent\">\r\n                                                    <span style=\"display: none;\" class=\"twp-react-count\">0<\/span>\r\n                        \r\n                                                <span class=\"twp-react-percent\"><span>0<\/span> %<\/span>\r\n                                            <\/div>\r\n                <\/div>\r\n\r\n                <div class=\"twp-reacts-wrap\">\r\n                    <a react-data=\"be-react-4\" post-id=\"3522\" class=\"be-face-icons un-reacted\" href=\"javascript:void(0)\">\r\n                        <img decoding=\"async\" src=\"https:\/\/jornaloassobio.pt\/wp-content\/plugins\/booster-extension\/\/assets\/icon\/angry.svg\" alt=\"Angry\">\r\n                    <\/a>\r\n                    <div class=\"twp-reaction-title\">Angry<\/div>\r\n                    <div class=\"twp-count-percent\">\r\n                                                    <span style=\"display: none;\" class=\"twp-react-count\">0<\/span>\r\n                                                                        <span class=\"twp-react-percent\"><span>0<\/span> %<\/span>\r\n                        \r\n                    <\/div>\r\n                <\/div>\r\n\r\n                <div class=\"twp-reacts-wrap\">\r\n                    <a react-data=\"be-react-5\" post-id=\"3522\" class=\"be-face-icons un-reacted\" href=\"javascript:void(0)\">\r\n                        <img decoding=\"async\" src=\"https:\/\/jornaloassobio.pt\/wp-content\/plugins\/booster-extension\/\/assets\/icon\/surprise.svg\" alt=\"Surprise\">\r\n                    <\/a>\r\n                    <div class=\"twp-reaction-title\">Surprise<\/div>\r\n                    <div class=\"twp-count-percent\">\r\n                                                    <span style=\"display: none;\" class=\"twp-react-count\">0<\/span>\r\n                                                                        <span class=\"twp-react-percent\"><span>0<\/span> %<\/span>\r\n                                            <\/div>\r\n                <\/div>\r\n\r\n            <\/div>\r\n        <\/div>\r\n\r\n    ","protected":false},"excerpt":{"rendered":"<p>&#8220;Penso que a leitura e a frequenta\u00e7\u00e3o das artes desabrocha a imagina\u00e7\u00e3o para um mundo mais puro.&#8221;\u00a0 Manoel de Barros (1916-2014) (advogado, fazendeiro e poeta brasileiro) Contagem do n\u00famero de erros, um texto-padr\u00e3o e 5 minutos de prova. Escolas v\u00e3o avaliar flu\u00eancia de leitura dos alunos do 2.\u00ba ano. Para avaliar a capacidade de leitura, [&hellip;]<\/p>\n","protected":false},"author":6,"featured_media":3543,"comment_status":"open","ping_status":"open","sticky":false,"template":"","format":"standard","meta":{"footnotes":""},"categories":[4],"tags":[],"class_list":["post-3522","post","type-post","status-publish","format-standard","has-post-thumbnail","hentry","category-noticias"],"_links":{"self":[{"href":"https:\/\/jornaloassobio.pt\/index.php?rest_route=\/wp\/v2\/posts\/3522","targetHints":{"allow":["GET"]}}],"collection":[{"href":"https:\/\/jornaloassobio.pt\/index.php?rest_route=\/wp\/v2\/posts"}],"about":[{"href":"https:\/\/jornaloassobio.pt\/index.php?rest_route=\/wp\/v2\/types\/post"}],"author":[{"embeddable":true,"href":"https:\/\/jornaloassobio.pt\/index.php?rest_route=\/wp\/v2\/users\/6"}],"replies":[{"embeddable":true,"href":"https:\/\/jornaloassobio.pt\/index.php?rest_route=%2Fwp%2Fv2%2Fcomments&post=3522"}],"version-history":[{"count":12,"href":"https:\/\/jornaloassobio.pt\/index.php?rest_route=\/wp\/v2\/posts\/3522\/revisions"}],"predecessor-version":[{"id":3637,"href":"https:\/\/jornaloassobio.pt\/index.php?rest_route=\/wp\/v2\/posts\/3522\/revisions\/3637"}],"wp:featuredmedia":[{"embeddable":true,"href":"https:\/\/jornaloassobio.pt\/index.php?rest_route=\/wp\/v2\/media\/3543"}],"wp:attachment":[{"href":"https:\/\/jornaloassobio.pt\/index.php?rest_route=%2Fwp%2Fv2%2Fmedia&parent=3522"}],"wp:term":[{"taxonomy":"category","embeddable":true,"href":"https:\/\/jornaloassobio.pt\/index.php?rest_route=%2Fwp%2Fv2%2Fcategories&post=3522"},{"taxonomy":"post_tag","embeddable":true,"href":"https:\/\/jornaloassobio.pt\/index.php?rest_route=%2Fwp%2Fv2%2Ftags&post=3522"}],"curies":[{"name":"wp","href":"https:\/\/api.w.org\/{rel}","templated":true}]}}