{"id":3553,"date":"2025-03-14T12:05:51","date_gmt":"2025-03-14T12:05:51","guid":{"rendered":"https:\/\/jornaloassobio.pt\/?p=3553"},"modified":"2025-03-17T10:58:35","modified_gmt":"2025-03-17T10:58:35","slug":"criatividade-e-arte-no-dia-internacional-da-matematica-2025","status":"publish","type":"post","link":"https:\/\/jornaloassobio.pt\/?p=3553","title":{"rendered":"Criatividade e Arte no Dia Internacional da Matem\u00e1tica 2025"},"content":{"rendered":"<div class='booster-block booster-read-block'>\r\n                <div class=\"twp-read-time\">\r\n                \t<i class=\"booster-icon twp-clock\"><\/i> <span>Read Time:<\/span>2 Minute, 6 Second                <\/div>\r\n\r\n            <\/div><h3><img loading=\"lazy\" decoding=\"async\" class=\"size-medium wp-image-3561 aligncenter\" src=\"https:\/\/jornaloassobio.pt\/wp-content\/uploads\/2025\/03\/Rule-of-thirds-Thumbnail-new-1-3-800x533-1-300x200.jpg\" alt=\"\" width=\"300\" height=\"200\" srcset=\"https:\/\/jornaloassobio.pt\/wp-content\/uploads\/2025\/03\/Rule-of-thirds-Thumbnail-new-1-3-800x533-1-300x200.jpg 300w, https:\/\/jornaloassobio.pt\/wp-content\/uploads\/2025\/03\/Rule-of-thirds-Thumbnail-new-1-3-800x533-1-768x512.jpg 768w, https:\/\/jornaloassobio.pt\/wp-content\/uploads\/2025\/03\/Rule-of-thirds-Thumbnail-new-1-3-800x533-1.jpg 800w\" sizes=\"auto, (max-width: 300px) 100vw, 300px\" \/><\/h3>\n<h3><span style=\"color: #3366ff;\">&#8220;A Matem\u00e1tica e a Arte, de m\u00e3os dadas, t\u00eam contribu\u00eddo para o desenvolvimento da humanidade. Temos que investir mais em Matem\u00e1tica e Arte para manter viva a criatividade humana, hoje levada ao limite pelas nossas pr\u00f3prias cria\u00e7\u00f5es!\u201d<\/span><\/h3>\n<h3 style=\"text-align: right;\"><span style=\"color: #3366ff;\"><strong>Bet\u00fcl Tanbay<\/strong>, matem\u00e1tico e presidente da Uni\u00e3o Internacional da Matem\u00e1tica<\/span><\/h3>\n<h3>\u00a0 \u00a0 \u00a0 \u00a0 \u00a0 O <strong>Dia Internacional da Matem\u00e1tica<\/strong>\u00a0\u00e9 celebrado anualmente no dia <strong>14 de mar\u00e7o<\/strong>. Neste ano de 2025, o tema proposto para a data foi &#8220;<strong>Matem\u00e1tica, Criatividade e Arte&#8221;<\/strong>.<\/h3>\n<p>&nbsp;<\/p>\n<h3>\u00a0 \u00a0 \u00a0 \u00a0 \u00a0<span style=\"font-size: 16px;\">A MATEM\u00c1TICA E A POESIA : As medidas de um poema<\/span><\/h3>\n<h3>https:\/\/www.instagram.com\/p\/CqEBUkvv7gD\/?utm_source=ig_web_copy_link&amp;igsh=MzRlODBiNWFlZA==<\/h3>\n<h3>T\u00d3PICOS: N\u00fameros<br \/>\nS\u00c9RIES: Todas<\/h3>\n<h3>Os poemas podem ser classificados de acordo com a quantidade de versos em cada estrofe, quantidade de s\u00edlabas m\u00e9tricas em cada verso e o tipo de rima. Observe o poema \u201cSoneto da Felicidade\u201d, escrito por Vin\u00edcius de Moraes. Ele possui 14 versos decass\u00edlabos divididos em 2 quadras e 2 tercetos. Ou seja, \u00e9 um poema com 14 versos de 10 s\u00edlabas m\u00e9tricas , distribu\u00eddos em duas estrofes de 4 versos e duas estrofes de 3 versos.<\/h3>\n<h3 style=\"text-align: center;\">Soneto de Fidelidade<\/h3>\n<h3 style=\"text-align: center;\">De tudo ao meu amor serei atento<br \/>\nAntes, e com tal zelo, e sempre, e tanto<br \/>\nQue mesmo em face do maior encanto<br \/>\nDele se encante mais meu pensamento.<\/h3>\n<h3 style=\"text-align: center;\">Quero viv\u00ea-lo em cada v\u00e3o momento<br \/>\nE em seu louvor hei de espalhar meu canto<br \/>\nE rir meu riso e derramar meu pranto<br \/>\nAo seu pesar ou seu contentamento<\/h3>\n<h3 style=\"text-align: center;\">E assim, quando mais tarde me procure<br \/>\nQuem sabe a morte, ang\u00fastia de quem vive<br \/>\nQuem sabe a solid\u00e3o, fim de quem ama<\/h3>\n<h3 style=\"text-align: center;\">Eu possa me dizer do amor (que tive):<br \/>\nQue n\u00e3o seja imortal, posto que \u00e9 chama<br \/>\nMas que seja infinito enquanto dure.<\/h3>\n<figure id=\"attachment_3556\" aria-describedby=\"caption-attachment-3556\" style=\"width: 279px\" class=\"wp-caption aligncenter\"><img loading=\"lazy\" decoding=\"async\" class=\" wp-image-3556\" src=\"https:\/\/jornaloassobio.pt\/wp-content\/uploads\/2025\/03\/regra-dos-tercos-imagem-3-200x300.jpg\" alt=\"\" width=\"279\" height=\"419\" srcset=\"https:\/\/jornaloassobio.pt\/wp-content\/uploads\/2025\/03\/regra-dos-tercos-imagem-3-200x300.jpg 200w, https:\/\/jornaloassobio.pt\/wp-content\/uploads\/2025\/03\/regra-dos-tercos-imagem-3-683x1024.jpg 683w, https:\/\/jornaloassobio.pt\/wp-content\/uploads\/2025\/03\/regra-dos-tercos-imagem-3-768x1152.jpg 768w, https:\/\/jornaloassobio.pt\/wp-content\/uploads\/2025\/03\/regra-dos-tercos-imagem-3.jpg 800w\" sizes=\"auto, (max-width: 279px) 100vw, 279px\" \/><figcaption id=\"caption-attachment-3556\" class=\"wp-caption-text\">xr:d:DAFRoM3BTcI:4,j:40633077756,t:22111108<\/figcaption><\/figure>\n<h3>\u00a0A MATEM\u00c1TICA E A FOTOGRAFIA : A regra dos ter\u00e7os<\/h3>\n<h3>https:\/\/www.instagram.com\/reel\/C-3hj7gv8XZ\/?utm_source=ig_web_copy_link&amp;igsh=MzRlODBiNWFlZA==<\/h3>\n<h3>\nT\u00d3PICOS: Fra\u00e7\u00e3o<br \/>\nS\u00c9RIES: Todas<br \/>\nEssa t\u00e9cnica \u00e9 uma simplifica\u00e7\u00e3o da propor\u00e7\u00e3o \u00e1urea, considerada um s\u00edmbolo de harmonia e beleza est\u00e9tica. Consiste em dividir uma imagem em 3 partes horizontais do mesmo comprimento e 3 partes verticais do mesmo comprimento. Assim, formamos 9 ret\u00e2ngulos e 4 pontos centrais. Esses pontos s\u00e3o as \u00e1reas de maior destaque, chamando a aten\u00e7\u00e3o dos olhos humanos. Para uma boa composi\u00e7\u00e3o, portanto, podemos posicionar o elemento principal da imagem nessas regi\u00f5es.<\/h3>\n<h3><a href=\"https:\/\/jornaloassobio.pt\/wp-content\/uploads\/2025\/03\/idm-school-program-2025-pt.pdf\">idm-school-program-2025-pt<\/a> <a href=\"https:\/\/jornaloassobio.pt\/wp-content\/uploads\/2025\/03\/Especial-MM-para-o-Dia-Internacional-da-Matematica-1.pdf\">Especial-MM-para-o-Dia-Internacional-da-Matematica (1)<\/a><\/h3>\n        <div class=\"booster-block booster-reactions-block\">\r\n            <div class=\"twp-reactions-icons\">\r\n                \r\n                <div class=\"twp-reacts-wrap\">\r\n                    <a react-data=\"be-react-1\" post-id=\"3553\" class=\"be-face-icons un-reacted\" href=\"javascript:void(0)\">\r\n                        <img decoding=\"async\" src=\"https:\/\/jornaloassobio.pt\/wp-content\/plugins\/booster-extension\/\/assets\/icon\/happy.svg\" alt=\"Happy\">\r\n                    <\/a>\r\n                    <div class=\"twp-reaction-title\">\r\n                        Happy                    <\/div>\r\n                    <div class=\"twp-count-percent\">\r\n                                                    <span style=\"display: none;\" class=\"twp-react-count\">0<\/span>\r\n                        \r\n                                                <span class=\"twp-react-percent\"><span>0<\/span> %<\/span>\r\n                                            <\/div>\r\n                <\/div>\r\n\r\n                <div class=\"twp-reacts-wrap\">\r\n                    <a react-data=\"be-react-2\" post-id=\"3553\" class=\"be-face-icons un-reacted\" href=\"javascript:void(0)\">\r\n                        <img decoding=\"async\" src=\"https:\/\/jornaloassobio.pt\/wp-content\/plugins\/booster-extension\/\/assets\/icon\/sad.svg\" alt=\"Sad\">\r\n                    <\/a>\r\n                    <div class=\"twp-reaction-title\">\r\n                        Sad                    <\/div>\r\n                    <div class=\"twp-count-percent\">\r\n                                                    <span style=\"display: none;\" class=\"twp-react-count\">0<\/span>\r\n                                                                        <span class=\"twp-react-percent\"><span>0<\/span> %<\/span>\r\n                                            <\/div>\r\n                <\/div>\r\n\r\n                <div class=\"twp-reacts-wrap\">\r\n                    <a react-data=\"be-react-3\" post-id=\"3553\" class=\"be-face-icons un-reacted\" href=\"javascript:void(0)\">\r\n                        <img decoding=\"async\" src=\"https:\/\/jornaloassobio.pt\/wp-content\/plugins\/booster-extension\/\/assets\/icon\/excited.svg\" alt=\"Excited\">\r\n                    <\/a>\r\n                    <div class=\"twp-reaction-title\">\r\n                        Excited                    <\/div>\r\n                    <div class=\"twp-count-percent\">\r\n                                                    <span style=\"display: none;\" class=\"twp-react-count\">0<\/span>\r\n                                                                        <span class=\"twp-react-percent\"><span>0<\/span> %<\/span>\r\n                                            <\/div>\r\n                <\/div>\r\n\r\n                <div class=\"twp-reacts-wrap\">\r\n                    <a react-data=\"be-react-6\" post-id=\"3553\" class=\"be-face-icons un-reacted\" href=\"javascript:void(0)\">\r\n                        <img decoding=\"async\" src=\"https:\/\/jornaloassobio.pt\/wp-content\/plugins\/booster-extension\/\/assets\/icon\/sleepy.svg\" alt=\"Sleepy\">\r\n                    <\/a>\r\n                    <div class=\"twp-reaction-title\">\r\n                        Sleepy                    <\/div>\r\n                    <div class=\"twp-count-percent\">\r\n                                                    <span style=\"display: none;\" class=\"twp-react-count\">0<\/span>\r\n                        \r\n                                                <span class=\"twp-react-percent\"><span>0<\/span> %<\/span>\r\n                                            <\/div>\r\n                <\/div>\r\n\r\n                <div class=\"twp-reacts-wrap\">\r\n                    <a react-data=\"be-react-4\" post-id=\"3553\" class=\"be-face-icons un-reacted\" href=\"javascript:void(0)\">\r\n                        <img decoding=\"async\" src=\"https:\/\/jornaloassobio.pt\/wp-content\/plugins\/booster-extension\/\/assets\/icon\/angry.svg\" alt=\"Angry\">\r\n                    <\/a>\r\n                    <div class=\"twp-reaction-title\">Angry<\/div>\r\n                    <div class=\"twp-count-percent\">\r\n                                                    <span style=\"display: none;\" class=\"twp-react-count\">0<\/span>\r\n                                                                        <span class=\"twp-react-percent\"><span>0<\/span> %<\/span>\r\n                        \r\n                    <\/div>\r\n                <\/div>\r\n\r\n                <div class=\"twp-reacts-wrap\">\r\n                    <a react-data=\"be-react-5\" post-id=\"3553\" class=\"be-face-icons un-reacted\" href=\"javascript:void(0)\">\r\n                        <img decoding=\"async\" src=\"https:\/\/jornaloassobio.pt\/wp-content\/plugins\/booster-extension\/\/assets\/icon\/surprise.svg\" alt=\"Surprise\">\r\n                    <\/a>\r\n                    <div class=\"twp-reaction-title\">Surprise<\/div>\r\n                    <div class=\"twp-count-percent\">\r\n                                                    <span style=\"display: none;\" class=\"twp-react-count\">0<\/span>\r\n                                                                        <span class=\"twp-react-percent\"><span>0<\/span> %<\/span>\r\n                                            <\/div>\r\n                <\/div>\r\n\r\n            <\/div>\r\n        <\/div>\r\n\r\n    ","protected":false},"excerpt":{"rendered":"<p>&#8220;A Matem\u00e1tica e a Arte, de m\u00e3os dadas, t\u00eam contribu\u00eddo para o desenvolvimento da humanidade. Temos que investir mais em Matem\u00e1tica e Arte para manter viva a criatividade humana, hoje levada ao limite pelas nossas pr\u00f3prias cria\u00e7\u00f5es!\u201d Bet\u00fcl Tanbay, matem\u00e1tico e presidente da Uni\u00e3o Internacional da Matem\u00e1tica \u00a0 \u00a0 \u00a0 \u00a0 \u00a0 O Dia Internacional [&hellip;]<\/p>\n","protected":false},"author":6,"featured_media":3561,"comment_status":"open","ping_status":"open","sticky":false,"template":"","format":"standard","meta":{"footnotes":""},"categories":[4],"tags":[],"class_list":["post-3553","post","type-post","status-publish","format-standard","has-post-thumbnail","hentry","category-noticias"],"_links":{"self":[{"href":"https:\/\/jornaloassobio.pt\/index.php?rest_route=\/wp\/v2\/posts\/3553","targetHints":{"allow":["GET"]}}],"collection":[{"href":"https:\/\/jornaloassobio.pt\/index.php?rest_route=\/wp\/v2\/posts"}],"about":[{"href":"https:\/\/jornaloassobio.pt\/index.php?rest_route=\/wp\/v2\/types\/post"}],"author":[{"embeddable":true,"href":"https:\/\/jornaloassobio.pt\/index.php?rest_route=\/wp\/v2\/users\/6"}],"replies":[{"embeddable":true,"href":"https:\/\/jornaloassobio.pt\/index.php?rest_route=%2Fwp%2Fv2%2Fcomments&post=3553"}],"version-history":[{"count":10,"href":"https:\/\/jornaloassobio.pt\/index.php?rest_route=\/wp\/v2\/posts\/3553\/revisions"}],"predecessor-version":[{"id":3608,"href":"https:\/\/jornaloassobio.pt\/index.php?rest_route=\/wp\/v2\/posts\/3553\/revisions\/3608"}],"wp:featuredmedia":[{"embeddable":true,"href":"https:\/\/jornaloassobio.pt\/index.php?rest_route=\/wp\/v2\/media\/3561"}],"wp:attachment":[{"href":"https:\/\/jornaloassobio.pt\/index.php?rest_route=%2Fwp%2Fv2%2Fmedia&parent=3553"}],"wp:term":[{"taxonomy":"category","embeddable":true,"href":"https:\/\/jornaloassobio.pt\/index.php?rest_route=%2Fwp%2Fv2%2Fcategories&post=3553"},{"taxonomy":"post_tag","embeddable":true,"href":"https:\/\/jornaloassobio.pt\/index.php?rest_route=%2Fwp%2Fv2%2Ftags&post=3553"}],"curies":[{"name":"wp","href":"https:\/\/api.w.org\/{rel}","templated":true}]}}