{"id":3571,"date":"2025-03-17T09:21:04","date_gmt":"2025-03-17T09:21:04","guid":{"rendered":"https:\/\/jornaloassobio.pt\/?p=3571"},"modified":"2025-03-19T10:30:51","modified_gmt":"2025-03-19T10:30:51","slug":"entre-olhares-cinema-e-interculturalidade-lista-de-filmes","status":"publish","type":"post","link":"https:\/\/jornaloassobio.pt\/?p=3571","title":{"rendered":"ENTRE OLHARES &#8211; Cinema e Interculturalidade (filmes mo\u00e7ambicanos)"},"content":{"rendered":"<div class='booster-block booster-read-block'>\r\n                <div class=\"twp-read-time\">\r\n                \t<i class=\"booster-icon twp-clock\"><\/i> <span>Read Time:<\/span>1 Minute, 59 Second                <\/div>\r\n\r\n            <\/div><h3 style=\"text-align: center;\"><img loading=\"lazy\" decoding=\"async\" class=\"alignnone wp-image-3630\" src=\"https:\/\/jornaloassobio.pt\/wp-content\/uploads\/2025\/03\/Black-and-White-Typography-Abstract-Art-Movie-Night-Poster_page-0001-212x300.jpg\" alt=\"\" width=\"301\" height=\"426\" srcset=\"https:\/\/jornaloassobio.pt\/wp-content\/uploads\/2025\/03\/Black-and-White-Typography-Abstract-Art-Movie-Night-Poster_page-0001-212x300.jpg 212w, https:\/\/jornaloassobio.pt\/wp-content\/uploads\/2025\/03\/Black-and-White-Typography-Abstract-Art-Movie-Night-Poster_page-0001-724x1024.jpg 724w, https:\/\/jornaloassobio.pt\/wp-content\/uploads\/2025\/03\/Black-and-White-Typography-Abstract-Art-Movie-Night-Poster_page-0001-768x1086.jpg 768w, https:\/\/jornaloassobio.pt\/wp-content\/uploads\/2025\/03\/Black-and-White-Typography-Abstract-Art-Movie-Night-Poster_page-0001-1086x1536.jpg 1086w, https:\/\/jornaloassobio.pt\/wp-content\/uploads\/2025\/03\/Black-and-White-Typography-Abstract-Art-Movie-Night-Poster_page-0001-1448x2048.jpg 1448w, https:\/\/jornaloassobio.pt\/wp-content\/uploads\/2025\/03\/Black-and-White-Typography-Abstract-Art-Movie-Night-Poster_page-0001-scaled.jpg 1810w\" sizes=\"auto, (max-width: 301px) 100vw, 301px\" \/><\/h3>\n<h3><\/h3>\n<h3 style=\"text-align: center;\"><img loading=\"lazy\" decoding=\"async\" class=\"alignnone size-medium wp-image-3584\" src=\"https:\/\/jornaloassobio.pt\/wp-content\/uploads\/2025\/03\/34252_44146_72157-300x168.webp\" alt=\"\" width=\"300\" height=\"168\" srcset=\"https:\/\/jornaloassobio.pt\/wp-content\/uploads\/2025\/03\/34252_44146_72157-300x168.webp 300w, https:\/\/jornaloassobio.pt\/wp-content\/uploads\/2025\/03\/34252_44146_72157-1024x573.webp 1024w, https:\/\/jornaloassobio.pt\/wp-content\/uploads\/2025\/03\/34252_44146_72157-768x430.webp 768w, https:\/\/jornaloassobio.pt\/wp-content\/uploads\/2025\/03\/34252_44146_72157.webp 1200w\" sizes=\"auto, (max-width: 300px) 100vw, 300px\" \/><img loading=\"lazy\" decoding=\"async\" class=\"alignnone size-medium wp-image-3585\" src=\"https:\/\/jornaloassobio.pt\/wp-content\/uploads\/2025\/03\/Thumbnail-300x169.png\" alt=\"\" width=\"300\" height=\"169\" srcset=\"https:\/\/jornaloassobio.pt\/wp-content\/uploads\/2025\/03\/Thumbnail-300x169.png 300w, https:\/\/jornaloassobio.pt\/wp-content\/uploads\/2025\/03\/Thumbnail-768x432.png 768w, https:\/\/jornaloassobio.pt\/wp-content\/uploads\/2025\/03\/Thumbnail.png 1024w\" sizes=\"auto, (max-width: 300px) 100vw, 300px\" \/><\/h3>\n<h3 style=\"text-align: center;\">Ciclo de Cinema \u201cEntre Olhares\u201d<\/h3>\n<h3 style=\"text-align: center;\">Cinema e interculturalidade (integrado no projeto de interculturalidade<em> Entre Olhares<\/em>)<\/h3>\n<h3 style=\"text-align: left;\">Lista de Filmes<\/h3>\n<h3><strong>\u00a0<\/strong><span style=\"color: #ff0000;\"><strong>Mo\u00e7ambique<\/strong><strong>:<\/strong><\/span><\/h3>\n<h3><em><strong>&#8211; <span style=\"color: #ff0000;\">Mabata Bata<\/span><\/strong><\/em>, de Sol de Carvalho , 2017, 1h e 14min, M14<\/h3>\n<h3>Sinopse<\/h3>\n<h3>Baseado no conto de Mia Couto, &#8220;O Dia Em Que Explodiu Mabata Bata&#8221;,\u00a0escrito em 1986. Conta a hist\u00f3ria de Azarias, um jovem pastor \u00f3rf\u00e3o que sonha ser uma crian\u00e7a normal e poder ir \u00e0 escola.<br \/>\nUm dia, o melhor boi da manada pisa uma mina deixada pelos combatentes da guerra que decorre no pa\u00eds e explode. Temendo as repres\u00e1lias do tio, o menino decide fugir e embrenhar-se na floresta levando consigo os bois restantes. A fam\u00edlia parte em sua busca, para resgat\u00e1-lo e convenc\u00ea-lo a voltar.<\/h3>\n<h3>Biografia do Realizador<\/h3>\n<h3>Sol de Carvalho \u00e9 um realizador mo\u00e7ambicano, nascido em 1961. Ele destacou-se no cinema de Mo\u00e7ambique com um trabalho focado na identidade cultural e nas quest\u00f5es sociais do pa\u00eds. A sua obra aborda temas como a luta pela independ\u00eancia, o p\u00f3s-independ\u00eancia e os desafios enfrentados pela sociedade mo\u00e7ambicana. Sol de Carvalho tem sido uma figura importante na promo\u00e7\u00e3o e desenvolvimento do cinema em Mo\u00e7ambique, ajudando a dar visibilidade \u00e0s realidades do pa\u00eds. A sua contribui\u00e7\u00e3o \u00e9 essencial para o cinema africano, embora ainda haja pouca informa\u00e7\u00e3o acess\u00edvel sobre a sua obra.<\/h3>\n<h3><em><strong>&#8211; <span style=\"color: #ff0000;\">Virgem Margarida<\/span>,<\/strong><\/em> de Lic\u00ednio de Azevedo , 2012, 1h 27min, M12<\/h3>\n<h3>Sinopse<\/h3>\n<h3>1975, Mo\u00e7ambique renasce. A jovem revolu\u00e7\u00e3o limpa as ruas da capital das prostitutas e dos lugares de prazer. Estas mulheres s\u00e3o amontoadas em autocarros e enviadas para o norte do pa\u00eds, para um campo de reeduca\u00e7\u00e3o onde dever\u00e3o aprender, \u00e0 for\u00e7a, a serem novas mulheres. Uma camponesa de 16 anos, Margarida, tamb\u00e9m \u00e9 levada por engano. Esta \u00e9 a sua hist\u00f3ria. Mulheres fortes, revoltadas, unidas pela adversidade.<\/h3>\n<h3>Biografia do Realizador<\/h3>\n<h3>Lic\u00ednio Azevedo (Porto Alegre, 1951) \u00e9 cineasta e escritor mo\u00e7ambicano. Faz parte da gera\u00e7\u00e3o de cineastas formada no Instituto Nacional de Cinema de Mo\u00e7ambique, nos anos que se seguiram \u00e0 Independ\u00eancia, com a interven\u00e7\u00e3o de diferentes realizadores, entre eles Ruy Guerra, Godard e Jean Rouch. Como escritor e como cineasta, a sua obra \u00e9 estreitamente ligada \u00e0 realidade do pa\u00eds e aos diversos momentos da sua conturbada evolu\u00e7\u00e3o. Entre o document\u00e1rio e a fic\u00e7\u00e3o, Lic\u00ednio mistura ambos os g\u00e9neros, inspirando-se sempre em acontecimentos narrativos e personagens cativantes. \u00c9 um dos mais marcantes cineastas africanos da atualidade.<\/h3>\n<h2><\/h2>\n        <div class=\"booster-block booster-reactions-block\">\r\n            <div class=\"twp-reactions-icons\">\r\n                \r\n                <div class=\"twp-reacts-wrap\">\r\n                    <a react-data=\"be-react-1\" post-id=\"3571\" class=\"be-face-icons un-reacted\" href=\"javascript:void(0)\">\r\n                        <img decoding=\"async\" src=\"https:\/\/jornaloassobio.pt\/wp-content\/plugins\/booster-extension\/\/assets\/icon\/happy.svg\" alt=\"Happy\">\r\n                    <\/a>\r\n                    <div class=\"twp-reaction-title\">\r\n                        Happy                    <\/div>\r\n                    <div class=\"twp-count-percent\">\r\n                                                    <span style=\"display: none;\" class=\"twp-react-count\">0<\/span>\r\n                        \r\n                                                <span class=\"twp-react-percent\"><span>0<\/span> %<\/span>\r\n                                            <\/div>\r\n                <\/div>\r\n\r\n                <div class=\"twp-reacts-wrap\">\r\n                    <a react-data=\"be-react-2\" post-id=\"3571\" class=\"be-face-icons un-reacted\" href=\"javascript:void(0)\">\r\n                        <img decoding=\"async\" src=\"https:\/\/jornaloassobio.pt\/wp-content\/plugins\/booster-extension\/\/assets\/icon\/sad.svg\" alt=\"Sad\">\r\n                    <\/a>\r\n                    <div class=\"twp-reaction-title\">\r\n                        Sad                    <\/div>\r\n                    <div class=\"twp-count-percent\">\r\n                                                    <span style=\"display: none;\" class=\"twp-react-count\">0<\/span>\r\n                                                                        <span class=\"twp-react-percent\"><span>0<\/span> %<\/span>\r\n                                            <\/div>\r\n                <\/div>\r\n\r\n                <div class=\"twp-reacts-wrap\">\r\n                    <a react-data=\"be-react-3\" post-id=\"3571\" class=\"be-face-icons un-reacted\" href=\"javascript:void(0)\">\r\n                        <img decoding=\"async\" src=\"https:\/\/jornaloassobio.pt\/wp-content\/plugins\/booster-extension\/\/assets\/icon\/excited.svg\" alt=\"Excited\">\r\n                    <\/a>\r\n                    <div class=\"twp-reaction-title\">\r\n                        Excited                    <\/div>\r\n                    <div class=\"twp-count-percent\">\r\n                                                    <span style=\"display: none;\" class=\"twp-react-count\">0<\/span>\r\n                                                                        <span class=\"twp-react-percent\"><span>0<\/span> %<\/span>\r\n                                            <\/div>\r\n                <\/div>\r\n\r\n                <div class=\"twp-reacts-wrap\">\r\n                    <a react-data=\"be-react-6\" post-id=\"3571\" class=\"be-face-icons un-reacted\" href=\"javascript:void(0)\">\r\n                        <img decoding=\"async\" src=\"https:\/\/jornaloassobio.pt\/wp-content\/plugins\/booster-extension\/\/assets\/icon\/sleepy.svg\" alt=\"Sleepy\">\r\n                    <\/a>\r\n                    <div class=\"twp-reaction-title\">\r\n                        Sleepy                    <\/div>\r\n                    <div class=\"twp-count-percent\">\r\n                                                    <span style=\"display: none;\" class=\"twp-react-count\">0<\/span>\r\n                        \r\n                                                <span class=\"twp-react-percent\"><span>0<\/span> %<\/span>\r\n                                            <\/div>\r\n                <\/div>\r\n\r\n                <div class=\"twp-reacts-wrap\">\r\n                    <a react-data=\"be-react-4\" post-id=\"3571\" class=\"be-face-icons un-reacted\" href=\"javascript:void(0)\">\r\n                        <img decoding=\"async\" src=\"https:\/\/jornaloassobio.pt\/wp-content\/plugins\/booster-extension\/\/assets\/icon\/angry.svg\" alt=\"Angry\">\r\n                    <\/a>\r\n                    <div class=\"twp-reaction-title\">Angry<\/div>\r\n                    <div class=\"twp-count-percent\">\r\n                                                    <span style=\"display: none;\" class=\"twp-react-count\">0<\/span>\r\n                                                                        <span class=\"twp-react-percent\"><span>0<\/span> %<\/span>\r\n                        \r\n                    <\/div>\r\n                <\/div>\r\n\r\n                <div class=\"twp-reacts-wrap\">\r\n                    <a react-data=\"be-react-5\" post-id=\"3571\" class=\"be-face-icons un-reacted\" href=\"javascript:void(0)\">\r\n                        <img decoding=\"async\" src=\"https:\/\/jornaloassobio.pt\/wp-content\/plugins\/booster-extension\/\/assets\/icon\/surprise.svg\" alt=\"Surprise\">\r\n                    <\/a>\r\n                    <div class=\"twp-reaction-title\">Surprise<\/div>\r\n                    <div class=\"twp-count-percent\">\r\n                                                    <span style=\"display: none;\" class=\"twp-react-count\">0<\/span>\r\n                                                                        <span class=\"twp-react-percent\"><span>0<\/span> %<\/span>\r\n                                            <\/div>\r\n                <\/div>\r\n\r\n            <\/div>\r\n        <\/div>\r\n\r\n    ","protected":false},"excerpt":{"rendered":"<p>Ciclo de Cinema \u201cEntre Olhares\u201d Cinema e interculturalidade (integrado no projeto de interculturalidade Entre Olhares) Lista de Filmes \u00a0Mo\u00e7ambique: &#8211; Mabata Bata, de Sol de Carvalho , 2017, 1h e 14min, M14 Sinopse Baseado no conto de Mia Couto, &#8220;O Dia Em Que Explodiu Mabata Bata&#8221;,\u00a0escrito em 1986. Conta a hist\u00f3ria de Azarias, um jovem [&hellip;]<\/p>\n","protected":false},"author":6,"featured_media":3630,"comment_status":"open","ping_status":"open","sticky":false,"template":"","format":"standard","meta":{"footnotes":""},"categories":[4],"tags":[],"class_list":["post-3571","post","type-post","status-publish","format-standard","has-post-thumbnail","hentry","category-noticias"],"_links":{"self":[{"href":"https:\/\/jornaloassobio.pt\/index.php?rest_route=\/wp\/v2\/posts\/3571","targetHints":{"allow":["GET"]}}],"collection":[{"href":"https:\/\/jornaloassobio.pt\/index.php?rest_route=\/wp\/v2\/posts"}],"about":[{"href":"https:\/\/jornaloassobio.pt\/index.php?rest_route=\/wp\/v2\/types\/post"}],"author":[{"embeddable":true,"href":"https:\/\/jornaloassobio.pt\/index.php?rest_route=\/wp\/v2\/users\/6"}],"replies":[{"embeddable":true,"href":"https:\/\/jornaloassobio.pt\/index.php?rest_route=%2Fwp%2Fv2%2Fcomments&post=3571"}],"version-history":[{"count":13,"href":"https:\/\/jornaloassobio.pt\/index.php?rest_route=\/wp\/v2\/posts\/3571\/revisions"}],"predecessor-version":[{"id":3634,"href":"https:\/\/jornaloassobio.pt\/index.php?rest_route=\/wp\/v2\/posts\/3571\/revisions\/3634"}],"wp:featuredmedia":[{"embeddable":true,"href":"https:\/\/jornaloassobio.pt\/index.php?rest_route=\/wp\/v2\/media\/3630"}],"wp:attachment":[{"href":"https:\/\/jornaloassobio.pt\/index.php?rest_route=%2Fwp%2Fv2%2Fmedia&parent=3571"}],"wp:term":[{"taxonomy":"category","embeddable":true,"href":"https:\/\/jornaloassobio.pt\/index.php?rest_route=%2Fwp%2Fv2%2Fcategories&post=3571"},{"taxonomy":"post_tag","embeddable":true,"href":"https:\/\/jornaloassobio.pt\/index.php?rest_route=%2Fwp%2Fv2%2Ftags&post=3571"}],"curies":[{"name":"wp","href":"https:\/\/api.w.org\/{rel}","templated":true}]}}