{"id":3648,"date":"2025-03-21T10:44:38","date_gmt":"2025-03-21T10:44:38","guid":{"rendered":"https:\/\/jornaloassobio.pt\/?p=3648"},"modified":"2025-03-21T10:46:56","modified_gmt":"2025-03-21T10:46:56","slug":"dia-mundial-da-poesia-e-da-arvore-poemas-com-arvores","status":"publish","type":"post","link":"https:\/\/jornaloassobio.pt\/?p=3648","title":{"rendered":"DIA MUNDIAL DA POESIA E DA \u00c1RVORE &#8211; poemas com \u00e1rvores"},"content":{"rendered":"<div class='booster-block booster-read-block'>\r\n                <div class=\"twp-read-time\">\r\n                \t<i class=\"booster-icon twp-clock\"><\/i> <span>Read Time:<\/span>3 Minute, 56 Second                <\/div>\r\n\r\n            <\/div><p><img loading=\"lazy\" decoding=\"async\" class=\" wp-image-3649 aligncenter\" src=\"https:\/\/jornaloassobio.pt\/wp-content\/uploads\/2025\/03\/21734481_4FOGP-1-300x198.jpeg\" alt=\"\" width=\"377\" height=\"249\" srcset=\"https:\/\/jornaloassobio.pt\/wp-content\/uploads\/2025\/03\/21734481_4FOGP-1-300x198.jpeg 300w, https:\/\/jornaloassobio.pt\/wp-content\/uploads\/2025\/03\/21734481_4FOGP-1.jpeg 362w\" sizes=\"auto, (max-width: 377px) 100vw, 377px\" \/><\/p>\n<div class=\"wpb_text_column wpb_content_element\">\n<div class=\"wpb_wrapper\">\n<h4>\u00a0<span style=\"color: #003300;\">\u00c1rvore<\/span><\/h4>\n<div class=\"wpb_text_column wpb_content_element\">\n<div class=\"wpb_wrapper\">\n<p><span style=\"color: #008000;\">Um passarinho pediu a meu irm\u00e3o para ser uma \u00e1rvore.<\/span><br \/>\n<span style=\"color: #008000;\">Meu irm\u00e3o aceitou de ser a \u00e1rvore daquele passarinho.<\/span><br \/>\n<span style=\"color: #008000;\">No est\u00e1gio de ser essa \u00e1rvore, meu irm\u00e3o aprendeu de sol,<\/span><br \/>\n<span style=\"color: #008000;\">de c\u00e9u e de lua mais do que na escola.<\/span><\/p>\n<p><span style=\"color: #008000;\">No est\u00e1gio de ser \u00e1rvore meu irm\u00e3o aprendeu para santo<\/span><br \/>\n<span style=\"color: #008000;\">mais do que os padres lhes ensinavam no internato.<\/span><br \/>\n<span style=\"color: #008000;\">Aprendeu com a natureza o perfume de Deus.<\/span><br \/>\n<span style=\"color: #008000;\">Seu olho no est\u00e1gio de ser \u00e1rvore, aprendeu melhor o azul.<\/span><br \/>\n<span style=\"color: #008000;\">E descobriu que uma casa vazia de cigarra, esquecida no tronco das \u00e1rvores s\u00f3 serve para poesia.<\/span><\/p>\n<p><span style=\"color: #008000;\">No est\u00e1gio de ser \u00e1rvore meu irm\u00e3o descobriu que as \u00e1rvores<\/span><br \/>\n<span style=\"color: #008000;\">s\u00e3o vaidosas. Que justamente aquela \u00e1rvore na qual meu irm\u00e3o<\/span><br \/>\n<span style=\"color: #008000;\">se transformara, envaidecia-se quando era nomeada para o<\/span><br \/>\n<span style=\"color: #008000;\">entardecer dos p\u00e1ssaros e tinha ci\u00fames da brancura que os<\/span><br \/>\n<span style=\"color: #008000;\">l\u00edrios deixavam nos brejos.<\/span><br \/>\n<span style=\"color: #008000;\">Meu irm\u00e3o agradecia a Deus aquela perman\u00eancia em \u00e1rvore<\/span><br \/>\n<span style=\"color: #008000;\">porque fez amizade com as borboletas.<\/span><\/p>\n<p><span style=\"color: #008000;\"><strong><em>Manoel de Barros, in \u201cPoesias Completas\u201d<\/em><\/strong><\/span><\/p>\n<\/div>\n<\/div>\n<div class=\"wpb_text_column wpb_content_element\">\n<div class=\"wpb_wrapper\">\n<p><span style=\"color: #008000;\"><em><strong>Sabia que\u2026<\/strong><\/em><\/span><br \/>\n<span style=\"color: #008000;\"><a style=\"color: #008000;\" href=\"https:\/\/www.todamateria.com.br\/manoel-de-barros\/\" target=\"_blank\" rel=\"noopener\">Manoel de Barros<\/a> (1916-2014) nasceu no Brasil e foi advogado, fazendeiro e um dos grandes poetas brasileiros. Escreveu o seu primeiro poema aos 19 anos. O seu primeiro livro premiado, em 1960, foi \u201cComp\u00eandio Para Uso dos P\u00e1ssaros\u201d, galardoado com o Pr\u00e9mio Orlando Dantas, atribu\u00eddo pela Academia Brasileira de Letras.<\/span><\/p>\n<p>&nbsp;<\/p>\n<div class=\"wpb_text_column wpb_content_element\">\n<div class=\"wpb_wrapper\">\n<h4><span style=\"color: #003300;\">As flores do jacarand\u00e1<\/span><\/h4>\n<\/div>\n<\/div>\n<div class=\"wpb_text_column wpb_content_element\">\n<div class=\"wpb_wrapper\">\n<p><span style=\"color: #008000;\">O jacarand\u00e1 florido<\/span><br \/>\n<span style=\"color: #008000;\">Brando cantar trazia<\/span><br \/>\n<span style=\"color: #008000;\">Branda a viola da noite<\/span><br \/>\n<span style=\"color: #008000;\">Branda a flauta do dia<\/span><\/p>\n<p><span style=\"color: #008000;\">O jacarand\u00e1 florido<\/span><br \/>\n<span style=\"color: #008000;\">Brando cantar trazia<\/span><br \/>\n<span style=\"color: #008000;\">O vinho doce da noite<\/span><br \/>\n<span style=\"color: #008000;\">A \u00e1gua clara do dia<\/span><\/p>\n<p><span style=\"color: #008000;\">Quem o olhava bebia<\/span><br \/>\n<span style=\"color: #008000;\">Quem o olhava escutava<\/span><br \/>\n<span style=\"color: #008000;\">O jacarand\u00e1 florido<\/span><br \/>\n<span style=\"color: #008000;\">Que o sil\u00eancio cantava<\/span><\/p>\n<p><span style=\"color: #008000;\"><strong><em>Matilde Rosa Ara\u00fajo, in \u201cAs Fadas Verdes\u201d<\/em><\/strong><\/span><\/p>\n<\/div>\n<\/div>\n<div class=\"wpb_text_column wpb_content_element\">\n<div class=\"wpb_wrapper\">\n<p><span style=\"color: #008000;\"><em><strong>Sabia que\u2026<\/strong><\/em><\/span><br \/>\n<span style=\"color: #008000;\">Matilde Rosa Ara\u00fajo (1921-2010), nasceu numa quinta, no meio de \u00e1rvores, flores e animais. Foi\u00a0<a style=\"color: #008000;\" href=\"http:\/\/livro.dglab.gov.pt\/sites\/DGLB\/Portugues\/autores\/Paginas\/PesquisaAutores1.aspx?AutorId=9331\" target=\"_blank\" rel=\"noopener\">ficcionista, poetisa, cronista, professora e pedagoga<\/a>. O seu livro \u201cFadas Verdes\u201d \u00e9 leitura obrigat\u00f3ria no terceiro ano de escolaridade do Ensino B\u00e1sico.<\/span><\/p>\n<p>&nbsp;<\/p>\n<p><span style=\"color: #003300;\">A fermosura desta fresca serra<\/span><\/p>\n<\/div>\n<\/div>\n<div class=\"wpb_text_column wpb_content_element\">\n<div><\/div>\n<\/div>\n<\/div>\n<\/div>\n<\/div>\n<\/div>\n<div class=\"wpb_text_column wpb_content_element\">\n<div class=\"wpb_wrapper\">\n<p><span style=\"color: #008000;\">A fermosura desta fresca serra,<\/span><br \/>\n<span style=\"color: #008000;\">E a sombra dos verdes castanheiros,<\/span><br \/>\n<span style=\"color: #008000;\">O manso caminhar destes ribeiros,<\/span><br \/>\n<span style=\"color: #008000;\">Donde toda a tristeza se desterra;<\/span><\/p>\n<p><span style=\"color: #008000;\">O rouco som do mar, a estranha terra,<\/span><br \/>\n<span style=\"color: #008000;\">O esconder do Sol pelos outeiros,<\/span><br \/>\n<span style=\"color: #008000;\">O recolher dos gados derradeiros,<\/span><br \/>\n<span style=\"color: #008000;\">Das nuvens pelo ar a branda guerra;<\/span><\/p>\n<p><span style=\"color: #008000;\">Enfim, tudo o que a rara natureza<\/span><br \/>\n<span style=\"color: #008000;\">Com tanta variedade nos oferece,<\/span><br \/>\n<span style=\"color: #008000;\">Me est\u00e1 se n\u00e3o te vejo magoando.<\/span><\/p>\n<p><span style=\"color: #008000;\">Sem ti, tudo me enoja e me aborrece;<\/span><br \/>\n<span style=\"color: #008000;\">Sem ti, perpetuamente estou passando<\/span><br \/>\n<span style=\"color: #008000;\">Nas mores alegrias, mor tristeza.<\/span><\/p>\n<p><span style=\"color: #008000;\"><strong><em>Lu\u00eds Vaz de Cam\u00f5es, in \u201cSonetos\u201d<\/em><\/strong><\/span><\/p>\n<\/div>\n<\/div>\n<div class=\"wpb_text_column wpb_content_element\">\n<div class=\"wpb_wrapper\">\n<p><span style=\"color: #008000;\"><strong><em>Sabia que\u2026<\/em><\/strong><\/span><br \/>\n<span style=\"color: #008000;\">Lu\u00eds Vaz de Cam\u00f5es (1524-1580) \u00e9 um nome incontorn\u00e1vel da\u00a0<a style=\"color: #008000;\" href=\"http:\/\/cvc.instituto-camoes.pt\/literatura\/CAMOES.HTM\" target=\"_blank\" rel=\"noopener\">hist\u00f3ria da literatura portuguesa<\/a>\u00a0e autor de variad\u00edssimos sonetos que abordam o amor e a natureza, bem como do poema \u00e9pico \u201cOs Lus\u00edadas\u201d, a grande epopeia da literatura portuguesa que relata e celebra as conquistas mar\u00edtimas durante a \u00e9poca dos Descobrimentos.<\/span><\/p>\n<p>&nbsp;<\/p>\n<div class=\"wpb_text_column wpb_content_element\">\n<div class=\"wpb_wrapper\">\n<h4><span style=\"color: #008000;\"><span style=\"color: #003300;\">Como um vento na florest<\/span>a<\/span><\/h4>\n<\/div>\n<\/div>\n<div class=\"wpb_text_column wpb_content_element\">\n<div class=\"wpb_wrapper\">\n<p><span style=\"color: #008000;\">Como um vento na floresta,<\/span><br \/>\n<span style=\"color: #008000;\">Minha emo\u00e7\u00e3o n\u00e3o tem fim.<\/span><br \/>\n<span style=\"color: #008000;\">Nada sou, nada me resta.<\/span><br \/>\n<span style=\"color: #008000;\">N\u00e3o sei quem sou para mim.<\/span><\/p>\n<p><span style=\"color: #008000;\">E como entre os arvoredos<\/span><br \/>\n<span style=\"color: #008000;\">H\u00e1 grandes sons de folhagem,<\/span><br \/>\n<span style=\"color: #008000;\">Tamb\u00e9m agito segredos<\/span><br \/>\n<span style=\"color: #008000;\">No fundo da minha imagem.<\/span><\/p>\n<p><span style=\"color: #008000;\">E o grande ru\u00eddo do vento<\/span><br \/>\n<span style=\"color: #008000;\">Que as folhas cobrem de som<\/span><br \/>\n<span style=\"color: #008000;\">Despe-me do pensamento:<\/span><br \/>\n<span style=\"color: #008000;\">Sou ningu\u00e9m, temo ser bom.<\/span><\/p>\n<p><span style=\"color: #008000;\"><strong><em>Fernando Pessoa, in \u201cPoesias In\u00e9ditas\u201d\u00a0<\/em><\/strong><\/span><\/p>\n<\/div>\n<\/div>\n<div class=\"wpb_text_column wpb_content_element\">\n<div class=\"wpb_wrapper\">\n<p><span style=\"color: #008000;\"><strong><em>Sabia que\u2026<\/em><\/strong><\/span><br \/>\n<span style=\"color: #008000;\">Fernando Pessoa (1888-1935) \u00e9 um dos\u00a0<a style=\"color: #008000;\" href=\"https:\/\/www.casafernandopessoa.pt\/pt\/fernando-pessoa\" target=\"_blank\" rel=\"noopener\">mais importantes poetas portugueses<\/a>\u00a0e um dos nomes mais reconhecidos da literatura portuguesa. Em nome pr\u00f3prio e atrav\u00e9s dos seus heter\u00f3nimos, escreveu dezenas de poemas inspirados na floresta ou que a ela fazem alus\u00e3o. Apesar do seu atual reconhecimento, a maior parte da sua extensa obra s\u00f3 come\u00e7ou a ser descoberta e publicada ap\u00f3s a sua morte.<\/span><\/p>\n<p>&nbsp;<\/p>\n<div class=\"wpb_text_column wpb_content_element\">\n<div class=\"wpb_wrapper\">\n<h4><span style=\"color: #003300;\">A um carvalho<\/span><\/h4>\n<\/div>\n<\/div>\n<div class=\"wpb_text_column wpb_content_element\">\n<div class=\"wpb_wrapper\">\n<p><span style=\"color: #008000;\">Eis o pai da montanha, o b\u00edblico Mois\u00e9s<\/span><br \/>\n<span style=\"color: #008000;\">Vegetal!<\/span><br \/>\n<span style=\"color: #008000;\">Falou com Deus tamb\u00e9m,<\/span><br \/>\n<span style=\"color: #008000;\">E debaixo dos p\u00e9s, inominada, tem<\/span><br \/>\n<span style=\"color: #008000;\">A lei da vida em pedra natural!<\/span><\/p>\n<p><span style=\"color: #008000;\">Forte como um destino,<\/span><br \/>\n<span style=\"color: #008000;\">Calmo como um pastor,<\/span><br \/>\n<span style=\"color: #008000;\">E sempre pontual e matutino<\/span><br \/>\n<span style=\"color: #008000;\">A receber o frio e o calor!<\/span><\/p>\n<p><span style=\"color: #008000;\">Barbas, rugas e veias<\/span><br \/>\n<span style=\"color: #008000;\">De gigante.<\/span><br \/>\n<span style=\"color: #008000;\">Mas, sobretudo, bra\u00e7os!<\/span><br \/>\n<span style=\"color: #008000;\">Longos e negros desmedidos tra\u00e7os,<\/span><br \/>\n<span style=\"color: #008000;\">Gestos solenes duma f\u00e9 constante\u2026<\/span><\/p>\n<p><span style=\"color: #008000;\">Folhas verdes \u00e0 volta do desejo<\/span><br \/>\n<span style=\"color: #008000;\">Que amadurece.<\/span><br \/>\n<span style=\"color: #008000;\">E nos olha a prece<\/span><br \/>\n<span style=\"color: #008000;\">Da eternidade<\/span><br \/>\n<span style=\"color: #008000;\">Eis o pai da montanha, o f\u00e1lico pag\u00e3o<\/span><br \/>\n<span style=\"color: #008000;\">Que se veste de neve e guarda a mocidade<\/span><br \/>\n<span style=\"color: #008000;\">No cora\u00e7\u00e3o!<\/span><\/p>\n<p><span style=\"color: #008000;\"><strong><em>Miguel Torga, in \u201cDi\u00e1rio V\u201d<\/em><\/strong><\/span><\/p>\n<\/div>\n<\/div>\n<div class=\"wpb_text_column wpb_content_element\">\n<div class=\"wpb_wrapper\">\n<p><span style=\"color: #008000;\"><em><strong>Sabia que\u2026<\/strong><\/em><\/span><br \/>\n<span style=\"color: #008000;\">Miguel Torga (1907-1995) \u00e9 o nome liter\u00e1rio do m\u00e9dico Adolfo Correia da Rocha. O <a style=\"color: #008000;\" href=\"https:\/\/espacomigueltorga.pt\/\" target=\"_blank\" rel=\"noopener\">Poeta<\/a>, \u00e9 considerado um mestre da escrita autobiogr\u00e1fica. Nascido em meio rural, explica esta liga\u00e7\u00e3o num dos seus di\u00e1rios publicados: \u201cVivo a natureza integrado nela. De tal modo, que chego a sentir-me, em certas ocasi\u00f5es, pedra, orvalho, flor ou nevoeiro.\u201d<\/span><\/p>\n<div class=\"wpb_text_column wpb_content_element\">\n<div class=\"wpb_wrapper\"><\/div>\n<\/div>\n<div class=\"wpb_text_column wpb_content_element\">\n<div class=\"wpb_wrapper\"><\/div>\n<\/div>\n<div class=\"wpb_text_column wpb_content_element\">\n<div class=\"wpb_wrapper\">\n<p>in https:\/\/florestas.pt\/descobrir\/10-poemas-inspirados-na-floresta-arvores-e-natureza\/, consultado em 21 de mar\u00e7o de 2025<\/p>\n<\/div>\n<\/div>\n<\/div>\n<\/div>\n<\/div>\n<\/div>\n<\/div>\n<\/div>\n        <div class=\"booster-block booster-reactions-block\">\r\n            <div class=\"twp-reactions-icons\">\r\n                \r\n                <div class=\"twp-reacts-wrap\">\r\n                    <a react-data=\"be-react-1\" post-id=\"3648\" class=\"be-face-icons un-reacted\" href=\"javascript:void(0)\">\r\n                        <img decoding=\"async\" src=\"https:\/\/jornaloassobio.pt\/wp-content\/plugins\/booster-extension\/\/assets\/icon\/happy.svg\" alt=\"Happy\">\r\n                    <\/a>\r\n                    <div class=\"twp-reaction-title\">\r\n                        Happy                    <\/div>\r\n                    <div class=\"twp-count-percent\">\r\n                                                    <span style=\"display: none;\" class=\"twp-react-count\">0<\/span>\r\n                        \r\n                                                <span class=\"twp-react-percent\"><span>0<\/span> %<\/span>\r\n                                            <\/div>\r\n                <\/div>\r\n\r\n                <div class=\"twp-reacts-wrap\">\r\n                    <a react-data=\"be-react-2\" post-id=\"3648\" class=\"be-face-icons un-reacted\" href=\"javascript:void(0)\">\r\n                        <img decoding=\"async\" src=\"https:\/\/jornaloassobio.pt\/wp-content\/plugins\/booster-extension\/\/assets\/icon\/sad.svg\" alt=\"Sad\">\r\n                    <\/a>\r\n                    <div class=\"twp-reaction-title\">\r\n                        Sad                    <\/div>\r\n                    <div class=\"twp-count-percent\">\r\n                                                    <span style=\"display: none;\" class=\"twp-react-count\">0<\/span>\r\n                                                                        <span class=\"twp-react-percent\"><span>0<\/span> %<\/span>\r\n                                            <\/div>\r\n                <\/div>\r\n\r\n                <div class=\"twp-reacts-wrap\">\r\n                    <a react-data=\"be-react-3\" post-id=\"3648\" class=\"be-face-icons un-reacted\" href=\"javascript:void(0)\">\r\n                        <img decoding=\"async\" src=\"https:\/\/jornaloassobio.pt\/wp-content\/plugins\/booster-extension\/\/assets\/icon\/excited.svg\" alt=\"Excited\">\r\n                    <\/a>\r\n                    <div class=\"twp-reaction-title\">\r\n                        Excited                    <\/div>\r\n                    <div class=\"twp-count-percent\">\r\n                                                    <span style=\"display: none;\" class=\"twp-react-count\">0<\/span>\r\n                                                                        <span class=\"twp-react-percent\"><span>0<\/span> %<\/span>\r\n                                            <\/div>\r\n                <\/div>\r\n\r\n                <div class=\"twp-reacts-wrap\">\r\n                    <a react-data=\"be-react-6\" post-id=\"3648\" class=\"be-face-icons un-reacted\" href=\"javascript:void(0)\">\r\n                        <img decoding=\"async\" src=\"https:\/\/jornaloassobio.pt\/wp-content\/plugins\/booster-extension\/\/assets\/icon\/sleepy.svg\" alt=\"Sleepy\">\r\n                    <\/a>\r\n                    <div class=\"twp-reaction-title\">\r\n                        Sleepy                    <\/div>\r\n                    <div class=\"twp-count-percent\">\r\n                                                    <span style=\"display: none;\" class=\"twp-react-count\">0<\/span>\r\n                        \r\n                                                <span class=\"twp-react-percent\"><span>0<\/span> %<\/span>\r\n                                            <\/div>\r\n                <\/div>\r\n\r\n                <div class=\"twp-reacts-wrap\">\r\n                    <a react-data=\"be-react-4\" post-id=\"3648\" class=\"be-face-icons un-reacted\" href=\"javascript:void(0)\">\r\n                        <img decoding=\"async\" src=\"https:\/\/jornaloassobio.pt\/wp-content\/plugins\/booster-extension\/\/assets\/icon\/angry.svg\" alt=\"Angry\">\r\n                    <\/a>\r\n                    <div class=\"twp-reaction-title\">Angry<\/div>\r\n                    <div class=\"twp-count-percent\">\r\n                                                    <span style=\"display: none;\" class=\"twp-react-count\">0<\/span>\r\n                                                                        <span class=\"twp-react-percent\"><span>0<\/span> %<\/span>\r\n                        \r\n                    <\/div>\r\n                <\/div>\r\n\r\n                <div class=\"twp-reacts-wrap\">\r\n                    <a react-data=\"be-react-5\" post-id=\"3648\" class=\"be-face-icons un-reacted\" href=\"javascript:void(0)\">\r\n                        <img decoding=\"async\" src=\"https:\/\/jornaloassobio.pt\/wp-content\/plugins\/booster-extension\/\/assets\/icon\/surprise.svg\" alt=\"Surprise\">\r\n                    <\/a>\r\n                    <div class=\"twp-reaction-title\">Surprise<\/div>\r\n                    <div class=\"twp-count-percent\">\r\n                                                    <span style=\"display: none;\" class=\"twp-react-count\">0<\/span>\r\n                                                                        <span class=\"twp-react-percent\"><span>0<\/span> %<\/span>\r\n                                            <\/div>\r\n                <\/div>\r\n\r\n            <\/div>\r\n        <\/div>\r\n\r\n    ","protected":false},"excerpt":{"rendered":"<p>\u00a0\u00c1rvore Um passarinho pediu a meu irm\u00e3o para ser uma \u00e1rvore. Meu irm\u00e3o aceitou de ser a \u00e1rvore daquele passarinho. No est\u00e1gio de ser essa \u00e1rvore, meu irm\u00e3o aprendeu de sol, de c\u00e9u e de lua mais do que na escola. No est\u00e1gio de ser \u00e1rvore meu irm\u00e3o aprendeu para santo mais do que os [&hellip;]<\/p>\n","protected":false},"author":6,"featured_media":3649,"comment_status":"open","ping_status":"open","sticky":false,"template":"","format":"standard","meta":{"footnotes":""},"categories":[4],"tags":[],"class_list":["post-3648","post","type-post","status-publish","format-standard","has-post-thumbnail","hentry","category-noticias"],"_links":{"self":[{"href":"https:\/\/jornaloassobio.pt\/index.php?rest_route=\/wp\/v2\/posts\/3648","targetHints":{"allow":["GET"]}}],"collection":[{"href":"https:\/\/jornaloassobio.pt\/index.php?rest_route=\/wp\/v2\/posts"}],"about":[{"href":"https:\/\/jornaloassobio.pt\/index.php?rest_route=\/wp\/v2\/types\/post"}],"author":[{"embeddable":true,"href":"https:\/\/jornaloassobio.pt\/index.php?rest_route=\/wp\/v2\/users\/6"}],"replies":[{"embeddable":true,"href":"https:\/\/jornaloassobio.pt\/index.php?rest_route=%2Fwp%2Fv2%2Fcomments&post=3648"}],"version-history":[{"count":4,"href":"https:\/\/jornaloassobio.pt\/index.php?rest_route=\/wp\/v2\/posts\/3648\/revisions"}],"predecessor-version":[{"id":3653,"href":"https:\/\/jornaloassobio.pt\/index.php?rest_route=\/wp\/v2\/posts\/3648\/revisions\/3653"}],"wp:featuredmedia":[{"embeddable":true,"href":"https:\/\/jornaloassobio.pt\/index.php?rest_route=\/wp\/v2\/media\/3649"}],"wp:attachment":[{"href":"https:\/\/jornaloassobio.pt\/index.php?rest_route=%2Fwp%2Fv2%2Fmedia&parent=3648"}],"wp:term":[{"taxonomy":"category","embeddable":true,"href":"https:\/\/jornaloassobio.pt\/index.php?rest_route=%2Fwp%2Fv2%2Fcategories&post=3648"},{"taxonomy":"post_tag","embeddable":true,"href":"https:\/\/jornaloassobio.pt\/index.php?rest_route=%2Fwp%2Fv2%2Ftags&post=3648"}],"curies":[{"name":"wp","href":"https:\/\/api.w.org\/{rel}","templated":true}]}}