{"id":3655,"date":"2025-03-28T11:08:48","date_gmt":"2025-03-28T11:08:48","guid":{"rendered":"https:\/\/jornaloassobio.pt\/?p=3655"},"modified":"2025-04-01T14:26:50","modified_gmt":"2025-04-01T14:26:50","slug":"os-lusiadas-como-nunca-os-ouviu","status":"publish","type":"post","link":"https:\/\/jornaloassobio.pt\/?p=3655","title":{"rendered":"VISITA AO TEATRO &#8211; ALUNOS DO 9\u00ba ANO ASSISTEM A &#8220;OS LUS\u00cdADAS&#8221; COMO NUNCA OS OUVIU&#8221;"},"content":{"rendered":"<div class='booster-block booster-read-block'>\r\n                <div class=\"twp-read-time\">\r\n                \t<i class=\"booster-icon twp-clock\"><\/i> <span>Read Time:<\/span>2 Minute, 45 Second                <\/div>\r\n\r\n            <\/div><div class=\"post-body\">\n<div class=\"post-content un-no-sidebar-layout\">\n<div id=\"row-unique-5\" class=\"vc_row row-container\" data-parent=\"true\" data-section=\"2\">\n<div class=\"row limit-width row-parent\" data-height-ratio=\"10\" data-imgready=\"true\">\n<div class=\"wpb_row row-inner\">\n<div class=\"wpb_column pos-top pos-center align_center column_parent col-lg-12 no-internal-gutter\">\n<div class=\"uncol style-light\">\n<div class=\"uncoltable\">\n<div class=\"uncell\">\n<div class=\"uncont no-block-padding col-custom-width\">\n<div class=\"vc_custom_heading_wrap \">\n<div class=\"heading-text el-text\"><\/div>\n<\/div>\n<\/div>\n<\/div>\n<\/div>\n<\/div>\n<\/div>\n<\/div>\n<\/div>\n<\/div>\n<div id=\"row-unique-6\" class=\"vc_row row-container\" data-parent=\"true\" data-section=\"3\">\n<div class=\"row unequal no-top-padding no-bottom-padding single-h-padding limit-width row-parent\" data-imgready=\"true\">\n<div class=\"wpb_row row-inner\">\n<div class=\"wpb_column pos-top pos-center align_right column_parent col-lg-3 no-internal-gutter\">\n<div class=\"uncol style-light shift_y_single\">\n<div class=\"uncoltable\">\n<div class=\"uncell no-block-padding\">\n<div class=\"uncont\">\n<div class=\"uncode-wrapper uncode-share\">\n<div data-url=\"\">No dia 28 de mar\u00e7o, os alunos do 9\u00ba B da Escola Secund\u00e1ria Severim de Faria, acompanhados pelos professores, associaram-se \u00e0s comemora\u00e7\u00f5es do Dia Mundial Do Teatro e foram assistir \u00e1 representa\u00e7\u00e3o d&#8217;&#8221;<strong>Os Lus\u00edadas&#8221; como nunca os ouviu<\/strong>&#8220;, no\u00a0 Teatro Garcia de Resende.<\/div>\n<div data-url=\"\"><\/div>\n<div class=\"share-button share-buttons share-vertical sharer-0\" data-url=\"\">Para Ant\u00f3nio Fonseca, <strong><em>Os Lus\u00edadas<\/em> <\/strong>\u00e9 primordialmente a hist\u00f3ria da primeira viagem mar\u00edtima entre Lisboa e a \u00cdndia.<\/div>\n<div class=\"share-button share-buttons share-vertical sharer-0\" data-url=\"\">Desde 2008, o ator tem aprimorado um projeto de audi\u00e7\u00e3o (em teatros, tert\u00falias, num audiolivro) desta obra maior:<\/div>\n<div class=\"share-button share-buttons share-vertical sharer-0\" data-url=\"\">\n<p style=\"text-align: left;\">\u201cDif\u00edcil de ler, sobretudo pelo jogo sint\u00e1tico, <strong><em>Os Lus\u00edadas<\/em><\/strong> revela-se f\u00e1cil de ouvir.\u201d<\/p>\n<figure id=\"attachment_3656\" aria-describedby=\"caption-attachment-3656\" style=\"width: 528px\" class=\"wp-caption aligncenter\"><img loading=\"lazy\" decoding=\"async\" class=\" wp-image-3656\" src=\"https:\/\/jornaloassobio.pt\/wp-content\/uploads\/2025\/03\/202502-Lusiedas_como_nunca_ouviu-01-300x199.jpg\" alt=\"\" width=\"528\" height=\"350\" srcset=\"https:\/\/jornaloassobio.pt\/wp-content\/uploads\/2025\/03\/202502-Lusiedas_como_nunca_ouviu-01-300x199.jpg 300w, https:\/\/jornaloassobio.pt\/wp-content\/uploads\/2025\/03\/202502-Lusiedas_como_nunca_ouviu-01-1024x678.jpg 1024w, https:\/\/jornaloassobio.pt\/wp-content\/uploads\/2025\/03\/202502-Lusiedas_como_nunca_ouviu-01-768x509.jpg 768w, https:\/\/jornaloassobio.pt\/wp-content\/uploads\/2025\/03\/202502-Lusiedas_como_nunca_ouviu-01.jpg 1363w\" sizes=\"auto, (max-width: 528px) 100vw, 528px\" \/><figcaption id=\"caption-attachment-3656\" class=\"wp-caption-text\">Screenshot<\/figcaption><\/figure>\n<\/div>\n<div class=\"share-button share-buttons share-vertical sharer-0\" data-url=\"\">No \u00e2mbito das comemora\u00e7\u00f5es dos <strong>500 anos do nascimento de Cam\u00f5es<\/strong>, Ant\u00f3nio Fonseca convoca-nos para duas propostas de leitura.<\/div>\n<div class=\"share-button share-buttons share-vertical sharer-0\" data-url=\"\">De Lisboa \u00e0 \u00cdndia \u2013 Ida, destinado ao p\u00fablico escolar, centra-se na ideia de viagem e estende-se at\u00e9 ao Canto VI (chegada \u00e0 \u00cdndia): oferece contexto e atualiza\u00e7\u00e3o \u00e0 narrativa, sonda o ritmo e a musicalidade da linguagem.<\/div>\n<div class=\"share-button share-buttons share-vertical sharer-0\" data-url=\"\">De Lisboa \u00e0 \u00cdndia \u2013 Ida e Volta abrange toda a obra e convida o p\u00fablico em geral para uma desconstru\u00e7\u00e3o de <em><strong>Os Lus\u00edadas<\/strong><\/em>, rasteirando ideias feitas.<\/div>\n<div class=\"share-button share-buttons share-vertical sharer-0\" data-url=\"\">Num caso e noutro, enquadrada por coment\u00e1rios e intera\u00e7\u00f5es, h\u00e1 uma grande \u201cest\u00f3ria da condi\u00e7\u00e3o de ser humano\u201d a ouvir em conjunto.<\/div>\n<\/div>\n<\/div>\n<\/div>\n<\/div>\n<\/div>\n<\/div>\n<div class=\"wpb_column pos-top pos-center align_left column_parent col-lg-9 no-internal-gutter\">\n<div class=\"uncol style-light\">\n<div class=\"uncoltable\">\n<div class=\"uncell no-block-padding\">\n<div class=\"uncont\">\n<div class=\"uncode_text_column vc_custom_1661043048021\">\n<div class=\"wpb-content-wrapper\">\n<div id=\"row-unique-7\" class=\"vc_row row-container\" data-parent=\"true\" data-section=\"4\">\n<div class=\"row limit-width row-parent\" data-imgready=\"true\">\n<div class=\"wpb_row row-inner\">\n<div class=\"wpb_column pos-top pos-center align_left column_parent col-lg-12 single-internal-gutter\">\n<div class=\"uncol style-light\">\n<div class=\"uncoltable\">\n<div class=\"uncell no-block-padding\">\n<div class=\"uncont\">\n<div class=\"uncode_text_column\">\n<p><strong>Ant\u00f3nio Fonseca<\/strong>. Nasceu em 1953 em Santo Tirso. Estudou Teatro e Filosofia. Alguns trabalhos mais recentes em teatro: <strong><em>Su\u00e9cia<\/em><\/strong> de Pedro Mexia, enc. Nuno Cardoso; <strong>Ensaio de Orquestra<\/strong>, a partir de F. Fellini, enc. T\u00f3nan Quito; <em><strong>O Inesquec\u00edvel Professor<\/strong><\/em>, de Pedro Gil; <em><strong>Catarina e a beleza de matar fascistas<\/strong><\/em>, de Tiago Rodrigues; <em><strong>Os Lus\u00edadas como nunca os ouviu<\/strong><\/em>, a partir de L Cam\u00f5es, <em><strong>A matan\u00e7a Ritual<\/strong><\/em>\u00a0<em><strong>de Gorge Mastromas<\/strong><\/em>, de David Kelly, enc. Tiago Guedes; <em><strong>Medronho<\/strong><\/em>, de Sandro W Junqueira, enc. Giacomo Scalisi; <em><strong>Frei Lu\u00eds de Sousa,<\/strong><\/em> de Almeida Garrett, encena\u00e7\u00e3o de Rog\u00e9rio de Carvalho\u2026. Televis\u00e3o: <em><strong>Terra Brava<\/strong><\/em>; <em><strong>Mar Salgado<\/strong><\/em> (SIC); <em><strong>Cidade Despida<\/strong><\/em>; <em><strong>Depois do Adeus<\/strong><\/em>; <em><strong>Odisseia<\/strong><\/em>; <em><strong>Os Boys<\/strong><\/em>; <em><strong>Sul<\/strong><\/em>; <em><strong>Causa Pr\u00f3pria<\/strong><\/em> (RTP1)\u2026 Cinema: Primeira Obra de Rui Sim\u00f5es; <strong>Sombras Brancas<\/strong> de F. Vendrell; Primeira Obra de Rui Sim\u00f5es, <strong>Vida Invis\u00edvel<\/strong>, de Karim Ainouz (vencedor de Un Certain Regard no festival de Cannes); <strong>Snu<\/strong>, de Patr\u00edcia Sequeira; <strong>L\u2019Aragn\u00e9e Rouge<\/strong> de Franco Florino; Nomea\u00e7\u00e3o para os Pr\u00e9mios Sophia de cinema (ator secund\u00e1rio) em <strong>Florbela<\/strong>, de Vicente Alves do \u00d3\u2026. Gravou <em><strong>Os Lus\u00edadas<\/strong><\/em>, no audiolivro <strong>Os Lus\u00edadas como nunca os ouviu<\/strong> \u2013 vers\u00e3o integral da epopeia de Lu\u00eds de Cam\u00f5es e <em><strong>Amor de Perdi\u00e7\u00e3o,<\/strong><\/em> de Camilo Castel Branco \u2013 Imprensa Nacional Casa da Moeda.<br \/>\nDesenvolveu projetos nos dom\u00ednios do Teatro e Educa\u00e7\u00e3o e de forma\u00e7\u00e3o com destaque para o trabalho na Escola Secund\u00e1ria Camilo Castelo Branco (Carnaxide), Escola Superior de\u00a0 Educa\u00e7\u00e3o de Coimbra (Curso de Teatro e Educa\u00e7\u00e3o), Teatro Nacional de S. Jo\u00e3o e Companhia de Teatro de Braga.<\/p>\n<p>Texto Lu\u00eds de Cam\u00f5es | Por Ant\u00f3nio Fonseca | Promo\u00e7\u00e3o, difus\u00e3o e agendamento: Companhia Nacional de Espet\u00e1culos<br \/>\nEste espet\u00e1culo foi criado no \u00e2mbito do projeto Pr\u00f3xima Cena. Uma iniciativa do Teatro Nacional D. Maria II, do BPI e da Funda\u00e7\u00e3o \u201dla Caixa\u201d<\/p>\n<p><b>Teatro Garcia de Resende<\/b><\/p>\n<div dir=\"auto\">\n<p>28 de mar\u00e7o, sess\u00f5es para escolas \u00e0s 11h00 e \u00e0s 15h00<\/p>\n<\/div>\n<div dir=\"auto\"><\/div>\n<\/div>\n<\/div>\n<\/div>\n<\/div>\n<\/div>\n<\/div>\n<\/div>\n<\/div>\n<\/div>\n<div id=\"row-unique-9\" class=\"vc_row row-container\" data-parent=\"true\" data-section=\"5\">\n<div class=\"row limit-width row-parent\" data-imgready=\"true\">\n<div class=\"wpb_row row-inner\">\n<div class=\"wpb_column pos-top pos-center align_left column_parent col-lg-12 single-internal-gutter\">\n<div class=\"uncol style-light\">\n<div class=\"uncoltable\">\n<div class=\"uncell no-block-padding\">\n<div class=\"uncont\">\n<div class=\"uncode_text_column\">\n<p><strong>Informa\u00e7\u00f5es<\/strong>: (+351) 266 703 112 \/\u00a0<a href=\"https:\/\/cendrev.pt\/contactos\/\">Contactos<\/a><br \/>\n<strong>Compra<\/strong>\u00a0de bilhetes:\u00a0<a href=\"http:\/\/www.bol.pt\/\">www.bol.pt<\/a><\/p>\n<p><a href=\"https:\/\/www.facebook.com\/cendrev.teatro\/\">facebook.com\/cendrev.teatro<\/a><br \/>\n<a href=\"https:\/\/www.instagram.com\/cendrev.teatro\/\">instagram.com\/cendrev.teatro<\/a><\/p>\n<\/div>\n<\/div>\n<\/div>\n<\/div>\n<\/div>\n<\/div>\n<\/div>\n<\/div>\n<\/div>\n<\/div>\n<\/div>\n<\/div>\n<\/div>\n<\/div>\n<\/div>\n<\/div>\n<\/div>\n<\/div>\n<\/div>\n<div id=\"row-unique-10\" class=\"vc_row row-container\" data-parent=\"true\" data-section=\"6\">\n<div class=\"row no-top-padding single-bottom-padding triple-h-padding limit-width row-parent\" data-imgready=\"true\">\n<div class=\"wpb_row row-inner\">\n<div class=\"wpb_column pos-top pos-center align_left column_parent col-lg-12 single-internal-gutter\">\n<div class=\"uncol style-light\">\n<div class=\"uncoltable\">\n<div class=\"uncell no-block-padding\">\n<div class=\"uncont\">\n<div class=\"empty-space empty-single\"><\/div>\n<div class=\"uncode-single-media text-center\">\n<div class=\"single-wrapper\">\n<div class=\"tmb tmb-light tmb-media-first tmb-media-last tmb-content-overlay tmb-no-bg\">\n<div class=\"t-inside\">\n<div class=\"t-entry-visual\">\n<div class=\"t-entry-visual-tc\">\n<div class=\"uncode-single-media-wrapper\"><\/div>\n<\/div>\n<\/div>\n<\/div>\n<\/div>\n<\/div>\n<\/div>\n<div id=\"gallery-207074\" class=\"isotope-system isotope-general-light grid-general-light isotope-processed\">\n<div class=\"isotope-wrapper grid-wrapper half-gutter isotope-inner-padding grid-inner-padding\">\n<div class=\"isotope-container isotope-layout style-masonry un-isotope-init\" data-type=\"masonry\" data-layout=\"masonry\" data-lg=\"1000\" data-md=\"600\" data-sm=\"480\" data-iso-index=\"0\">in https:\/\/cendrev.pt\/os-lusiadas-como-nunca-os-ouviu\/, consultado em 28\/3\/2025<\/div>\n<\/div>\n<\/div>\n<div class=\"empty-space empty-single\"><\/div>\n<\/div>\n<\/div>\n<\/div>\n<\/div>\n<\/div>\n<\/div>\n<\/div>\n<\/div>\n<\/div>\n<\/div>\n<div class=\"row-navigation-content-block row-container\">\n<div id=\"row-unique-2\" class=\"vc_row row-container\" data-parent=\"true\" data-section=\"7\">\n<div class=\"row single-top-padding single-bottom-padding single-h-padding limit-width row-parent\" data-imgready=\"true\">\n<div class=\"wpb_row row-inner\">\n<div class=\"wpb_column pos-top pos-center align_left column_parent col-lg-12 single-internal-gutter\">\n<div class=\"uncol style-light\">\n<div class=\"uncoltable\">\n<div class=\"uncell no-block-padding\">\n<div class=\"uncont\">\n<div class=\"divider-wrapper \">\n<hr class=\"separator-no-padding\" \/>\n<\/div>\n<\/div>\n<\/div>\n<\/div>\n<\/div>\n<\/div>\n<\/div>\n<\/div>\n<\/div>\n<\/div>\n        <div class=\"booster-block booster-reactions-block\">\r\n            <div class=\"twp-reactions-icons\">\r\n                \r\n                <div class=\"twp-reacts-wrap\">\r\n                    <a react-data=\"be-react-1\" post-id=\"3655\" class=\"be-face-icons un-reacted\" href=\"javascript:void(0)\">\r\n                        <img decoding=\"async\" src=\"https:\/\/jornaloassobio.pt\/wp-content\/plugins\/booster-extension\/\/assets\/icon\/happy.svg\" alt=\"Happy\">\r\n                    <\/a>\r\n                    <div class=\"twp-reaction-title\">\r\n                        Happy                    <\/div>\r\n                    <div class=\"twp-count-percent\">\r\n                                                    <span style=\"display: none;\" class=\"twp-react-count\">0<\/span>\r\n                        \r\n                                                <span class=\"twp-react-percent\"><span>0<\/span> %<\/span>\r\n                                            <\/div>\r\n                <\/div>\r\n\r\n                <div class=\"twp-reacts-wrap\">\r\n                    <a react-data=\"be-react-2\" post-id=\"3655\" class=\"be-face-icons un-reacted\" href=\"javascript:void(0)\">\r\n                        <img decoding=\"async\" src=\"https:\/\/jornaloassobio.pt\/wp-content\/plugins\/booster-extension\/\/assets\/icon\/sad.svg\" alt=\"Sad\">\r\n                    <\/a>\r\n                    <div class=\"twp-reaction-title\">\r\n                        Sad                    <\/div>\r\n                    <div class=\"twp-count-percent\">\r\n                                                    <span style=\"display: none;\" class=\"twp-react-count\">0<\/span>\r\n                                                                        <span class=\"twp-react-percent\"><span>0<\/span> %<\/span>\r\n                                            <\/div>\r\n                <\/div>\r\n\r\n                <div class=\"twp-reacts-wrap\">\r\n                    <a react-data=\"be-react-3\" post-id=\"3655\" class=\"be-face-icons un-reacted\" href=\"javascript:void(0)\">\r\n                        <img decoding=\"async\" src=\"https:\/\/jornaloassobio.pt\/wp-content\/plugins\/booster-extension\/\/assets\/icon\/excited.svg\" alt=\"Excited\">\r\n                    <\/a>\r\n                    <div class=\"twp-reaction-title\">\r\n                        Excited                    <\/div>\r\n                    <div class=\"twp-count-percent\">\r\n                                                    <span style=\"display: none;\" class=\"twp-react-count\">0<\/span>\r\n                                                                        <span class=\"twp-react-percent\"><span>0<\/span> %<\/span>\r\n                                            <\/div>\r\n                <\/div>\r\n\r\n                <div class=\"twp-reacts-wrap\">\r\n                    <a react-data=\"be-react-6\" post-id=\"3655\" class=\"be-face-icons un-reacted\" href=\"javascript:void(0)\">\r\n                        <img decoding=\"async\" src=\"https:\/\/jornaloassobio.pt\/wp-content\/plugins\/booster-extension\/\/assets\/icon\/sleepy.svg\" alt=\"Sleepy\">\r\n                    <\/a>\r\n                    <div class=\"twp-reaction-title\">\r\n                        Sleepy                    <\/div>\r\n                    <div class=\"twp-count-percent\">\r\n                                                    <span style=\"display: none;\" class=\"twp-react-count\">0<\/span>\r\n                        \r\n                                                <span class=\"twp-react-percent\"><span>0<\/span> %<\/span>\r\n                                            <\/div>\r\n                <\/div>\r\n\r\n                <div class=\"twp-reacts-wrap\">\r\n                    <a react-data=\"be-react-4\" post-id=\"3655\" class=\"be-face-icons un-reacted\" href=\"javascript:void(0)\">\r\n                        <img decoding=\"async\" src=\"https:\/\/jornaloassobio.pt\/wp-content\/plugins\/booster-extension\/\/assets\/icon\/angry.svg\" alt=\"Angry\">\r\n                    <\/a>\r\n                    <div class=\"twp-reaction-title\">Angry<\/div>\r\n                    <div class=\"twp-count-percent\">\r\n                                                    <span style=\"display: none;\" class=\"twp-react-count\">0<\/span>\r\n                                                                        <span class=\"twp-react-percent\"><span>0<\/span> %<\/span>\r\n                        \r\n                    <\/div>\r\n                <\/div>\r\n\r\n                <div class=\"twp-reacts-wrap\">\r\n                    <a react-data=\"be-react-5\" post-id=\"3655\" class=\"be-face-icons un-reacted\" href=\"javascript:void(0)\">\r\n                        <img decoding=\"async\" src=\"https:\/\/jornaloassobio.pt\/wp-content\/plugins\/booster-extension\/\/assets\/icon\/surprise.svg\" alt=\"Surprise\">\r\n                    <\/a>\r\n                    <div class=\"twp-reaction-title\">Surprise<\/div>\r\n                    <div class=\"twp-count-percent\">\r\n                                                    <span style=\"display: none;\" class=\"twp-react-count\">0<\/span>\r\n                                                                        <span class=\"twp-react-percent\"><span>0<\/span> %<\/span>\r\n                                            <\/div>\r\n                <\/div>\r\n\r\n            <\/div>\r\n        <\/div>\r\n\r\n    ","protected":false},"excerpt":{"rendered":"<p>No dia 28 de mar\u00e7o, os alunos do 9\u00ba B da Escola Secund\u00e1ria Severim de Faria, acompanhados pelos professores, associaram-se \u00e0s comemora\u00e7\u00f5es do Dia Mundial Do Teatro e foram assistir \u00e1 representa\u00e7\u00e3o d&#8217;&#8221;Os Lus\u00edadas&#8221; como nunca os ouviu&#8220;, no\u00a0 Teatro Garcia de Resende. Para Ant\u00f3nio Fonseca, Os Lus\u00edadas \u00e9 primordialmente a hist\u00f3ria da primeira viagem [&hellip;]<\/p>\n","protected":false},"author":6,"featured_media":3656,"comment_status":"open","ping_status":"open","sticky":false,"template":"","format":"standard","meta":{"footnotes":""},"categories":[4],"tags":[],"class_list":["post-3655","post","type-post","status-publish","format-standard","has-post-thumbnail","hentry","category-noticias"],"_links":{"self":[{"href":"https:\/\/jornaloassobio.pt\/index.php?rest_route=\/wp\/v2\/posts\/3655","targetHints":{"allow":["GET"]}}],"collection":[{"href":"https:\/\/jornaloassobio.pt\/index.php?rest_route=\/wp\/v2\/posts"}],"about":[{"href":"https:\/\/jornaloassobio.pt\/index.php?rest_route=\/wp\/v2\/types\/post"}],"author":[{"embeddable":true,"href":"https:\/\/jornaloassobio.pt\/index.php?rest_route=\/wp\/v2\/users\/6"}],"replies":[{"embeddable":true,"href":"https:\/\/jornaloassobio.pt\/index.php?rest_route=%2Fwp%2Fv2%2Fcomments&post=3655"}],"version-history":[{"count":7,"href":"https:\/\/jornaloassobio.pt\/index.php?rest_route=\/wp\/v2\/posts\/3655\/revisions"}],"predecessor-version":[{"id":3666,"href":"https:\/\/jornaloassobio.pt\/index.php?rest_route=\/wp\/v2\/posts\/3655\/revisions\/3666"}],"wp:featuredmedia":[{"embeddable":true,"href":"https:\/\/jornaloassobio.pt\/index.php?rest_route=\/wp\/v2\/media\/3656"}],"wp:attachment":[{"href":"https:\/\/jornaloassobio.pt\/index.php?rest_route=%2Fwp%2Fv2%2Fmedia&parent=3655"}],"wp:term":[{"taxonomy":"category","embeddable":true,"href":"https:\/\/jornaloassobio.pt\/index.php?rest_route=%2Fwp%2Fv2%2Fcategories&post=3655"},{"taxonomy":"post_tag","embeddable":true,"href":"https:\/\/jornaloassobio.pt\/index.php?rest_route=%2Fwp%2Fv2%2Ftags&post=3655"}],"curies":[{"name":"wp","href":"https:\/\/api.w.org\/{rel}","templated":true}]}}