{"id":3667,"date":"2025-04-03T13:15:24","date_gmt":"2025-04-03T13:15:24","guid":{"rendered":"https:\/\/jornaloassobio.pt\/?p=3667"},"modified":"2025-04-03T13:15:44","modified_gmt":"2025-04-03T13:15:44","slug":"visita-de-estudo-museu-de-arte-contemporanea-e-casa-do-parlamento","status":"publish","type":"post","link":"https:\/\/jornaloassobio.pt\/?p=3667","title":{"rendered":"VISITA DE ESTUDO &#8211; MUSEU DE ARTE CONTEMPOR\u00c2NEA  E CASA DO PARLAMENTO"},"content":{"rendered":"<div class='booster-block booster-read-block'>\r\n                <div class=\"twp-read-time\">\r\n                \t<i class=\"booster-icon twp-clock\"><\/i> <span>Read Time:<\/span>1 Minute, 48 Second                <\/div>\r\n\r\n            <\/div><h3><\/h3>\n<h3><span style=\"font-size: 16px;\"><img loading=\"lazy\" decoding=\"async\" class=\" wp-image-3672 aligncenter\" src=\"https:\/\/jornaloassobio.pt\/wp-content\/uploads\/2025\/04\/alunos-300x180.png\" alt=\"\" width=\"398\" height=\"239\" srcset=\"https:\/\/jornaloassobio.pt\/wp-content\/uploads\/2025\/04\/alunos-300x180.png 300w, https:\/\/jornaloassobio.pt\/wp-content\/uploads\/2025\/04\/alunos-768x460.png 768w, https:\/\/jornaloassobio.pt\/wp-content\/uploads\/2025\/04\/alunos-500x300.png 500w, https:\/\/jornaloassobio.pt\/wp-content\/uploads\/2025\/04\/alunos.png 805w\" sizes=\"auto, (max-width: 398px) 100vw, 398px\" \/><\/span><\/h3>\n<h3>No passado dia 26 de mar\u00e7o, os alunos da turma 10\u00baSE que frequentam a disciplina de Hist\u00f3ria B, bem como os alunos das turmas 12\u00ba LH1 e 12\u00ba LH2, realizaram uma Visita de Estudo, no \u00e2mbito das disciplinas de Hist\u00f3ria A, Portugu\u00eas, Psicologia e Geografia C, ao Museu de Arte Contempor\u00e2nea do Centro Cultural de Bel\u00e9m. A\u00ed, os alunos tiveram a oportunidade de assistir, atrav\u00e9s de uma visita orientada por guias, \u00e0 exposi\u00e7\u00e3o subordinada ao tema: <span style=\"color: #800080;\">\u201cArte Moderna \u2013 Principais vanguardas e seus contextos\u201d<\/span>.<\/h3>\n<h3>Todos tivemos a oportunidade de refletir acerca da import\u00e2ncia da Arte e fic\u00e1mos a conhecer melhor algumas vanguardas do s\u00e9culo XX, entre as quais, o <span style=\"color: #800080;\">Construtivismo<\/span>; o <span style=\"color: #800080;\">Cubismo<\/span>; o <span style=\"color: #800080;\">Dada\u00edsmo<\/span>; o <span style=\"color: #800080;\">Expressionismo Abstrato<\/span> e a <span style=\"color: #800080;\">Pop Arte<\/span>.<\/h3>\n<h3 style=\"text-align: right;\"><img loading=\"lazy\" decoding=\"async\" class=\"size-medium wp-image-3674 aligncenter\" src=\"https:\/\/jornaloassobio.pt\/wp-content\/uploads\/2025\/04\/quadro-300x271.png\" alt=\"\" width=\"300\" height=\"271\" srcset=\"https:\/\/jornaloassobio.pt\/wp-content\/uploads\/2025\/04\/quadro-300x271.png 300w, https:\/\/jornaloassobio.pt\/wp-content\/uploads\/2025\/04\/quadro.png 380w\" sizes=\"auto, (max-width: 300px) 100vw, 300px\" \/><\/h3>\n<h3>Na parte da tarde visit\u00e1mos a <span style=\"color: #666699;\">Casa do Parlamento \u2013 Centro Interpretativo<\/span>. <span style=\"font-size: 16px;\">Neste espa\u00e7o, que pertence \u00e0 Assembleia da Rep\u00fablica, tivemos a oportunidade de visitar v\u00e1rios locais. O primeiro chama-se \u201cCidadania\u201d. A\u00ed, atrav\u00e9s de ecr\u00e3s interativos, aprendemos mais acerca dos direitos e dos deveres dos cidad\u00e3os que constam na Constitui\u00e7\u00e3o da Rep\u00fablica Portuguesa. Seguidamente, visit\u00e1mos o espa\u00e7o \u201cDemocracia\u201d. Nesse espa\u00e7o, vimos, em ecr\u00e3s digitais, cartazes alusivos a Campanhas Eleitorais, realizadas ap\u00f3s o 25 de abril de 1974 e aprendemos mais acerca dos v\u00e1rios \u00f3rg\u00e3os de soberania portugueses e acerca das suas fun\u00e7\u00f5es: a Assembleia da Rep\u00fablica (Poder Legislativo); o Governo (Poder Executivo); o Presidente da Rep\u00fablica (Poder Moderador) e os Tribunais (Poder Judicial). Neste espa\u00e7o, os alunos tiveram a oportunidade de testar os seus conhecimentos, atrav\u00e9s de um jogo interativo. No terceiro espa\u00e7o, \u201cParlamento\u201d, tivemos a oportunidade de ficar a conhecer melhor todos os partidos pol\u00edticos bem como a atual composi\u00e7\u00e3o, em termos do n\u00famero de deputados por partido, da Assembleia da Rep\u00fablica. Aqui, os alunos testaram os seus conhecimentos acerca do sistema pluripartid\u00e1rio. <\/span><\/h3>\n<h3><span style=\"font-size: 16px;\">Finalmente, visit\u00e1mos o <span style=\"color: #000080;\">Espa\u00e7o \u201cMem\u00f3ria\u201d<\/span>, no qual \u00e9 poss\u00edvel percorrer, em termos cronol\u00f3gicos, os acontecimentos pol\u00edticos mais relevantes, desde a Revolu\u00e7\u00e3o Liberal de 1820, passando pela 1\u00aa Rep\u00fablica, pela instaura\u00e7\u00e3o da Ditadura Militar e do Estado Novo, at\u00e9 \u00e0 Revolu\u00e7\u00e3o do 25 de abril de 1974. Neste espa\u00e7o, atrav\u00e9s de ecr\u00e3s digitais, fic\u00e1mos tamb\u00e9m a conhecer algumas das personalidades pol\u00edticas mais relevantes do Portugal Democr\u00e1tico.<\/span><\/h3>\n<h3 style=\"text-align: right;\"><img loading=\"lazy\" decoding=\"async\" class=\"size-medium wp-image-3673 aligncenter\" src=\"https:\/\/jornaloassobio.pt\/wp-content\/uploads\/2025\/04\/cravo-300x213.png\" alt=\"\" width=\"300\" height=\"213\" srcset=\"https:\/\/jornaloassobio.pt\/wp-content\/uploads\/2025\/04\/cravo-300x213.png 300w, https:\/\/jornaloassobio.pt\/wp-content\/uploads\/2025\/04\/cravo.png 592w\" sizes=\"auto, (max-width: 300px) 100vw, 300px\" \/>Professora Teresa Cravo<\/h3>\n        <div class=\"booster-block booster-reactions-block\">\r\n            <div class=\"twp-reactions-icons\">\r\n                \r\n                <div class=\"twp-reacts-wrap\">\r\n                    <a react-data=\"be-react-1\" post-id=\"3667\" class=\"be-face-icons un-reacted\" href=\"javascript:void(0)\">\r\n                        <img decoding=\"async\" src=\"https:\/\/jornaloassobio.pt\/wp-content\/plugins\/booster-extension\/\/assets\/icon\/happy.svg\" alt=\"Happy\">\r\n                    <\/a>\r\n                    <div class=\"twp-reaction-title\">\r\n                        Happy                    <\/div>\r\n                    <div class=\"twp-count-percent\">\r\n                                                    <span style=\"display: none;\" class=\"twp-react-count\">0<\/span>\r\n                        \r\n                                                <span class=\"twp-react-percent\"><span>0<\/span> %<\/span>\r\n                                            <\/div>\r\n                <\/div>\r\n\r\n                <div class=\"twp-reacts-wrap\">\r\n                    <a react-data=\"be-react-2\" post-id=\"3667\" class=\"be-face-icons un-reacted\" href=\"javascript:void(0)\">\r\n                        <img decoding=\"async\" src=\"https:\/\/jornaloassobio.pt\/wp-content\/plugins\/booster-extension\/\/assets\/icon\/sad.svg\" alt=\"Sad\">\r\n                    <\/a>\r\n                    <div class=\"twp-reaction-title\">\r\n                        Sad                    <\/div>\r\n                    <div class=\"twp-count-percent\">\r\n                                                    <span style=\"display: none;\" class=\"twp-react-count\">0<\/span>\r\n                                                                        <span class=\"twp-react-percent\"><span>0<\/span> %<\/span>\r\n                                            <\/div>\r\n                <\/div>\r\n\r\n                <div class=\"twp-reacts-wrap\">\r\n                    <a react-data=\"be-react-3\" post-id=\"3667\" class=\"be-face-icons un-reacted\" href=\"javascript:void(0)\">\r\n                        <img decoding=\"async\" src=\"https:\/\/jornaloassobio.pt\/wp-content\/plugins\/booster-extension\/\/assets\/icon\/excited.svg\" alt=\"Excited\">\r\n                    <\/a>\r\n                    <div class=\"twp-reaction-title\">\r\n                        Excited                    <\/div>\r\n                    <div class=\"twp-count-percent\">\r\n                                                    <span style=\"display: none;\" class=\"twp-react-count\">0<\/span>\r\n                                                                        <span class=\"twp-react-percent\"><span>0<\/span> %<\/span>\r\n                                            <\/div>\r\n                <\/div>\r\n\r\n                <div class=\"twp-reacts-wrap\">\r\n                    <a react-data=\"be-react-6\" post-id=\"3667\" class=\"be-face-icons un-reacted\" href=\"javascript:void(0)\">\r\n                        <img decoding=\"async\" src=\"https:\/\/jornaloassobio.pt\/wp-content\/plugins\/booster-extension\/\/assets\/icon\/sleepy.svg\" alt=\"Sleepy\">\r\n                    <\/a>\r\n                    <div class=\"twp-reaction-title\">\r\n                        Sleepy                    <\/div>\r\n                    <div class=\"twp-count-percent\">\r\n                                                    <span style=\"display: none;\" class=\"twp-react-count\">0<\/span>\r\n                        \r\n                                                <span class=\"twp-react-percent\"><span>0<\/span> %<\/span>\r\n                                            <\/div>\r\n                <\/div>\r\n\r\n                <div class=\"twp-reacts-wrap\">\r\n                    <a react-data=\"be-react-4\" post-id=\"3667\" class=\"be-face-icons un-reacted\" href=\"javascript:void(0)\">\r\n                        <img decoding=\"async\" src=\"https:\/\/jornaloassobio.pt\/wp-content\/plugins\/booster-extension\/\/assets\/icon\/angry.svg\" alt=\"Angry\">\r\n                    <\/a>\r\n                    <div class=\"twp-reaction-title\">Angry<\/div>\r\n                    <div class=\"twp-count-percent\">\r\n                                                    <span style=\"display: none;\" class=\"twp-react-count\">0<\/span>\r\n                                                                        <span class=\"twp-react-percent\"><span>0<\/span> %<\/span>\r\n                        \r\n                    <\/div>\r\n                <\/div>\r\n\r\n                <div class=\"twp-reacts-wrap\">\r\n                    <a react-data=\"be-react-5\" post-id=\"3667\" class=\"be-face-icons un-reacted\" href=\"javascript:void(0)\">\r\n                        <img decoding=\"async\" src=\"https:\/\/jornaloassobio.pt\/wp-content\/plugins\/booster-extension\/\/assets\/icon\/surprise.svg\" alt=\"Surprise\">\r\n                    <\/a>\r\n                    <div class=\"twp-reaction-title\">Surprise<\/div>\r\n                    <div class=\"twp-count-percent\">\r\n                                                    <span style=\"display: none;\" class=\"twp-react-count\">0<\/span>\r\n                                                                        <span class=\"twp-react-percent\"><span>0<\/span> %<\/span>\r\n                                            <\/div>\r\n                <\/div>\r\n\r\n            <\/div>\r\n        <\/div>\r\n\r\n    ","protected":false},"excerpt":{"rendered":"<p>No passado dia 26 de mar\u00e7o, os alunos da turma 10\u00baSE que frequentam a disciplina de Hist\u00f3ria B, bem como os alunos das turmas 12\u00ba LH1 e 12\u00ba LH2, realizaram uma Visita de Estudo, no \u00e2mbito das disciplinas de Hist\u00f3ria A, Portugu\u00eas, Psicologia e Geografia C, ao Museu de Arte Contempor\u00e2nea do Centro Cultural de [&hellip;]<\/p>\n","protected":false},"author":6,"featured_media":3672,"comment_status":"open","ping_status":"open","sticky":false,"template":"","format":"standard","meta":{"footnotes":""},"categories":[4],"tags":[],"class_list":["post-3667","post","type-post","status-publish","format-standard","has-post-thumbnail","hentry","category-noticias"],"_links":{"self":[{"href":"https:\/\/jornaloassobio.pt\/index.php?rest_route=\/wp\/v2\/posts\/3667","targetHints":{"allow":["GET"]}}],"collection":[{"href":"https:\/\/jornaloassobio.pt\/index.php?rest_route=\/wp\/v2\/posts"}],"about":[{"href":"https:\/\/jornaloassobio.pt\/index.php?rest_route=\/wp\/v2\/types\/post"}],"author":[{"embeddable":true,"href":"https:\/\/jornaloassobio.pt\/index.php?rest_route=\/wp\/v2\/users\/6"}],"replies":[{"embeddable":true,"href":"https:\/\/jornaloassobio.pt\/index.php?rest_route=%2Fwp%2Fv2%2Fcomments&post=3667"}],"version-history":[{"count":6,"href":"https:\/\/jornaloassobio.pt\/index.php?rest_route=\/wp\/v2\/posts\/3667\/revisions"}],"predecessor-version":[{"id":3677,"href":"https:\/\/jornaloassobio.pt\/index.php?rest_route=\/wp\/v2\/posts\/3667\/revisions\/3677"}],"wp:featuredmedia":[{"embeddable":true,"href":"https:\/\/jornaloassobio.pt\/index.php?rest_route=\/wp\/v2\/media\/3672"}],"wp:attachment":[{"href":"https:\/\/jornaloassobio.pt\/index.php?rest_route=%2Fwp%2Fv2%2Fmedia&parent=3667"}],"wp:term":[{"taxonomy":"category","embeddable":true,"href":"https:\/\/jornaloassobio.pt\/index.php?rest_route=%2Fwp%2Fv2%2Fcategories&post=3667"},{"taxonomy":"post_tag","embeddable":true,"href":"https:\/\/jornaloassobio.pt\/index.php?rest_route=%2Fwp%2Fv2%2Ftags&post=3667"}],"curies":[{"name":"wp","href":"https:\/\/api.w.org\/{rel}","templated":true}]}}