{"id":3715,"date":"2025-04-29T14:48:39","date_gmt":"2025-04-29T14:48:39","guid":{"rendered":"https:\/\/jornaloassobio.pt\/?p=3715"},"modified":"2025-05-02T09:54:22","modified_gmt":"2025-05-02T09:54:22","slug":"dia-do-patrono","status":"publish","type":"post","link":"https:\/\/jornaloassobio.pt\/?p=3715","title":{"rendered":"DIA DO PATRONO"},"content":{"rendered":"<div class='booster-block booster-read-block'>\r\n                <div class=\"twp-read-time\">\r\n                \t<i class=\"booster-icon twp-clock\"><\/i> <span>Read Time:<\/span>48 Second                <\/div>\r\n\r\n            <\/div><p><img loading=\"lazy\" decoding=\"async\" class=\" wp-image-3716 aligncenter\" src=\"https:\/\/jornaloassobio.pt\/wp-content\/uploads\/2025\/04\/Dia-do-Patrono2025-169x300.png\" alt=\"\" width=\"273\" height=\"484\" srcset=\"https:\/\/jornaloassobio.pt\/wp-content\/uploads\/2025\/04\/Dia-do-Patrono2025-169x300.png 169w, https:\/\/jornaloassobio.pt\/wp-content\/uploads\/2025\/04\/Dia-do-Patrono2025-576x1024.png 576w, https:\/\/jornaloassobio.pt\/wp-content\/uploads\/2025\/04\/Dia-do-Patrono2025-768x1365.png 768w, https:\/\/jornaloassobio.pt\/wp-content\/uploads\/2025\/04\/Dia-do-Patrono2025-864x1536.png 864w, https:\/\/jornaloassobio.pt\/wp-content\/uploads\/2025\/04\/Dia-do-Patrono2025.png 1080w\" sizes=\"auto, (max-width: 273px) 100vw, 273px\" \/><\/p>\n<h3>No dia 3 de abril, pelas 9 horas e 30 minutos, iniciaram-se as comemora\u00e7\u00f5es do Dia do Patrono, no Agrupamento de Escolas Severim de Faria . \u00c0 semelhan\u00e7a dos anos anteriores, as\u00a0 atividades foram muito diferenciadas e participadas, iniciando-se com uma rece\u00e7\u00e3o musical seguida de\u00a0 cinema, jogos, workshops, desporto e, para finalizar da melhor maneira,\u00a0 um espet\u00e1culo de dan\u00e7a com o grupo santomense &#8220;Borderless&#8221;.<\/h3>\n<h3>Procedeu-se tamb\u00e9m \u00e0 entrega de diversos pr\u00e9mios, nomeadamente dos Jogos Matem\u00e1ticos ( Dia do Pi\/ Dia da Matem\u00e1tica), do EPAS ( Escola Embaixadora do Parlamento Europeu\/ Embaixadores EPAS) e dos Cartazes &#8220;Recriar Cam\u00f5es&#8221;, para comemorar os 500 anos do nascimento de Cam\u00f5es.<\/h3>\n<h3 class=\"x_elementToProof\" data-olk-copy-source=\"MessageBody\">Pr\u00e9mios entregues:<\/h3>\n<h3 class=\"x_elementToProof\">Concurso de cartazes &#8220;Recriar Cam\u00f5es&#8221;<\/h3>\n<h3 class=\"x_elementToProof\"><\/h3>\n<table class=\"x_elementToProof\" cellspacing=\"0\" cellpadding=\"0\">\n<tbody>\n<tr>\n<td class=\"x_elementToProof\">\n<h3 class=\"x_elementToProof\"><b>Lugar<\/b><\/h3>\n<\/td>\n<td class=\"x_elementToProof\">\n<h3 class=\"x_elementToProof\"><b>Nome<\/b><\/h3>\n<\/td>\n<td class=\"x_elementToProof\">\n<h3 class=\"x_elementToProof\"><b>Ano\/Turma<\/b><\/h3>\n<\/td>\n<\/tr>\n<tr>\n<td class=\"x_elementToProof\">\n<h3 class=\"x_elementToProof\">1\u00ba<\/h3>\n<\/td>\n<td class=\"x_elementToProof\">\n<h3 class=\"x_elementToProof\">Gabriel da Silva Duro<\/h3>\n<\/td>\n<td class=\"x_elementToProof\">\n<h3 class=\"x_elementToProof\">9\u00ba A<\/h3>\n<\/td>\n<\/tr>\n<tr>\n<td class=\"x_elementToProof\">\n<h3 class=\"x_elementToProof\">2\u00ba<\/h3>\n<\/td>\n<td class=\"x_elementToProof\">\n<h3 class=\"x_elementToProof\">Maria Madalena Canaverde Bal\u00e3o<\/h3>\n<\/td>\n<td class=\"x_elementToProof\">\n<h3 class=\"x_elementToProof\">9\u00ba C<\/h3>\n<\/td>\n<\/tr>\n<tr>\n<td class=\"x_elementToProof\">\n<h3 class=\"x_elementToProof\">3\u00ba<\/h3>\n<\/td>\n<td class=\"x_elementToProof\">\n<h3 class=\"x_elementToProof\">Caetana F. T. da Costa Louren\u00e7o<\/h3>\n<\/td>\n<td class=\"x_elementToProof\">\n<h3 class=\"x_elementToProof\">9\u00ba C<\/h3>\n<\/td>\n<\/tr>\n<\/tbody>\n<\/table>\n<h3 class=\"x_elementToProof\">Foram tamb\u00e9m entregues certificados de participa\u00e7\u00e3o na atividade da Escola Embaixadora do Parlamento Europeu\u00a0 (&#8220;Embaixadores&#8221; EPAS) , do Clube Europeu.<\/h3>\n<p><img loading=\"lazy\" decoding=\"async\" class=\"size-medium wp-image-3741 aligncenter\" src=\"https:\/\/jornaloassobio.pt\/wp-content\/uploads\/2025\/04\/20250403_151634-300x169.jpg\" alt=\"\" width=\"300\" height=\"169\" srcset=\"https:\/\/jornaloassobio.pt\/wp-content\/uploads\/2025\/04\/20250403_151634-300x169.jpg 300w, https:\/\/jornaloassobio.pt\/wp-content\/uploads\/2025\/04\/20250403_151634-1024x576.jpg 1024w, https:\/\/jornaloassobio.pt\/wp-content\/uploads\/2025\/04\/20250403_151634-768x432.jpg 768w, https:\/\/jornaloassobio.pt\/wp-content\/uploads\/2025\/04\/20250403_151634-1536x864.jpg 1536w, https:\/\/jornaloassobio.pt\/wp-content\/uploads\/2025\/04\/20250403_151634-2048x1152.jpg 2048w\" sizes=\"auto, (max-width: 300px) 100vw, 300px\" \/><img loading=\"lazy\" decoding=\"async\" class=\"size-medium wp-image-3742 aligncenter\" src=\"https:\/\/jornaloassobio.pt\/wp-content\/uploads\/2025\/04\/20250403_152338-300x169.jpg\" alt=\"\" width=\"300\" height=\"169\" srcset=\"https:\/\/jornaloassobio.pt\/wp-content\/uploads\/2025\/04\/20250403_152338-300x169.jpg 300w, https:\/\/jornaloassobio.pt\/wp-content\/uploads\/2025\/04\/20250403_152338-1024x576.jpg 1024w, https:\/\/jornaloassobio.pt\/wp-content\/uploads\/2025\/04\/20250403_152338-768x432.jpg 768w, https:\/\/jornaloassobio.pt\/wp-content\/uploads\/2025\/04\/20250403_152338-1536x864.jpg 1536w, https:\/\/jornaloassobio.pt\/wp-content\/uploads\/2025\/04\/20250403_152338-2048x1152.jpg 2048w\" sizes=\"auto, (max-width: 300px) 100vw, 300px\" \/><\/p>\n<p>&nbsp;<\/p>\n<h3 class=\"x_elementToProof\">\u00a0<img loading=\"lazy\" decoding=\"async\" class=\"alignnone wp-image-3727\" src=\"https:\/\/jornaloassobio.pt\/wp-content\/uploads\/2025\/04\/20250403_153134-300x169.jpg\" alt=\"\" width=\"337\" height=\"190\" srcset=\"https:\/\/jornaloassobio.pt\/wp-content\/uploads\/2025\/04\/20250403_153134-300x169.jpg 300w, https:\/\/jornaloassobio.pt\/wp-content\/uploads\/2025\/04\/20250403_153134-1024x576.jpg 1024w, https:\/\/jornaloassobio.pt\/wp-content\/uploads\/2025\/04\/20250403_153134-768x432.jpg 768w, https:\/\/jornaloassobio.pt\/wp-content\/uploads\/2025\/04\/20250403_153134-1536x864.jpg 1536w, https:\/\/jornaloassobio.pt\/wp-content\/uploads\/2025\/04\/20250403_153134-2048x1152.jpg 2048w\" sizes=\"auto, (max-width: 337px) 100vw, 337px\" \/> <img loading=\"lazy\" decoding=\"async\" class=\"alignnone wp-image-3728\" src=\"https:\/\/jornaloassobio.pt\/wp-content\/uploads\/2025\/04\/20250403_153211-300x169.jpg\" alt=\"\" width=\"341\" height=\"192\" srcset=\"https:\/\/jornaloassobio.pt\/wp-content\/uploads\/2025\/04\/20250403_153211-300x169.jpg 300w, https:\/\/jornaloassobio.pt\/wp-content\/uploads\/2025\/04\/20250403_153211-1024x576.jpg 1024w, https:\/\/jornaloassobio.pt\/wp-content\/uploads\/2025\/04\/20250403_153211-768x432.jpg 768w, https:\/\/jornaloassobio.pt\/wp-content\/uploads\/2025\/04\/20250403_153211-1536x864.jpg 1536w, https:\/\/jornaloassobio.pt\/wp-content\/uploads\/2025\/04\/20250403_153211-2048x1152.jpg 2048w\" sizes=\"auto, (max-width: 341px) 100vw, 341px\" \/><img loading=\"lazy\" decoding=\"async\" class=\"alignnone wp-image-3726\" src=\"https:\/\/jornaloassobio.pt\/wp-content\/uploads\/2025\/04\/20250403_152410-300x169.jpg\" alt=\"\" width=\"339\" height=\"191\" srcset=\"https:\/\/jornaloassobio.pt\/wp-content\/uploads\/2025\/04\/20250403_152410-300x169.jpg 300w, https:\/\/jornaloassobio.pt\/wp-content\/uploads\/2025\/04\/20250403_152410-1024x576.jpg 1024w, https:\/\/jornaloassobio.pt\/wp-content\/uploads\/2025\/04\/20250403_152410-768x432.jpg 768w, https:\/\/jornaloassobio.pt\/wp-content\/uploads\/2025\/04\/20250403_152410-1536x864.jpg 1536w, https:\/\/jornaloassobio.pt\/wp-content\/uploads\/2025\/04\/20250403_152410-2048x1152.jpg 2048w\" sizes=\"auto, (max-width: 339px) 100vw, 339px\" \/><\/h3>\n<h3 class=\"x_elementToProof\"><\/h3>\n<h3 class=\"x_elementToProof\"><img loading=\"lazy\" decoding=\"async\" class=\"wp-image-3729 alignleft\" src=\"https:\/\/jornaloassobio.pt\/wp-content\/uploads\/2025\/04\/20250403_155323-300x225.jpg\" alt=\"\" width=\"320\" height=\"240\" srcset=\"https:\/\/jornaloassobio.pt\/wp-content\/uploads\/2025\/04\/20250403_155323-300x225.jpg 300w, https:\/\/jornaloassobio.pt\/wp-content\/uploads\/2025\/04\/20250403_155323-1024x768.jpg 1024w, https:\/\/jornaloassobio.pt\/wp-content\/uploads\/2025\/04\/20250403_155323-768x576.jpg 768w, https:\/\/jornaloassobio.pt\/wp-content\/uploads\/2025\/04\/20250403_155323-1536x1152.jpg 1536w, https:\/\/jornaloassobio.pt\/wp-content\/uploads\/2025\/04\/20250403_155323-2048x1536.jpg 2048w\" sizes=\"auto, (max-width: 320px) 100vw, 320px\" \/> <img loading=\"lazy\" decoding=\"async\" class=\"alignnone wp-image-3730\" src=\"https:\/\/jornaloassobio.pt\/wp-content\/uploads\/2025\/04\/20250403_155315-300x225.jpg\" alt=\"\" width=\"317\" height=\"238\" srcset=\"https:\/\/jornaloassobio.pt\/wp-content\/uploads\/2025\/04\/20250403_155315-300x225.jpg 300w, https:\/\/jornaloassobio.pt\/wp-content\/uploads\/2025\/04\/20250403_155315-1024x768.jpg 1024w, https:\/\/jornaloassobio.pt\/wp-content\/uploads\/2025\/04\/20250403_155315-768x576.jpg 768w, https:\/\/jornaloassobio.pt\/wp-content\/uploads\/2025\/04\/20250403_155315-1536x1152.jpg 1536w, https:\/\/jornaloassobio.pt\/wp-content\/uploads\/2025\/04\/20250403_155315-2048x1536.jpg 2048w\" sizes=\"auto, (max-width: 317px) 100vw, 317px\" \/> \u00a0<img loading=\"lazy\" decoding=\"async\" class=\"alignnone wp-image-3732\" src=\"https:\/\/jornaloassobio.pt\/wp-content\/uploads\/2025\/04\/20250403_155332-300x225.jpg\" alt=\"\" width=\"316\" height=\"237\" srcset=\"https:\/\/jornaloassobio.pt\/wp-content\/uploads\/2025\/04\/20250403_155332-300x225.jpg 300w, https:\/\/jornaloassobio.pt\/wp-content\/uploads\/2025\/04\/20250403_155332-1024x768.jpg 1024w, https:\/\/jornaloassobio.pt\/wp-content\/uploads\/2025\/04\/20250403_155332-768x576.jpg 768w, https:\/\/jornaloassobio.pt\/wp-content\/uploads\/2025\/04\/20250403_155332-1536x1152.jpg 1536w, https:\/\/jornaloassobio.pt\/wp-content\/uploads\/2025\/04\/20250403_155332-2048x1536.jpg 2048w\" sizes=\"auto, (max-width: 316px) 100vw, 316px\" \/><\/h3>\n<h3 class=\"x_elementToProof\"><\/h3>\n        <div class=\"booster-block booster-reactions-block\">\r\n            <div class=\"twp-reactions-icons\">\r\n                \r\n                <div class=\"twp-reacts-wrap\">\r\n                    <a react-data=\"be-react-1\" post-id=\"3715\" class=\"be-face-icons un-reacted\" href=\"javascript:void(0)\">\r\n                        <img decoding=\"async\" src=\"https:\/\/jornaloassobio.pt\/wp-content\/plugins\/booster-extension\/\/assets\/icon\/happy.svg\" alt=\"Happy\">\r\n                    <\/a>\r\n                    <div class=\"twp-reaction-title\">\r\n                        Happy                    <\/div>\r\n                    <div class=\"twp-count-percent\">\r\n                                                    <span style=\"display: none;\" class=\"twp-react-count\">0<\/span>\r\n                        \r\n                                                <span class=\"twp-react-percent\"><span>0<\/span> %<\/span>\r\n                                            <\/div>\r\n                <\/div>\r\n\r\n                <div class=\"twp-reacts-wrap\">\r\n                    <a react-data=\"be-react-2\" post-id=\"3715\" class=\"be-face-icons un-reacted\" href=\"javascript:void(0)\">\r\n                        <img decoding=\"async\" src=\"https:\/\/jornaloassobio.pt\/wp-content\/plugins\/booster-extension\/\/assets\/icon\/sad.svg\" alt=\"Sad\">\r\n                    <\/a>\r\n                    <div class=\"twp-reaction-title\">\r\n                        Sad                    <\/div>\r\n                    <div class=\"twp-count-percent\">\r\n                                                    <span style=\"display: none;\" class=\"twp-react-count\">0<\/span>\r\n                                                                        <span class=\"twp-react-percent\"><span>0<\/span> %<\/span>\r\n                                            <\/div>\r\n                <\/div>\r\n\r\n                <div class=\"twp-reacts-wrap\">\r\n                    <a react-data=\"be-react-3\" post-id=\"3715\" class=\"be-face-icons un-reacted\" href=\"javascript:void(0)\">\r\n                        <img decoding=\"async\" src=\"https:\/\/jornaloassobio.pt\/wp-content\/plugins\/booster-extension\/\/assets\/icon\/excited.svg\" alt=\"Excited\">\r\n                    <\/a>\r\n                    <div class=\"twp-reaction-title\">\r\n                        Excited                    <\/div>\r\n                    <div class=\"twp-count-percent\">\r\n                                                    <span style=\"display: none;\" class=\"twp-react-count\">0<\/span>\r\n                                                                        <span class=\"twp-react-percent\"><span>0<\/span> %<\/span>\r\n                                            <\/div>\r\n                <\/div>\r\n\r\n                <div class=\"twp-reacts-wrap\">\r\n                    <a react-data=\"be-react-6\" post-id=\"3715\" class=\"be-face-icons un-reacted\" href=\"javascript:void(0)\">\r\n                        <img decoding=\"async\" src=\"https:\/\/jornaloassobio.pt\/wp-content\/plugins\/booster-extension\/\/assets\/icon\/sleepy.svg\" alt=\"Sleepy\">\r\n                    <\/a>\r\n                    <div class=\"twp-reaction-title\">\r\n                        Sleepy                    <\/div>\r\n                    <div class=\"twp-count-percent\">\r\n                                                    <span style=\"display: none;\" class=\"twp-react-count\">0<\/span>\r\n                        \r\n                                                <span class=\"twp-react-percent\"><span>0<\/span> %<\/span>\r\n                                            <\/div>\r\n                <\/div>\r\n\r\n                <div class=\"twp-reacts-wrap\">\r\n                    <a react-data=\"be-react-4\" post-id=\"3715\" class=\"be-face-icons un-reacted\" href=\"javascript:void(0)\">\r\n                        <img decoding=\"async\" src=\"https:\/\/jornaloassobio.pt\/wp-content\/plugins\/booster-extension\/\/assets\/icon\/angry.svg\" alt=\"Angry\">\r\n                    <\/a>\r\n                    <div class=\"twp-reaction-title\">Angry<\/div>\r\n                    <div class=\"twp-count-percent\">\r\n                                                    <span style=\"display: none;\" class=\"twp-react-count\">0<\/span>\r\n                                                                        <span class=\"twp-react-percent\"><span>0<\/span> %<\/span>\r\n                        \r\n                    <\/div>\r\n                <\/div>\r\n\r\n                <div class=\"twp-reacts-wrap\">\r\n                    <a react-data=\"be-react-5\" post-id=\"3715\" class=\"be-face-icons un-reacted\" href=\"javascript:void(0)\">\r\n                        <img decoding=\"async\" src=\"https:\/\/jornaloassobio.pt\/wp-content\/plugins\/booster-extension\/\/assets\/icon\/surprise.svg\" alt=\"Surprise\">\r\n                    <\/a>\r\n                    <div class=\"twp-reaction-title\">Surprise<\/div>\r\n                    <div class=\"twp-count-percent\">\r\n                                                    <span style=\"display: none;\" class=\"twp-react-count\">0<\/span>\r\n                                                                        <span class=\"twp-react-percent\"><span>0<\/span> %<\/span>\r\n                                            <\/div>\r\n                <\/div>\r\n\r\n            <\/div>\r\n        <\/div>\r\n\r\n    ","protected":false},"excerpt":{"rendered":"<p>No dia 3 de abril, pelas 9 horas e 30 minutos, iniciaram-se as comemora\u00e7\u00f5es do Dia do Patrono, no Agrupamento de Escolas Severim de Faria . \u00c0 semelhan\u00e7a dos anos anteriores, as\u00a0 atividades foram muito diferenciadas e participadas, iniciando-se com uma rece\u00e7\u00e3o musical seguida de\u00a0 cinema, jogos, workshops, desporto e, para finalizar da melhor maneira,\u00a0 [&hellip;]<\/p>\n","protected":false},"author":6,"featured_media":3716,"comment_status":"open","ping_status":"open","sticky":false,"template":"","format":"standard","meta":{"footnotes":""},"categories":[4],"tags":[],"class_list":["post-3715","post","type-post","status-publish","format-standard","has-post-thumbnail","hentry","category-noticias"],"_links":{"self":[{"href":"https:\/\/jornaloassobio.pt\/index.php?rest_route=\/wp\/v2\/posts\/3715","targetHints":{"allow":["GET"]}}],"collection":[{"href":"https:\/\/jornaloassobio.pt\/index.php?rest_route=\/wp\/v2\/posts"}],"about":[{"href":"https:\/\/jornaloassobio.pt\/index.php?rest_route=\/wp\/v2\/types\/post"}],"author":[{"embeddable":true,"href":"https:\/\/jornaloassobio.pt\/index.php?rest_route=\/wp\/v2\/users\/6"}],"replies":[{"embeddable":true,"href":"https:\/\/jornaloassobio.pt\/index.php?rest_route=%2Fwp%2Fv2%2Fcomments&post=3715"}],"version-history":[{"count":11,"href":"https:\/\/jornaloassobio.pt\/index.php?rest_route=\/wp\/v2\/posts\/3715\/revisions"}],"predecessor-version":[{"id":3744,"href":"https:\/\/jornaloassobio.pt\/index.php?rest_route=\/wp\/v2\/posts\/3715\/revisions\/3744"}],"wp:featuredmedia":[{"embeddable":true,"href":"https:\/\/jornaloassobio.pt\/index.php?rest_route=\/wp\/v2\/media\/3716"}],"wp:attachment":[{"href":"https:\/\/jornaloassobio.pt\/index.php?rest_route=%2Fwp%2Fv2%2Fmedia&parent=3715"}],"wp:term":[{"taxonomy":"category","embeddable":true,"href":"https:\/\/jornaloassobio.pt\/index.php?rest_route=%2Fwp%2Fv2%2Fcategories&post=3715"},{"taxonomy":"post_tag","embeddable":true,"href":"https:\/\/jornaloassobio.pt\/index.php?rest_route=%2Fwp%2Fv2%2Ftags&post=3715"}],"curies":[{"name":"wp","href":"https:\/\/api.w.org\/{rel}","templated":true}]}}