{"id":373,"date":"2023-10-18T12:03:27","date_gmt":"2023-10-18T12:03:27","guid":{"rendered":"https:\/\/jornaloassobio.pt\/?p=373"},"modified":"2023-12-14T15:48:13","modified_gmt":"2023-12-14T15:48:13","slug":"pequena-grande-visita-ao-museu-do-prado","status":"publish","type":"post","link":"https:\/\/jornaloassobio.pt\/?p=373","title":{"rendered":"PEQUENA GRANDE VISITA AO MUSEU DO PRADO"},"content":{"rendered":"<div class='booster-block booster-read-block'>\r\n                <div class=\"twp-read-time\">\r\n                \t<i class=\"booster-icon twp-clock\"><\/i> <span>Read Time:<\/span>31 Second                <\/div>\r\n\r\n            <\/div><p><img loading=\"lazy\" decoding=\"async\" class=\"alignnone wp-image-383\" src=\"https:\/\/jornaloassobio.pt\/wp-content\/uploads\/2023\/10\/IMG_2975-300x225.jpg\" alt=\"\" width=\"395\" height=\"296\" srcset=\"https:\/\/jornaloassobio.pt\/wp-content\/uploads\/2023\/10\/IMG_2975-300x225.jpg 300w, https:\/\/jornaloassobio.pt\/wp-content\/uploads\/2023\/10\/IMG_2975-1024x768.jpg 1024w, https:\/\/jornaloassobio.pt\/wp-content\/uploads\/2023\/10\/IMG_2975-768x576.jpg 768w, https:\/\/jornaloassobio.pt\/wp-content\/uploads\/2023\/10\/IMG_2975-1536x1152.jpg 1536w, https:\/\/jornaloassobio.pt\/wp-content\/uploads\/2023\/10\/IMG_2975-2048x1536.jpg 2048w\" sizes=\"auto, (max-width: 395px) 100vw, 395px\" \/><img loading=\"lazy\" decoding=\"async\" class=\"alignnone size-medium wp-image-378\" src=\"https:\/\/jornaloassobio.pt\/wp-content\/uploads\/2023\/10\/IMG_3051-225x300.jpg\" alt=\"\" width=\"225\" height=\"300\" srcset=\"https:\/\/jornaloassobio.pt\/wp-content\/uploads\/2023\/10\/IMG_3051-225x300.jpg 225w, https:\/\/jornaloassobio.pt\/wp-content\/uploads\/2023\/10\/IMG_3051-768x1024.jpg 768w, https:\/\/jornaloassobio.pt\/wp-content\/uploads\/2023\/10\/IMG_3051-1152x1536.jpg 1152w, https:\/\/jornaloassobio.pt\/wp-content\/uploads\/2023\/10\/IMG_3051-1536x2048.jpg 1536w, https:\/\/jornaloassobio.pt\/wp-content\/uploads\/2023\/10\/IMG_3051-scaled.jpg 1920w\" sizes=\"auto, (max-width: 225px) 100vw, 225px\" \/> <img loading=\"lazy\" decoding=\"async\" class=\"alignnone size-medium wp-image-379\" src=\"https:\/\/jornaloassobio.pt\/wp-content\/uploads\/2023\/10\/IMG_3063-225x300.jpg\" alt=\"\" width=\"225\" height=\"300\" srcset=\"https:\/\/jornaloassobio.pt\/wp-content\/uploads\/2023\/10\/IMG_3063-225x300.jpg 225w, https:\/\/jornaloassobio.pt\/wp-content\/uploads\/2023\/10\/IMG_3063-768x1024.jpg 768w, https:\/\/jornaloassobio.pt\/wp-content\/uploads\/2023\/10\/IMG_3063-1152x1536.jpg 1152w, https:\/\/jornaloassobio.pt\/wp-content\/uploads\/2023\/10\/IMG_3063-1536x2048.jpg 1536w, https:\/\/jornaloassobio.pt\/wp-content\/uploads\/2023\/10\/IMG_3063-scaled.jpg 1920w\" sizes=\"auto, (max-width: 225px) 100vw, 225px\" \/> <img loading=\"lazy\" decoding=\"async\" class=\"alignnone size-medium wp-image-380\" src=\"https:\/\/jornaloassobio.pt\/wp-content\/uploads\/2023\/10\/IMG_3037-225x300.jpg\" alt=\"\" width=\"225\" height=\"300\" srcset=\"https:\/\/jornaloassobio.pt\/wp-content\/uploads\/2023\/10\/IMG_3037-225x300.jpg 225w, https:\/\/jornaloassobio.pt\/wp-content\/uploads\/2023\/10\/IMG_3037-768x1024.jpg 768w, https:\/\/jornaloassobio.pt\/wp-content\/uploads\/2023\/10\/IMG_3037-1152x1536.jpg 1152w, https:\/\/jornaloassobio.pt\/wp-content\/uploads\/2023\/10\/IMG_3037-1536x2048.jpg 1536w, https:\/\/jornaloassobio.pt\/wp-content\/uploads\/2023\/10\/IMG_3037-scaled.jpg 1920w\" sizes=\"auto, (max-width: 225px) 100vw, 225px\" \/> <img loading=\"lazy\" decoding=\"async\" class=\"alignnone size-medium wp-image-381\" src=\"https:\/\/jornaloassobio.pt\/wp-content\/uploads\/2023\/10\/IMG_3036-225x300.jpg\" alt=\"\" width=\"225\" height=\"300\" srcset=\"https:\/\/jornaloassobio.pt\/wp-content\/uploads\/2023\/10\/IMG_3036-225x300.jpg 225w, https:\/\/jornaloassobio.pt\/wp-content\/uploads\/2023\/10\/IMG_3036-768x1024.jpg 768w, https:\/\/jornaloassobio.pt\/wp-content\/uploads\/2023\/10\/IMG_3036-1152x1536.jpg 1152w, https:\/\/jornaloassobio.pt\/wp-content\/uploads\/2023\/10\/IMG_3036-1536x2048.jpg 1536w, https:\/\/jornaloassobio.pt\/wp-content\/uploads\/2023\/10\/IMG_3036-scaled.jpg 1920w\" sizes=\"auto, (max-width: 225px) 100vw, 225px\" \/><\/p>\n<p>&nbsp;<\/p>\n<p>No dia 18 de outubro, os alunos das Escolas B\u00e1sicas de S. Mamede e de S. Man\u00e7os, acompanhados pelos respetivos professores e auxiliares\u00a0 de a\u00e7\u00e3o educativa, visitaram a exposi\u00e7\u00e3o das pinturas do Museu do Prado, expostas na Sala dos Atos da Escola Secund\u00e1ria\u00a0 Severim de Faria.<\/p>\n<p>Ap\u00f3s a visita \u00e0 exposi\u00e7\u00e3o, os grupos dirigiram-se \u00e0 Biblioteca para, orientados por alunos do Curso Profissional de Apoio Psicossocial, ilustrarem as r\u00e9plicas das pinturas dos v\u00e1rios pintores espanh\u00f3is, de acordo com a sua criatividade.<\/p>\n<p>Para al\u00e9m da grande aflu\u00eancia verificada, tamb\u00e9m se manifestou um grande interesse, da parte dos &#8220;pequenos&#8221; alunos, por esta atividade.<\/p>\n        <div class=\"booster-block booster-reactions-block\">\r\n            <div class=\"twp-reactions-icons\">\r\n                \r\n                <div class=\"twp-reacts-wrap\">\r\n                    <a react-data=\"be-react-1\" post-id=\"373\" class=\"be-face-icons un-reacted\" href=\"javascript:void(0)\">\r\n                        <img decoding=\"async\" src=\"https:\/\/jornaloassobio.pt\/wp-content\/plugins\/booster-extension\/\/assets\/icon\/happy.svg\" alt=\"Happy\">\r\n                    <\/a>\r\n                    <div class=\"twp-reaction-title\">\r\n                        Happy                    <\/div>\r\n                    <div class=\"twp-count-percent\">\r\n                                                    <span style=\"display: none;\" class=\"twp-react-count\">1<\/span>\r\n                        \r\n                                                <span class=\"twp-react-percent\"><span>100<\/span> %<\/span>\r\n                                            <\/div>\r\n                <\/div>\r\n\r\n                <div class=\"twp-reacts-wrap\">\r\n                    <a react-data=\"be-react-2\" post-id=\"373\" class=\"be-face-icons un-reacted\" href=\"javascript:void(0)\">\r\n                        <img decoding=\"async\" src=\"https:\/\/jornaloassobio.pt\/wp-content\/plugins\/booster-extension\/\/assets\/icon\/sad.svg\" alt=\"Sad\">\r\n                    <\/a>\r\n                    <div class=\"twp-reaction-title\">\r\n                        Sad                    <\/div>\r\n                    <div class=\"twp-count-percent\">\r\n                                                    <span style=\"display: none;\" class=\"twp-react-count\">0<\/span>\r\n                                                                        <span class=\"twp-react-percent\"><span>0<\/span> %<\/span>\r\n                                            <\/div>\r\n                <\/div>\r\n\r\n                <div class=\"twp-reacts-wrap\">\r\n                    <a react-data=\"be-react-3\" post-id=\"373\" class=\"be-face-icons un-reacted\" href=\"javascript:void(0)\">\r\n                        <img decoding=\"async\" src=\"https:\/\/jornaloassobio.pt\/wp-content\/plugins\/booster-extension\/\/assets\/icon\/excited.svg\" alt=\"Excited\">\r\n                    <\/a>\r\n                    <div class=\"twp-reaction-title\">\r\n                        Excited                    <\/div>\r\n                    <div class=\"twp-count-percent\">\r\n                                                    <span style=\"display: none;\" class=\"twp-react-count\">0<\/span>\r\n                                                                        <span class=\"twp-react-percent\"><span>0<\/span> %<\/span>\r\n                                            <\/div>\r\n                <\/div>\r\n\r\n                <div class=\"twp-reacts-wrap\">\r\n                    <a react-data=\"be-react-6\" post-id=\"373\" class=\"be-face-icons un-reacted\" href=\"javascript:void(0)\">\r\n                        <img decoding=\"async\" src=\"https:\/\/jornaloassobio.pt\/wp-content\/plugins\/booster-extension\/\/assets\/icon\/sleepy.svg\" alt=\"Sleepy\">\r\n                    <\/a>\r\n                    <div class=\"twp-reaction-title\">\r\n                        Sleepy                    <\/div>\r\n                    <div class=\"twp-count-percent\">\r\n                                                    <span style=\"display: none;\" class=\"twp-react-count\">0<\/span>\r\n                        \r\n                                                <span class=\"twp-react-percent\"><span>0<\/span> %<\/span>\r\n                                            <\/div>\r\n                <\/div>\r\n\r\n                <div class=\"twp-reacts-wrap\">\r\n                    <a react-data=\"be-react-4\" post-id=\"373\" class=\"be-face-icons un-reacted\" href=\"javascript:void(0)\">\r\n                        <img decoding=\"async\" src=\"https:\/\/jornaloassobio.pt\/wp-content\/plugins\/booster-extension\/\/assets\/icon\/angry.svg\" alt=\"Angry\">\r\n                    <\/a>\r\n                    <div class=\"twp-reaction-title\">Angry<\/div>\r\n                    <div class=\"twp-count-percent\">\r\n                                                    <span style=\"display: none;\" class=\"twp-react-count\">0<\/span>\r\n                                                                        <span class=\"twp-react-percent\"><span>0<\/span> %<\/span>\r\n                        \r\n                    <\/div>\r\n                <\/div>\r\n\r\n                <div class=\"twp-reacts-wrap\">\r\n                    <a react-data=\"be-react-5\" post-id=\"373\" class=\"be-face-icons un-reacted\" href=\"javascript:void(0)\">\r\n                        <img decoding=\"async\" src=\"https:\/\/jornaloassobio.pt\/wp-content\/plugins\/booster-extension\/\/assets\/icon\/surprise.svg\" alt=\"Surprise\">\r\n                    <\/a>\r\n                    <div class=\"twp-reaction-title\">Surprise<\/div>\r\n                    <div class=\"twp-count-percent\">\r\n                                                    <span style=\"display: none;\" class=\"twp-react-count\">0<\/span>\r\n                                                                        <span class=\"twp-react-percent\"><span>0<\/span> %<\/span>\r\n                                            <\/div>\r\n                <\/div>\r\n\r\n            <\/div>\r\n        <\/div>\r\n\r\n    ","protected":false},"excerpt":{"rendered":"<p>&nbsp; No dia 18 de outubro, os alunos das Escolas B\u00e1sicas de S. Mamede e de S. Man\u00e7os, acompanhados pelos respetivos professores e auxiliares\u00a0 de a\u00e7\u00e3o educativa, visitaram a exposi\u00e7\u00e3o das pinturas do Museu do Prado, expostas na Sala dos Atos da Escola Secund\u00e1ria\u00a0 Severim de Faria. Ap\u00f3s a visita \u00e0 exposi\u00e7\u00e3o, os grupos dirigiram-se [&hellip;]<\/p>\n","protected":false},"author":6,"featured_media":378,"comment_status":"open","ping_status":"open","sticky":false,"template":"","format":"standard","meta":{"footnotes":""},"categories":[4],"tags":[],"class_list":["post-373","post","type-post","status-publish","format-standard","has-post-thumbnail","hentry","category-noticias"],"_links":{"self":[{"href":"https:\/\/jornaloassobio.pt\/index.php?rest_route=\/wp\/v2\/posts\/373","targetHints":{"allow":["GET"]}}],"collection":[{"href":"https:\/\/jornaloassobio.pt\/index.php?rest_route=\/wp\/v2\/posts"}],"about":[{"href":"https:\/\/jornaloassobio.pt\/index.php?rest_route=\/wp\/v2\/types\/post"}],"author":[{"embeddable":true,"href":"https:\/\/jornaloassobio.pt\/index.php?rest_route=\/wp\/v2\/users\/6"}],"replies":[{"embeddable":true,"href":"https:\/\/jornaloassobio.pt\/index.php?rest_route=%2Fwp%2Fv2%2Fcomments&post=373"}],"version-history":[{"count":4,"href":"https:\/\/jornaloassobio.pt\/index.php?rest_route=\/wp\/v2\/posts\/373\/revisions"}],"predecessor-version":[{"id":385,"href":"https:\/\/jornaloassobio.pt\/index.php?rest_route=\/wp\/v2\/posts\/373\/revisions\/385"}],"wp:featuredmedia":[{"embeddable":true,"href":"https:\/\/jornaloassobio.pt\/index.php?rest_route=\/wp\/v2\/media\/378"}],"wp:attachment":[{"href":"https:\/\/jornaloassobio.pt\/index.php?rest_route=%2Fwp%2Fv2%2Fmedia&parent=373"}],"wp:term":[{"taxonomy":"category","embeddable":true,"href":"https:\/\/jornaloassobio.pt\/index.php?rest_route=%2Fwp%2Fv2%2Fcategories&post=373"},{"taxonomy":"post_tag","embeddable":true,"href":"https:\/\/jornaloassobio.pt\/index.php?rest_route=%2Fwp%2Fv2%2Ftags&post=373"}],"curies":[{"name":"wp","href":"https:\/\/api.w.org\/{rel}","templated":true}]}}