{"id":3790,"date":"2025-05-19T11:30:14","date_gmt":"2025-05-19T11:30:14","guid":{"rendered":"https:\/\/jornaloassobio.pt\/?p=3790"},"modified":"2025-05-19T11:48:43","modified_gmt":"2025-05-19T11:48:43","slug":"entre-olhares-2835-milhas-de-interculturalidade","status":"publish","type":"post","link":"https:\/\/jornaloassobio.pt\/?p=3790","title":{"rendered":"ENTRE OLHARES : 2835 MILHAS DE INTERCULTURALIDADE"},"content":{"rendered":"<div class='booster-block booster-read-block'>\r\n                <div class=\"twp-read-time\">\r\n                \t<i class=\"booster-icon twp-clock\"><\/i> <span>Read Time:<\/span>2 Minute, 8 Second                <\/div>\r\n\r\n            <\/div><p>No \u00e2mbito do Projeto para a Interculturalidade &#8220;Entre olhares&#8221;, foi inaugurada, no dia 5 de maio, na sala dos Atos da Escola Secund\u00e1ria Severim de Faria, a exposi\u00e7\u00e3o &#8220;2835 milhas&#8221;.<\/p>\n<p style=\"text-align: center;\"><img loading=\"lazy\" decoding=\"async\" class=\"aligncenter\" src=\"https:\/\/aeseverim.pt\/wp-content\/uploads\/2025\/05\/Exposicao-Logos-724x1024.png\" width=\"383\" height=\"542\" \/><strong>Exposi\u00e7\u00e3o 2835 milhas &#8211; <\/strong>5 a 16 de maio \u2013Sala dos Atos da ESSF<\/p>\n<p><img loading=\"lazy\" decoding=\"async\" class=\"alignnone size-medium wp-image-3793\" src=\"https:\/\/jornaloassobio.pt\/wp-content\/uploads\/2025\/05\/IMG_9098-300x225.jpg\" alt=\"\" width=\"300\" height=\"225\" srcset=\"https:\/\/jornaloassobio.pt\/wp-content\/uploads\/2025\/05\/IMG_9098-300x225.jpg 300w, https:\/\/jornaloassobio.pt\/wp-content\/uploads\/2025\/05\/IMG_9098-1024x768.jpg 1024w, https:\/\/jornaloassobio.pt\/wp-content\/uploads\/2025\/05\/IMG_9098-768x576.jpg 768w, https:\/\/jornaloassobio.pt\/wp-content\/uploads\/2025\/05\/IMG_9098-1536x1152.jpg 1536w, https:\/\/jornaloassobio.pt\/wp-content\/uploads\/2025\/05\/IMG_9098-2048x1536.jpg 2048w\" sizes=\"auto, (max-width: 300px) 100vw, 300px\" \/><img loading=\"lazy\" decoding=\"async\" class=\"alignnone size-medium wp-image-3794\" src=\"https:\/\/jornaloassobio.pt\/wp-content\/uploads\/2025\/05\/IMG_9116-300x225.jpg\" alt=\"\" width=\"300\" height=\"225\" srcset=\"https:\/\/jornaloassobio.pt\/wp-content\/uploads\/2025\/05\/IMG_9116-300x225.jpg 300w, https:\/\/jornaloassobio.pt\/wp-content\/uploads\/2025\/05\/IMG_9116-1024x768.jpg 1024w, https:\/\/jornaloassobio.pt\/wp-content\/uploads\/2025\/05\/IMG_9116-768x576.jpg 768w, https:\/\/jornaloassobio.pt\/wp-content\/uploads\/2025\/05\/IMG_9116-1536x1152.jpg 1536w, https:\/\/jornaloassobio.pt\/wp-content\/uploads\/2025\/05\/IMG_9116-2048x1536.jpg 2048w\" sizes=\"auto, (max-width: 300px) 100vw, 300px\" \/><\/p>\n<p><img loading=\"lazy\" decoding=\"async\" class=\"alignnone size-medium wp-image-3792\" src=\"https:\/\/jornaloassobio.pt\/wp-content\/uploads\/2025\/05\/IMG_9126-225x300.jpg\" alt=\"\" width=\"225\" height=\"300\" srcset=\"https:\/\/jornaloassobio.pt\/wp-content\/uploads\/2025\/05\/IMG_9126-225x300.jpg 225w, https:\/\/jornaloassobio.pt\/wp-content\/uploads\/2025\/05\/IMG_9126-768x1024.jpg 768w, https:\/\/jornaloassobio.pt\/wp-content\/uploads\/2025\/05\/IMG_9126-1152x1536.jpg 1152w, https:\/\/jornaloassobio.pt\/wp-content\/uploads\/2025\/05\/IMG_9126-1536x2048.jpg 1536w, https:\/\/jornaloassobio.pt\/wp-content\/uploads\/2025\/05\/IMG_9126-scaled.jpg 1920w\" sizes=\"auto, (max-width: 225px) 100vw, 225px\" \/><img loading=\"lazy\" decoding=\"async\" class=\"alignnone size-medium wp-image-3795\" src=\"https:\/\/jornaloassobio.pt\/wp-content\/uploads\/2025\/05\/IMG_9114-300x225.jpg\" alt=\"\" width=\"300\" height=\"225\" srcset=\"https:\/\/jornaloassobio.pt\/wp-content\/uploads\/2025\/05\/IMG_9114-300x225.jpg 300w, https:\/\/jornaloassobio.pt\/wp-content\/uploads\/2025\/05\/IMG_9114-1024x768.jpg 1024w, https:\/\/jornaloassobio.pt\/wp-content\/uploads\/2025\/05\/IMG_9114-768x576.jpg 768w, https:\/\/jornaloassobio.pt\/wp-content\/uploads\/2025\/05\/IMG_9114-1536x1152.jpg 1536w, https:\/\/jornaloassobio.pt\/wp-content\/uploads\/2025\/05\/IMG_9114-2048x1536.jpg 2048w\" sizes=\"auto, (max-width: 300px) 100vw, 300px\" \/><img loading=\"lazy\" decoding=\"async\" class=\"size-medium wp-image-3796 alignleft\" src=\"https:\/\/jornaloassobio.pt\/wp-content\/uploads\/2025\/05\/IMG_9059-225x300.jpg\" alt=\"\" width=\"225\" height=\"300\" srcset=\"https:\/\/jornaloassobio.pt\/wp-content\/uploads\/2025\/05\/IMG_9059-225x300.jpg 225w, https:\/\/jornaloassobio.pt\/wp-content\/uploads\/2025\/05\/IMG_9059-768x1024.jpg 768w, https:\/\/jornaloassobio.pt\/wp-content\/uploads\/2025\/05\/IMG_9059-1152x1536.jpg 1152w, https:\/\/jornaloassobio.pt\/wp-content\/uploads\/2025\/05\/IMG_9059-1536x2048.jpg 1536w, https:\/\/jornaloassobio.pt\/wp-content\/uploads\/2025\/05\/IMG_9059-scaled.jpg 1920w\" sizes=\"auto, (max-width: 225px) 100vw, 225px\" \/><\/p>\n<p>Apresenta-se, seguidamente, o programa completo do evento.<\/p>\n<ul>\n<li><strong>Dia 05 maio &#8211; <\/strong>Inaugura\u00e7\u00e3o da \u201c<strong>Exposi\u00e7\u00e3o 2835 milhas\u201d<\/strong> \/<\/li>\n<li>Celebra\u00e7\u00e3o do Dia da L\u00edngua Portuguesa, no Audit\u00f3rio da ESSF.<\/li>\n<li>Atua\u00e7\u00e3o do Grupo de Cante Alentejano: Cantares de \u00c9vora.<\/li>\n<li>Atua\u00e7\u00e3o do Grupo de Cante de St. Clara.<\/li>\n<li>Leituras de textos\/poemas por alunos e\u00a0 professores.<\/li>\n<li>Leitura de poemas por Ant\u00f3nia Mendes.<\/li>\n<li><strong>Dia 06 maio \u2013<\/strong>\u2013 Demonstra\u00e7\u00e3o\/workshop de culin\u00e1ria brasileira<\/li>\n<li>Dan\u00e7a (Escola de Samba de \u00c9vora)<\/li>\n<li>Workshop de culin\u00e1ria &#8211; Sala dos Atos.<\/li>\n<li>Dan\u00e7a \u2013 Audit\u00f3rio \/ P\u00e1tio interior.<\/li>\n<li><strong>Dia 07 maio <\/strong>\u2013Exibi\u00e7\u00e3o do filme \u201cO INIMIGO da turma\u201d, de Rok Bic, no Audit\u00f3rio da ESSF<\/li>\n<\/ul>\n<p><strong>Dia 08 maio \u2013<\/strong> Demonstra\u00e7\u00e3o\/workshop de culin\u00e1ria paquistanesa.<\/p>\n<p>Lan\u00e7amento do livro de culin\u00e1ria intercultural\u2013 \u201cReceitas Partilhadas\u201d na Sala dos Atos.<\/p>\n<p><strong>Dia 09 maio \u2013<\/strong> Dia aberto \/ Visitas \u00e0 \u201c<strong>Exposi\u00e7\u00e3o 2835 milhas\u201d<\/strong>, na Sala dos Atos.<\/p>\n<p><strong>Dia 12 maio \u2013 <\/strong>Apresenta\u00e7\u00e3o do livro \u201cA Constru\u00e7\u00e3o Sociocultural de Lugares Tur\u00edsticos\u201d, de Samuel Sp\u00ednola, na Sala dos Atos\u00a0.<\/p>\n<p><strong>Dia 13 maio <\/strong>\u2013 Apresenta\u00e7\u00e3o do livro \u201cGynea\u201d, de Arlinda M\u00e1rtires, na Sala dos Atos.<\/p>\n<p><strong>Dia 14 maio \u2013 <\/strong>Demonstra\u00e7\u00e3o \/ Exposi\u00e7\u00e3o de trabalhos em madeira, na Sala dos Atos.<\/p>\n<p><strong>Dia 15 maio \u2013<\/strong>Workshop de trancinhas (no Audit\u00f3rio).<\/p>\n<p>Dan\u00e7a de S. Tom\u00e9 (\u201cBorderless\u201d), no Audit\u00f3rio da ESSF.<\/p>\n<p><strong>Dia 16 maio \u2013<\/strong>Demonstra\u00e7\u00e3o \/ exposi\u00e7\u00e3o de trabalhos em cer\u00e2mica, na Sala dos Atos.<\/p>\n<p><strong>\u00a0<\/strong><strong>Ciclo de cinema<\/strong><\/p>\n<p><strong>Dia 21 mar\u00e7o<\/strong> &#8211; Realizadores de Mo\u00e7ambique \u2013 Exibi\u00e7\u00e3o dos filmes \u201cVirgem Margarida\u201d, de L\u00edcino de Azevedo, e \u201cMabata Bata\u201d, Sol de Carvalho (adapta\u00e7\u00e3o de uma obra de Mia Couto) \u2013 Audit\u00f3rio ESSF.<\/p>\n<p><strong>Dia 27 mar\u00e7o<\/strong> \u2013 Realizadores do Brasil \u2013 Exibi\u00e7\u00e3o dos filmes \u201cCapit\u00e3es da Areia\u201d, de Cec\u00edlia Amado (adapta\u00e7\u00e3o de uma obra de Jorge Amado), e \u201cRetratos Fantasmas\u201d, de Kleber Mendon\u00e7a Filho \u2013 Audit\u00f3rio ESSF.<\/p>\n<p><strong>Dia 01 de Abril<\/strong> &#8211; Realizador da Ucr\u00e2nia \u2013 Exibi\u00e7\u00e3o do filme \u201c20 Days in Mariupol\u201d, de Mstyslav Chernov \u2013 Audit\u00f3rio ESSF.<\/p>\n<p><strong>Dia 22 abril<\/strong> &#8211; Presen\u00e7a do realizador de Angola \u2013 Exibi\u00e7\u00e3o do filme \u201cO Her\u00f3i\u201d, de ZeZ\u00e9 Gamboa, \u00e0s 10h05, no Audit\u00f3rio ESSF<\/p>\n<p><strong>Dia 28 abril<\/strong> &#8211; Realizador da Pol\u00f3nia \u2013 Exibi\u00e7\u00e3o do filme \u201cAfterimage\u201d, de Andrej Wajda, \u00e0s 11h45, no Audit\u00f3rio ESSF.<\/p>\n<p><strong>Dia 05 maio &#8211;<\/strong> Realizador da S\u00e9rvia &#8211; Exibi\u00e7\u00e3o do filme \u201cNa Via L\u00e1ctea\u201d, de Emir Kusturica, \u00e0s 11h45, no Audit\u00f3rio ESSF.<\/p>\n<p><strong>Dia 07 maio <\/strong>&#8211; Realizador da Eslov\u00e9nia &#8211; Exibi\u00e7\u00e3o do filme \u201cO INIMIGO da turma\u201d, de Rok Bic, \u00e0s 10h05, no Audit\u00f3rio ESSF.<\/p>\n<p><strong>Mostra Gastron\u00f3mica:<\/strong><\/p>\n<p><strong>Ementa na cantina<\/strong><\/p>\n<p><strong>Recolha\/livro de receitas <\/strong>\u201cReceitas partilhadas\u201d.<\/p>\n<p><img decoding=\"async\" src=\"https:\/\/aeseverim.pt\/wp-content\/uploads\/2025\/05\/menu_page-0001-725x1024.jpg\" \/><\/p>\n<p>&nbsp;<\/p>\n        <div class=\"booster-block booster-reactions-block\">\r\n            <div class=\"twp-reactions-icons\">\r\n                \r\n                <div class=\"twp-reacts-wrap\">\r\n                    <a react-data=\"be-react-1\" post-id=\"3790\" class=\"be-face-icons un-reacted\" href=\"javascript:void(0)\">\r\n                        <img decoding=\"async\" src=\"https:\/\/jornaloassobio.pt\/wp-content\/plugins\/booster-extension\/\/assets\/icon\/happy.svg\" alt=\"Happy\">\r\n                    <\/a>\r\n                    <div class=\"twp-reaction-title\">\r\n                        Happy                    <\/div>\r\n                    <div class=\"twp-count-percent\">\r\n                                                    <span style=\"display: none;\" class=\"twp-react-count\">0<\/span>\r\n                        \r\n                                                <span class=\"twp-react-percent\"><span>0<\/span> %<\/span>\r\n                                            <\/div>\r\n                <\/div>\r\n\r\n                <div class=\"twp-reacts-wrap\">\r\n                    <a react-data=\"be-react-2\" post-id=\"3790\" class=\"be-face-icons un-reacted\" href=\"javascript:void(0)\">\r\n                        <img decoding=\"async\" src=\"https:\/\/jornaloassobio.pt\/wp-content\/plugins\/booster-extension\/\/assets\/icon\/sad.svg\" alt=\"Sad\">\r\n                    <\/a>\r\n                    <div class=\"twp-reaction-title\">\r\n                        Sad                    <\/div>\r\n                    <div class=\"twp-count-percent\">\r\n                                                    <span style=\"display: none;\" class=\"twp-react-count\">0<\/span>\r\n                                                                        <span class=\"twp-react-percent\"><span>0<\/span> %<\/span>\r\n                                            <\/div>\r\n                <\/div>\r\n\r\n                <div class=\"twp-reacts-wrap\">\r\n                    <a react-data=\"be-react-3\" post-id=\"3790\" class=\"be-face-icons un-reacted\" href=\"javascript:void(0)\">\r\n                        <img decoding=\"async\" src=\"https:\/\/jornaloassobio.pt\/wp-content\/plugins\/booster-extension\/\/assets\/icon\/excited.svg\" alt=\"Excited\">\r\n                    <\/a>\r\n                    <div class=\"twp-reaction-title\">\r\n                        Excited                    <\/div>\r\n                    <div class=\"twp-count-percent\">\r\n                                                    <span style=\"display: none;\" class=\"twp-react-count\">0<\/span>\r\n                                                                        <span class=\"twp-react-percent\"><span>0<\/span> %<\/span>\r\n                                            <\/div>\r\n                <\/div>\r\n\r\n                <div class=\"twp-reacts-wrap\">\r\n                    <a react-data=\"be-react-6\" post-id=\"3790\" class=\"be-face-icons un-reacted\" href=\"javascript:void(0)\">\r\n                        <img decoding=\"async\" src=\"https:\/\/jornaloassobio.pt\/wp-content\/plugins\/booster-extension\/\/assets\/icon\/sleepy.svg\" alt=\"Sleepy\">\r\n                    <\/a>\r\n                    <div class=\"twp-reaction-title\">\r\n                        Sleepy                    <\/div>\r\n                    <div class=\"twp-count-percent\">\r\n                                                    <span style=\"display: none;\" class=\"twp-react-count\">0<\/span>\r\n                        \r\n                                                <span class=\"twp-react-percent\"><span>0<\/span> %<\/span>\r\n                                            <\/div>\r\n                <\/div>\r\n\r\n                <div class=\"twp-reacts-wrap\">\r\n                    <a react-data=\"be-react-4\" post-id=\"3790\" class=\"be-face-icons un-reacted\" href=\"javascript:void(0)\">\r\n                        <img decoding=\"async\" src=\"https:\/\/jornaloassobio.pt\/wp-content\/plugins\/booster-extension\/\/assets\/icon\/angry.svg\" alt=\"Angry\">\r\n                    <\/a>\r\n                    <div class=\"twp-reaction-title\">Angry<\/div>\r\n                    <div class=\"twp-count-percent\">\r\n                                                    <span style=\"display: none;\" class=\"twp-react-count\">0<\/span>\r\n                                                                        <span class=\"twp-react-percent\"><span>0<\/span> %<\/span>\r\n                        \r\n                    <\/div>\r\n                <\/div>\r\n\r\n                <div class=\"twp-reacts-wrap\">\r\n                    <a react-data=\"be-react-5\" post-id=\"3790\" class=\"be-face-icons un-reacted\" href=\"javascript:void(0)\">\r\n                        <img decoding=\"async\" src=\"https:\/\/jornaloassobio.pt\/wp-content\/plugins\/booster-extension\/\/assets\/icon\/surprise.svg\" alt=\"Surprise\">\r\n                    <\/a>\r\n                    <div class=\"twp-reaction-title\">Surprise<\/div>\r\n                    <div class=\"twp-count-percent\">\r\n                                                    <span style=\"display: none;\" class=\"twp-react-count\">0<\/span>\r\n                                                                        <span class=\"twp-react-percent\"><span>0<\/span> %<\/span>\r\n                                            <\/div>\r\n                <\/div>\r\n\r\n            <\/div>\r\n        <\/div>\r\n\r\n    ","protected":false},"excerpt":{"rendered":"<p>No \u00e2mbito do Projeto para a Interculturalidade &#8220;Entre olhares&#8221;, foi inaugurada, no dia 5 de maio, na sala dos Atos da Escola Secund\u00e1ria Severim de Faria, a exposi\u00e7\u00e3o &#8220;2835 milhas&#8221;. Exposi\u00e7\u00e3o 2835 milhas &#8211; 5 a 16 de maio \u2013Sala dos Atos da ESSF Apresenta-se, seguidamente, o programa completo do evento. Dia 05 maio &#8211; [&hellip;]<\/p>\n","protected":false},"author":6,"featured_media":3794,"comment_status":"open","ping_status":"open","sticky":false,"template":"","format":"standard","meta":{"footnotes":""},"categories":[4],"tags":[],"class_list":["post-3790","post","type-post","status-publish","format-standard","has-post-thumbnail","hentry","category-noticias"],"_links":{"self":[{"href":"https:\/\/jornaloassobio.pt\/index.php?rest_route=\/wp\/v2\/posts\/3790","targetHints":{"allow":["GET"]}}],"collection":[{"href":"https:\/\/jornaloassobio.pt\/index.php?rest_route=\/wp\/v2\/posts"}],"about":[{"href":"https:\/\/jornaloassobio.pt\/index.php?rest_route=\/wp\/v2\/types\/post"}],"author":[{"embeddable":true,"href":"https:\/\/jornaloassobio.pt\/index.php?rest_route=\/wp\/v2\/users\/6"}],"replies":[{"embeddable":true,"href":"https:\/\/jornaloassobio.pt\/index.php?rest_route=%2Fwp%2Fv2%2Fcomments&post=3790"}],"version-history":[{"count":14,"href":"https:\/\/jornaloassobio.pt\/index.php?rest_route=\/wp\/v2\/posts\/3790\/revisions"}],"predecessor-version":[{"id":3810,"href":"https:\/\/jornaloassobio.pt\/index.php?rest_route=\/wp\/v2\/posts\/3790\/revisions\/3810"}],"wp:featuredmedia":[{"embeddable":true,"href":"https:\/\/jornaloassobio.pt\/index.php?rest_route=\/wp\/v2\/media\/3794"}],"wp:attachment":[{"href":"https:\/\/jornaloassobio.pt\/index.php?rest_route=%2Fwp%2Fv2%2Fmedia&parent=3790"}],"wp:term":[{"taxonomy":"category","embeddable":true,"href":"https:\/\/jornaloassobio.pt\/index.php?rest_route=%2Fwp%2Fv2%2Fcategories&post=3790"},{"taxonomy":"post_tag","embeddable":true,"href":"https:\/\/jornaloassobio.pt\/index.php?rest_route=%2Fwp%2Fv2%2Ftags&post=3790"}],"curies":[{"name":"wp","href":"https:\/\/api.w.org\/{rel}","templated":true}]}}