{"id":3842,"date":"2025-05-28T13:29:36","date_gmt":"2025-05-28T13:29:36","guid":{"rendered":"https:\/\/jornaloassobio.pt\/?p=3842"},"modified":"2025-10-06T11:35:43","modified_gmt":"2025-10-06T11:35:43","slug":"a-poesia-continua-no-verao","status":"publish","type":"post","link":"https:\/\/jornaloassobio.pt\/?p=3842","title":{"rendered":"POEMA  &#8220;VER\u00c3O&#8221;( de alunas do 8\u00ba B)"},"content":{"rendered":"<div class='booster-block booster-read-block'>\r\n                <div class=\"twp-read-time\">\r\n                \t<i class=\"booster-icon twp-clock\"><\/i> <span>Read Time:<\/span>57 Second                <\/div>\r\n\r\n            <\/div><div>\n<div><img loading=\"lazy\" decoding=\"async\" class=\"size-medium wp-image-3846 alignleft\" src=\"https:\/\/jornaloassobio.pt\/wp-content\/uploads\/2025\/05\/28-300x200.jpg\" alt=\"\" width=\"300\" height=\"200\" srcset=\"https:\/\/jornaloassobio.pt\/wp-content\/uploads\/2025\/05\/28-300x200.jpg 300w, https:\/\/jornaloassobio.pt\/wp-content\/uploads\/2025\/05\/28.jpg 669w\" sizes=\"auto, (max-width: 300px) 100vw, 300px\" \/><\/div>\n<div><\/div>\n<div><\/div>\n<div><\/div>\n<h3><\/h3>\n<h3><\/h3>\n<h3><\/h3>\n<h3><\/h3>\n<h3 style=\"text-align: left;\">VER\u00c3O<\/h3>\n<h3 style=\"text-align: left;\"><\/h3>\n<h3 style=\"text-align: left;\">O Ver\u00e3o \u00e9 uma esta\u00e7\u00e3o<\/h3>\n<h3 style=\"text-align: left;\">que nos chama para a anima\u00e7\u00e3o.<\/h3>\n<h3 style=\"text-align: left;\">\u00c9 bom sentir muito calor<\/h3>\n<h3 style=\"text-align: left;\">mas escald\u00f5es podem dar ardor.<\/h3>\n<h3 style=\"text-align: left;\"><\/h3>\n<h3 style=\"text-align: left;\"><\/h3>\n<h3 style=\"text-align: left;\"><\/h3>\n<h3 style=\"text-align: left;\">No Ver\u00e3o vamos acampar<\/h3>\n<\/div>\n<h3 style=\"text-align: left;\">e na praia vamos nadar;<\/h3>\n<h3>para quem n\u00e3o apreciar,<\/h3>\n<h3>na piscina pode ficar.<\/h3>\n<h3><\/h3>\n<div><\/div>\n<div><\/div>\n<div><\/div>\n<div><\/div>\n<h3 style=\"text-align: left;\">Amigos fazem-nos companhia<\/h3>\n<h3 style=\"text-align: left;\">e d\u00e3o-nos muita alegria;<\/h3>\n<h3 style=\"text-align: left;\">sem os amigos presentes<\/h3>\n<h3 style=\"text-align: left;\">parece que estamos ausentes.<\/h3>\n<h3 style=\"text-align: left;\"><\/h3>\n<h3 style=\"text-align: left;\"><\/h3>\n<h3 style=\"text-align: left;\"><\/h3>\n<h3 style=\"text-align: left;\">Praticamos equita\u00e7\u00e3o<\/h3>\n<h3 style=\"text-align: left;\">onde vamos passear<\/h3>\n<h3 style=\"text-align: left;\">e ficamos com a sensa\u00e7\u00e3o<\/h3>\n<h3 style=\"text-align: left;\">que nos cavalos podemos confiar.<\/h3>\n<h3 style=\"text-align: left;\"><\/h3>\n<h3><\/h3>\n<h3><\/h3>\n<h3 style=\"text-align: left;\">Quando o Ver\u00e3o acabar<\/h3>\n<h3 style=\"text-align: left;\">a escola vai come\u00e7ar<\/h3>\n<h3 style=\"text-align: left;\">e temos de nos preparar<\/h3>\n<h3 style=\"text-align: left;\">para o frio regressar.<\/h3>\n<h3><\/h3>\n<h3><\/h3>\n<h3><\/h3>\n<h3><\/h3>\n<h3 style=\"text-align: center;\">Autoras:\u00a0 Maria Leonor Frango e Sofia Duarte (8\u00baB)<\/h3>\n<div><\/div>\n<div><\/div>\n<div>\n<div>\n<div>\n<div><\/div>\n<div><span class=\"def\"><span class=\"word_wrap\"><span class=\"word a\">Esta\u00e7\u00e3o<\/span>\u00a0<span class=\"word a\">que<\/span>\u00a0<span class=\"word a\">dura<\/span>\u00a0<span class=\"word a\">de<\/span>\u00a021\u00a0<span class=\"word a\">ou<\/span>\u00a022\u00a0<span class=\"word a\">de <\/span><\/span><span class=\"varpt\"><span class=\"aAO def\"><span class=\"word_wrap\"><span class=\"word a\">Junho <\/span><\/span><\/span><\/span><span class=\"word_wrap\"><span class=\"word a\">a<\/span>\u00a021\u00a0<span class=\"word a\">ou<\/span>\u00a022\u00a0<span class=\"word a\">de <\/span><\/span><span class=\"varpt\"><span class=\"aAO def\"><span class=\"word_wrap\"><span class=\"word a\">Setembro<\/span><\/span><\/span><\/span><span class=\"word_wrap\">,\u00a0<span class=\"word a\">no<\/span>\u00a0<span class=\"word a\">hemisf\u00e9rio<\/span>\u00a0<span class=\"word a\">norte<\/span>\u00a0<span class=\"word a\">e<\/span>\u00a0<span class=\"word a\">de<\/span>\u00a022\u00a0<span class=\"word a\">de <\/span><\/span><span class=\"varpt\"><span class=\"aAO def\"><span class=\"word_wrap\"><span class=\"word a\">Dezembro <\/span><\/span><\/span><\/span><span class=\"word_wrap\"><span class=\"word a\">a<\/span>\u00a021\u00a0<span class=\"word a\">de <\/span><\/span><span class=\"varpt\"><span class=\"aAO def\"><span class=\"word_wrap\"><span class=\"word a\">Mar\u00e7o<\/span><\/span><\/span><\/span><span class=\"word_wrap\">,\u00a0<span class=\"word a\">no<\/span>\u00a0<span class=\"word a\">hemisf\u00e9rio<\/span>\u00a0<span class=\"word a\">sul<\/span>. <\/span><\/span>\u00a0=\u00a0<span class=\"dp-versaletes\"><span class=\"def\"><small><span class=\"word_wrap\"><span class=\"word a\">ESTIO<\/span><\/span><\/small><\/span><\/span><\/div>\n<\/div>\n<p><span class=\"p t-nowrap\">Origem etimol\u00f3gica: <\/span><span class=\"ml-8 def p\"><span class=\"word_wrap\"><span class=\"word a\">latim<\/span>\u00a0<span class=\"word a\">vulgar <\/span><\/span><i><span class=\"word_wrap\"><span class=\"word a\">veranum<\/span>\u00a0[<span class=\"word a\">tempus<\/span>]<\/span><\/i><span class=\"word_wrap\">,\u00a0<span class=\"word a\">tempo<\/span>\u00a0<span class=\"word a\">primaveril<\/span>,\u00a0<span class=\"word a\">do<\/span>\u00a0<span class=\"word a\">latim <\/span><\/span><i><span class=\"word_wrap\"><span class=\"word a\">ver<\/span>,\u00a0<span class=\"word a\">veris<\/span><\/span><\/i><span class=\"word_wrap\">,\u00a0<\/span><span class=\"varpt\"><span class=\"aAO def\"><span class=\"word_wrap\"><span class=\"word a\">Primavera (primo vere)<\/span><\/span><\/span><\/span><\/span><\/p>\n<\/div>\n<\/div>\n<div class=\"my-12 dp-seccao-icon\"><strong>&#8220;ver\u00e3o&#8221;<\/strong>, in Dicion\u00e1rio Priberam da L\u00edngua Portuguesa [em linha], 2008-2025,\u00a0<a href=\"https:\/\/dicionario.priberam.org\/ver%C3%A3o\">https:\/\/dicionario.priberam.org\/ver%C3%A3o<\/a>.<\/div>\n<p>https:\/\/www.google.com\/search?sca_esv=9bb6a8d79ae60b0c&#038;rlz=1C1YTUH_pt-PTPT1029PT1029&#038;q=cavalos+na+praia+no+verao&#038;udm=2&#038;fbs=AIIjpHydJdUtNKrM02hj0s4nbm4yAFb4PvhjIUcDtaFHkK_tyspyDJg0-<\/p>\n<p>&nbsp;<\/p>\n<p>&nbsp;<\/p>\n<p>&nbsp;<\/p>\n<p>\/<\/p>\n        <div class=\"booster-block booster-reactions-block\">\r\n            <div class=\"twp-reactions-icons\">\r\n                \r\n                <div class=\"twp-reacts-wrap\">\r\n                    <a react-data=\"be-react-1\" post-id=\"3842\" class=\"be-face-icons un-reacted\" href=\"javascript:void(0)\">\r\n                        <img decoding=\"async\" src=\"https:\/\/jornaloassobio.pt\/wp-content\/plugins\/booster-extension\/\/assets\/icon\/happy.svg\" alt=\"Happy\">\r\n                    <\/a>\r\n                    <div class=\"twp-reaction-title\">\r\n                        Happy                    <\/div>\r\n                    <div class=\"twp-count-percent\">\r\n                                                    <span style=\"display: none;\" class=\"twp-react-count\">0<\/span>\r\n                        \r\n                                                <span class=\"twp-react-percent\"><span>0<\/span> %<\/span>\r\n                                            <\/div>\r\n                <\/div>\r\n\r\n                <div class=\"twp-reacts-wrap\">\r\n                    <a react-data=\"be-react-2\" post-id=\"3842\" class=\"be-face-icons un-reacted\" href=\"javascript:void(0)\">\r\n                        <img decoding=\"async\" src=\"https:\/\/jornaloassobio.pt\/wp-content\/plugins\/booster-extension\/\/assets\/icon\/sad.svg\" alt=\"Sad\">\r\n                    <\/a>\r\n                    <div class=\"twp-reaction-title\">\r\n                        Sad                    <\/div>\r\n                    <div class=\"twp-count-percent\">\r\n                                                    <span style=\"display: none;\" class=\"twp-react-count\">0<\/span>\r\n                                                                        <span class=\"twp-react-percent\"><span>0<\/span> %<\/span>\r\n                                            <\/div>\r\n                <\/div>\r\n\r\n                <div class=\"twp-reacts-wrap\">\r\n                    <a react-data=\"be-react-3\" post-id=\"3842\" class=\"be-face-icons un-reacted\" href=\"javascript:void(0)\">\r\n                        <img decoding=\"async\" src=\"https:\/\/jornaloassobio.pt\/wp-content\/plugins\/booster-extension\/\/assets\/icon\/excited.svg\" alt=\"Excited\">\r\n                    <\/a>\r\n                    <div class=\"twp-reaction-title\">\r\n                        Excited                    <\/div>\r\n                    <div class=\"twp-count-percent\">\r\n                                                    <span style=\"display: none;\" class=\"twp-react-count\">0<\/span>\r\n                                                                        <span class=\"twp-react-percent\"><span>0<\/span> %<\/span>\r\n                                            <\/div>\r\n                <\/div>\r\n\r\n                <div class=\"twp-reacts-wrap\">\r\n                    <a react-data=\"be-react-6\" post-id=\"3842\" class=\"be-face-icons un-reacted\" href=\"javascript:void(0)\">\r\n                        <img decoding=\"async\" src=\"https:\/\/jornaloassobio.pt\/wp-content\/plugins\/booster-extension\/\/assets\/icon\/sleepy.svg\" alt=\"Sleepy\">\r\n                    <\/a>\r\n                    <div class=\"twp-reaction-title\">\r\n                        Sleepy                    <\/div>\r\n                    <div class=\"twp-count-percent\">\r\n                                                    <span style=\"display: none;\" class=\"twp-react-count\">0<\/span>\r\n                        \r\n                                                <span class=\"twp-react-percent\"><span>0<\/span> %<\/span>\r\n                                            <\/div>\r\n                <\/div>\r\n\r\n                <div class=\"twp-reacts-wrap\">\r\n                    <a react-data=\"be-react-4\" post-id=\"3842\" class=\"be-face-icons un-reacted\" href=\"javascript:void(0)\">\r\n                        <img decoding=\"async\" src=\"https:\/\/jornaloassobio.pt\/wp-content\/plugins\/booster-extension\/\/assets\/icon\/angry.svg\" alt=\"Angry\">\r\n                    <\/a>\r\n                    <div class=\"twp-reaction-title\">Angry<\/div>\r\n                    <div class=\"twp-count-percent\">\r\n                                                    <span style=\"display: none;\" class=\"twp-react-count\">0<\/span>\r\n                                                                        <span class=\"twp-react-percent\"><span>0<\/span> %<\/span>\r\n                        \r\n                    <\/div>\r\n                <\/div>\r\n\r\n                <div class=\"twp-reacts-wrap\">\r\n                    <a react-data=\"be-react-5\" post-id=\"3842\" class=\"be-face-icons un-reacted\" href=\"javascript:void(0)\">\r\n                        <img decoding=\"async\" src=\"https:\/\/jornaloassobio.pt\/wp-content\/plugins\/booster-extension\/\/assets\/icon\/surprise.svg\" alt=\"Surprise\">\r\n                    <\/a>\r\n                    <div class=\"twp-reaction-title\">Surprise<\/div>\r\n                    <div class=\"twp-count-percent\">\r\n                                                    <span style=\"display: none;\" class=\"twp-react-count\">0<\/span>\r\n                                                                        <span class=\"twp-react-percent\"><span>0<\/span> %<\/span>\r\n                                            <\/div>\r\n                <\/div>\r\n\r\n            <\/div>\r\n        <\/div>\r\n\r\n    ","protected":false},"excerpt":{"rendered":"<p>VER\u00c3O O Ver\u00e3o \u00e9 uma esta\u00e7\u00e3o que nos chama para a anima\u00e7\u00e3o. \u00c9 bom sentir muito calor mas escald\u00f5es podem dar ardor. No Ver\u00e3o vamos acampar e na praia vamos nadar; para quem n\u00e3o apreciar, na piscina pode ficar. Amigos fazem-nos companhia e d\u00e3o-nos muita alegria; sem os amigos presentes parece que estamos ausentes. Praticamos [&hellip;]<\/p>\n","protected":false},"author":6,"featured_media":3846,"comment_status":"open","ping_status":"open","sticky":false,"template":"","format":"standard","meta":{"footnotes":""},"categories":[4],"tags":[],"class_list":["post-3842","post","type-post","status-publish","format-standard","has-post-thumbnail","hentry","category-noticias"],"_links":{"self":[{"href":"https:\/\/jornaloassobio.pt\/index.php?rest_route=\/wp\/v2\/posts\/3842","targetHints":{"allow":["GET"]}}],"collection":[{"href":"https:\/\/jornaloassobio.pt\/index.php?rest_route=\/wp\/v2\/posts"}],"about":[{"href":"https:\/\/jornaloassobio.pt\/index.php?rest_route=\/wp\/v2\/types\/post"}],"author":[{"embeddable":true,"href":"https:\/\/jornaloassobio.pt\/index.php?rest_route=\/wp\/v2\/users\/6"}],"replies":[{"embeddable":true,"href":"https:\/\/jornaloassobio.pt\/index.php?rest_route=%2Fwp%2Fv2%2Fcomments&post=3842"}],"version-history":[{"count":14,"href":"https:\/\/jornaloassobio.pt\/index.php?rest_route=\/wp\/v2\/posts\/3842\/revisions"}],"predecessor-version":[{"id":3987,"href":"https:\/\/jornaloassobio.pt\/index.php?rest_route=\/wp\/v2\/posts\/3842\/revisions\/3987"}],"wp:featuredmedia":[{"embeddable":true,"href":"https:\/\/jornaloassobio.pt\/index.php?rest_route=\/wp\/v2\/media\/3846"}],"wp:attachment":[{"href":"https:\/\/jornaloassobio.pt\/index.php?rest_route=%2Fwp%2Fv2%2Fmedia&parent=3842"}],"wp:term":[{"taxonomy":"category","embeddable":true,"href":"https:\/\/jornaloassobio.pt\/index.php?rest_route=%2Fwp%2Fv2%2Fcategories&post=3842"},{"taxonomy":"post_tag","embeddable":true,"href":"https:\/\/jornaloassobio.pt\/index.php?rest_route=%2Fwp%2Fv2%2Ftags&post=3842"}],"curies":[{"name":"wp","href":"https:\/\/api.w.org\/{rel}","templated":true}]}}