{"id":3901,"date":"2025-06-10T17:11:42","date_gmt":"2025-06-10T17:11:42","guid":{"rendered":"https:\/\/jornaloassobio.pt\/?p=3901"},"modified":"2025-06-10T17:11:47","modified_gmt":"2025-06-10T17:11:47","slug":"grupo-de-teatro-santaclarte-apresenta-vida-uma-aplicacao","status":"publish","type":"post","link":"https:\/\/jornaloassobio.pt\/?p=3901","title":{"rendered":"Grupo de Teatro SANTACLARTE apresenta \u201cVida: uma aplica\u00e7\u00e3o&#8221;"},"content":{"rendered":"<div class='booster-block booster-read-block'>\r\n                <div class=\"twp-read-time\">\r\n                \t<i class=\"booster-icon twp-clock\"><\/i> <span>Read Time:<\/span>2 Minute, 19 Second                <\/div>\r\n\r\n            <\/div><p><img loading=\"lazy\" decoding=\"async\" class=\" wp-image-3913 aligncenter\" src=\"https:\/\/jornaloassobio.pt\/wp-content\/uploads\/2025\/06\/Vida-Uma-aplicacao-225x300.jpg\" alt=\"\" width=\"261\" height=\"348\" srcset=\"https:\/\/jornaloassobio.pt\/wp-content\/uploads\/2025\/06\/Vida-Uma-aplicacao-225x300.jpg 225w, https:\/\/jornaloassobio.pt\/wp-content\/uploads\/2025\/06\/Vida-Uma-aplicacao-768x1024.jpg 768w, https:\/\/jornaloassobio.pt\/wp-content\/uploads\/2025\/06\/Vida-Uma-aplicacao-1152x1536.jpg 1152w, https:\/\/jornaloassobio.pt\/wp-content\/uploads\/2025\/06\/Vida-Uma-aplicacao-1536x2048.jpg 1536w, https:\/\/jornaloassobio.pt\/wp-content\/uploads\/2025\/06\/Vida-Uma-aplicacao.jpg 1920w\" sizes=\"auto, (max-width: 261px) 100vw, 261px\" \/><\/p>\n<p>No dia 2 de maio, pelas 19 horas, alunos, professores, familiares e amigos da comunidade educativa do agrupamento assistiram \u00e0 estreia \u201c<strong>Vida: uma aplica\u00e7\u00e3o<\/strong>\u201d, um texto original de Gisela Casimiro, no audit\u00f3rio da ES Severim de Faria.<\/p>\n<p>O espet\u00e1culo esteve a cargo do <strong>Grupo de Teatro SANTACLARTE<\/strong>, constitu\u00eddo por alunos dos 8\u00ba e 9\u00ba anos da EB de Santa Clara, sob a dire\u00e7\u00e3o da docente Olga Rocha, e integra o projeto PANOS, uma iniciativa do Teatro Nacional D. Maria II, em parceria com a Funda\u00e7\u00e3o \u201cla Caixa\u201d \/ BPI e, na edi\u00e7\u00e3o 2024\/25 com o Convento S\u00e3o Francisco (Coimbra).<\/p>\n<p><strong>O PANOS \u2013 palcos novos palavras novas<\/strong> \u00e9 um projeto em que, anualmente, se trabalham pe\u00e7as originais, para serem representadas por jovens, dos 12 aos 19 anos, num cruzamento entre o teatro escolar e as novas dramaturgias. Nesta 17\u00aa edi\u00e7\u00e3o do projeto PANOS, os textos s\u00e3o da autoria de Gisela Casimiro, Matilde Campilho e M\u00e1rio Coelho.<\/p>\n<p><strong>A Vida: Uma aplica\u00e7\u00e3o,<\/strong> de Gisela Casimiro, \u00e9 uma viagem de transportes p\u00fablicos ao teatro do absurdo, inspirada por Beckett e Ionesco. A pe\u00e7a explora o caos do quotidiano e as rela\u00e7\u00f5es humanas permeadas pela cultura das redes sociais, abordando temas como o tempo, a solid\u00e3o, a tentativa de conex\u00e3o e as dificuldades de comunica\u00e7\u00e3o. Com humor e ironia, este espet\u00e1culo questiona se ainda conseguimos dialogar uns com os outros, para al\u00e9m das nossas bolhas digitais (apud sinopse).<\/p>\n<p>A encena\u00e7\u00e3o assumida pelo coletivo <strong>SANTACLARTE<\/strong> conta com o excelente desempenho dos atores <strong>Daniela Perdig\u00e3o, Gabriella Lopes, Henrique Bai\u00e3o, In\u00eas Molero, Manuel Vieira, Maria Patalona, Maria In\u00eas Alves, Marta Vieira <\/strong>e<strong> Vasco Barbosa<\/strong> e, ainda, dos figurantes <strong>Naomi Floriddia, Sofia Gon\u00e7alves, Gon\u00e7alo Bencatel e Dinis Perdig\u00e3o<\/strong>. Observa-se um grande cuidado do coletivo para com os aspetos t\u00e9cnicos, como a cenografia, guarda-roupa, ilumina\u00e7\u00e3o e sonoplastia, de que destacamos o desenho de som e imagem, por <strong>Afonso Galego e Olga Rocha<\/strong>.<\/p>\n<p>Esta App (Aplica\u00e7\u00e3o) vai al\u00e9m do retrato do quotidiano, mergulhando na condi\u00e7\u00e3o humana em plena era digital. Atrav\u00e9s de personagens tipo (arquet\u00edpicas), cujos telem\u00f3veis distorcem e documentam a realidade, a pe\u00e7a revela-nos a incessante busca por uma identidade \u2014 real ou inventada \u2014 mas que depende de valida\u00e7\u00e3o virtual. Neste universo, a tecnologia torna-se uma extens\u00e3o das emo\u00e7\u00f5es e inseguran\u00e7as humanas, expondo a contradi\u00e7\u00e3o de uma sociedade paradoxalmente hiperligada, mas marcada pela solid\u00e3o e indiferen\u00e7a. Temas como o ass\u00e9dio, a justi\u00e7a e a superficialidade das rela\u00e7\u00f5es s\u00e3o abordados com um olhar cr\u00edtico sobre o impacto das redes sociais. A pe\u00e7a convida o p\u00fablico a refletir sobre a autenticidade das viv\u00eancias mediadas por ecr\u00e3s e a fronteira cada vez mais difusa entre o real e o virtual.<\/p>\n<p>Aguardamos nova oportunidade para disfrutar desta representa\u00e7\u00e3o.<\/p>\n<div id='gallery-1' class='gallery galleryid-3901 gallery-columns-5 gallery-size-medium'><figure class='gallery-item'>\n\t\t\t<div class='gallery-icon landscape'>\n\t\t\t\t<a href='https:\/\/jornaloassobio.pt\/?attachment_id=3903'><img loading=\"lazy\" decoding=\"async\" width=\"300\" height=\"300\" src=\"https:\/\/jornaloassobio.pt\/wp-content\/uploads\/2025\/06\/20250502_185229-300x300.jpg\" class=\"attachment-medium size-medium\" alt=\"\" srcset=\"https:\/\/jornaloassobio.pt\/wp-content\/uploads\/2025\/06\/20250502_185229-300x300.jpg 300w, https:\/\/jornaloassobio.pt\/wp-content\/uploads\/2025\/06\/20250502_185229-1024x1024.jpg 1024w, https:\/\/jornaloassobio.pt\/wp-content\/uploads\/2025\/06\/20250502_185229-150x150.jpg 150w, https:\/\/jornaloassobio.pt\/wp-content\/uploads\/2025\/06\/20250502_185229-768x768.jpg 768w, https:\/\/jornaloassobio.pt\/wp-content\/uploads\/2025\/06\/20250502_185229-1536x1536.jpg 1536w, https:\/\/jornaloassobio.pt\/wp-content\/uploads\/2025\/06\/20250502_185229-2048x2048.jpg 2048w\" sizes=\"auto, (max-width: 300px) 100vw, 300px\" \/><\/a>\n\t\t\t<\/div><\/figure><figure class='gallery-item'>\n\t\t\t<div class='gallery-icon landscape'>\n\t\t\t\t<a href='https:\/\/jornaloassobio.pt\/?attachment_id=3910'><img loading=\"lazy\" decoding=\"async\" width=\"300\" height=\"300\" src=\"https:\/\/jornaloassobio.pt\/wp-content\/uploads\/2025\/06\/20250502_194621-300x300.jpg\" class=\"attachment-medium size-medium\" alt=\"\" srcset=\"https:\/\/jornaloassobio.pt\/wp-content\/uploads\/2025\/06\/20250502_194621-300x300.jpg 300w, https:\/\/jornaloassobio.pt\/wp-content\/uploads\/2025\/06\/20250502_194621-1024x1024.jpg 1024w, https:\/\/jornaloassobio.pt\/wp-content\/uploads\/2025\/06\/20250502_194621-150x150.jpg 150w, https:\/\/jornaloassobio.pt\/wp-content\/uploads\/2025\/06\/20250502_194621-768x768.jpg 768w, https:\/\/jornaloassobio.pt\/wp-content\/uploads\/2025\/06\/20250502_194621-1536x1536.jpg 1536w, https:\/\/jornaloassobio.pt\/wp-content\/uploads\/2025\/06\/20250502_194621-2048x2048.jpg 2048w\" sizes=\"auto, (max-width: 300px) 100vw, 300px\" \/><\/a>\n\t\t\t<\/div><\/figure><figure class='gallery-item'>\n\t\t\t<div class='gallery-icon landscape'>\n\t\t\t\t<a href='https:\/\/jornaloassobio.pt\/?attachment_id=3909'><img loading=\"lazy\" decoding=\"async\" width=\"300\" height=\"300\" src=\"https:\/\/jornaloassobio.pt\/wp-content\/uploads\/2025\/06\/20250502_193709-300x300.jpg\" class=\"attachment-medium size-medium\" alt=\"\" srcset=\"https:\/\/jornaloassobio.pt\/wp-content\/uploads\/2025\/06\/20250502_193709-300x300.jpg 300w, https:\/\/jornaloassobio.pt\/wp-content\/uploads\/2025\/06\/20250502_193709-1024x1024.jpg 1024w, https:\/\/jornaloassobio.pt\/wp-content\/uploads\/2025\/06\/20250502_193709-150x150.jpg 150w, https:\/\/jornaloassobio.pt\/wp-content\/uploads\/2025\/06\/20250502_193709-768x768.jpg 768w, https:\/\/jornaloassobio.pt\/wp-content\/uploads\/2025\/06\/20250502_193709-1536x1536.jpg 1536w, https:\/\/jornaloassobio.pt\/wp-content\/uploads\/2025\/06\/20250502_193709-2048x2048.jpg 2048w\" sizes=\"auto, (max-width: 300px) 100vw, 300px\" \/><\/a>\n\t\t\t<\/div><\/figure><figure class='gallery-item'>\n\t\t\t<div class='gallery-icon landscape'>\n\t\t\t\t<a href='https:\/\/jornaloassobio.pt\/?attachment_id=3904'><img loading=\"lazy\" decoding=\"async\" width=\"300\" height=\"300\" src=\"https:\/\/jornaloassobio.pt\/wp-content\/uploads\/2025\/06\/20250502_190304-300x300.jpg\" class=\"attachment-medium size-medium\" alt=\"\" srcset=\"https:\/\/jornaloassobio.pt\/wp-content\/uploads\/2025\/06\/20250502_190304-300x300.jpg 300w, https:\/\/jornaloassobio.pt\/wp-content\/uploads\/2025\/06\/20250502_190304-1024x1024.jpg 1024w, https:\/\/jornaloassobio.pt\/wp-content\/uploads\/2025\/06\/20250502_190304-150x150.jpg 150w, https:\/\/jornaloassobio.pt\/wp-content\/uploads\/2025\/06\/20250502_190304-768x768.jpg 768w, https:\/\/jornaloassobio.pt\/wp-content\/uploads\/2025\/06\/20250502_190304-1536x1536.jpg 1536w, https:\/\/jornaloassobio.pt\/wp-content\/uploads\/2025\/06\/20250502_190304-2048x2048.jpg 2048w\" sizes=\"auto, (max-width: 300px) 100vw, 300px\" \/><\/a>\n\t\t\t<\/div><\/figure><figure class='gallery-item'>\n\t\t\t<div class='gallery-icon landscape'>\n\t\t\t\t<a href='https:\/\/jornaloassobio.pt\/?attachment_id=3905'><img loading=\"lazy\" decoding=\"async\" width=\"300\" height=\"300\" src=\"https:\/\/jornaloassobio.pt\/wp-content\/uploads\/2025\/06\/20250502_190806-300x300.jpg\" class=\"attachment-medium size-medium\" alt=\"\" srcset=\"https:\/\/jornaloassobio.pt\/wp-content\/uploads\/2025\/06\/20250502_190806-300x300.jpg 300w, https:\/\/jornaloassobio.pt\/wp-content\/uploads\/2025\/06\/20250502_190806-1024x1024.jpg 1024w, https:\/\/jornaloassobio.pt\/wp-content\/uploads\/2025\/06\/20250502_190806-150x150.jpg 150w, https:\/\/jornaloassobio.pt\/wp-content\/uploads\/2025\/06\/20250502_190806-768x768.jpg 768w, https:\/\/jornaloassobio.pt\/wp-content\/uploads\/2025\/06\/20250502_190806-1536x1536.jpg 1536w, https:\/\/jornaloassobio.pt\/wp-content\/uploads\/2025\/06\/20250502_190806-2048x2048.jpg 2048w\" sizes=\"auto, (max-width: 300px) 100vw, 300px\" \/><\/a>\n\t\t\t<\/div><\/figure><figure class='gallery-item'>\n\t\t\t<div class='gallery-icon landscape'>\n\t\t\t\t<a href='https:\/\/jornaloassobio.pt\/?attachment_id=3906'><img loading=\"lazy\" decoding=\"async\" width=\"300\" height=\"300\" src=\"https:\/\/jornaloassobio.pt\/wp-content\/uploads\/2025\/06\/20250502_191347-300x300.jpg\" class=\"attachment-medium size-medium\" alt=\"\" srcset=\"https:\/\/jornaloassobio.pt\/wp-content\/uploads\/2025\/06\/20250502_191347-300x300.jpg 300w, https:\/\/jornaloassobio.pt\/wp-content\/uploads\/2025\/06\/20250502_191347-1024x1024.jpg 1024w, https:\/\/jornaloassobio.pt\/wp-content\/uploads\/2025\/06\/20250502_191347-150x150.jpg 150w, https:\/\/jornaloassobio.pt\/wp-content\/uploads\/2025\/06\/20250502_191347-768x768.jpg 768w, https:\/\/jornaloassobio.pt\/wp-content\/uploads\/2025\/06\/20250502_191347-1536x1536.jpg 1536w, https:\/\/jornaloassobio.pt\/wp-content\/uploads\/2025\/06\/20250502_191347-2048x2048.jpg 2048w\" sizes=\"auto, (max-width: 300px) 100vw, 300px\" \/><\/a>\n\t\t\t<\/div><\/figure><figure class='gallery-item'>\n\t\t\t<div class='gallery-icon landscape'>\n\t\t\t\t<a href='https:\/\/jornaloassobio.pt\/?attachment_id=3907'><img loading=\"lazy\" decoding=\"async\" width=\"300\" height=\"300\" src=\"https:\/\/jornaloassobio.pt\/wp-content\/uploads\/2025\/06\/20250502_191856-300x300.jpg\" class=\"attachment-medium size-medium\" alt=\"\" srcset=\"https:\/\/jornaloassobio.pt\/wp-content\/uploads\/2025\/06\/20250502_191856-300x300.jpg 300w, https:\/\/jornaloassobio.pt\/wp-content\/uploads\/2025\/06\/20250502_191856-1024x1024.jpg 1024w, https:\/\/jornaloassobio.pt\/wp-content\/uploads\/2025\/06\/20250502_191856-150x150.jpg 150w, https:\/\/jornaloassobio.pt\/wp-content\/uploads\/2025\/06\/20250502_191856-768x768.jpg 768w, https:\/\/jornaloassobio.pt\/wp-content\/uploads\/2025\/06\/20250502_191856-1536x1536.jpg 1536w, https:\/\/jornaloassobio.pt\/wp-content\/uploads\/2025\/06\/20250502_191856-2048x2048.jpg 2048w\" sizes=\"auto, (max-width: 300px) 100vw, 300px\" \/><\/a>\n\t\t\t<\/div><\/figure><figure class='gallery-item'>\n\t\t\t<div class='gallery-icon landscape'>\n\t\t\t\t<a href='https:\/\/jornaloassobio.pt\/?attachment_id=3908'><img loading=\"lazy\" decoding=\"async\" width=\"300\" height=\"300\" src=\"https:\/\/jornaloassobio.pt\/wp-content\/uploads\/2025\/06\/20250502_192012-300x300.jpg\" class=\"attachment-medium size-medium\" alt=\"\" srcset=\"https:\/\/jornaloassobio.pt\/wp-content\/uploads\/2025\/06\/20250502_192012-300x300.jpg 300w, https:\/\/jornaloassobio.pt\/wp-content\/uploads\/2025\/06\/20250502_192012-1024x1024.jpg 1024w, https:\/\/jornaloassobio.pt\/wp-content\/uploads\/2025\/06\/20250502_192012-150x150.jpg 150w, https:\/\/jornaloassobio.pt\/wp-content\/uploads\/2025\/06\/20250502_192012-768x768.jpg 768w, https:\/\/jornaloassobio.pt\/wp-content\/uploads\/2025\/06\/20250502_192012-1536x1536.jpg 1536w, https:\/\/jornaloassobio.pt\/wp-content\/uploads\/2025\/06\/20250502_192012-2048x2048.jpg 2048w\" sizes=\"auto, (max-width: 300px) 100vw, 300px\" \/><\/a>\n\t\t\t<\/div><\/figure><figure class='gallery-item'>\n\t\t\t<div class='gallery-icon landscape'>\n\t\t\t\t<a href='https:\/\/jornaloassobio.pt\/?attachment_id=3912'><img loading=\"lazy\" decoding=\"async\" width=\"300\" height=\"300\" src=\"https:\/\/jornaloassobio.pt\/wp-content\/uploads\/2025\/06\/20250502_195806-300x300.jpg\" class=\"attachment-medium size-medium\" alt=\"\" srcset=\"https:\/\/jornaloassobio.pt\/wp-content\/uploads\/2025\/06\/20250502_195806-300x300.jpg 300w, https:\/\/jornaloassobio.pt\/wp-content\/uploads\/2025\/06\/20250502_195806-1024x1024.jpg 1024w, https:\/\/jornaloassobio.pt\/wp-content\/uploads\/2025\/06\/20250502_195806-150x150.jpg 150w, https:\/\/jornaloassobio.pt\/wp-content\/uploads\/2025\/06\/20250502_195806-768x768.jpg 768w, https:\/\/jornaloassobio.pt\/wp-content\/uploads\/2025\/06\/20250502_195806-1536x1536.jpg 1536w, https:\/\/jornaloassobio.pt\/wp-content\/uploads\/2025\/06\/20250502_195806-2048x2048.jpg 2048w\" sizes=\"auto, (max-width: 300px) 100vw, 300px\" \/><\/a>\n\t\t\t<\/div><\/figure><figure class='gallery-item'>\n\t\t\t<div class='gallery-icon landscape'>\n\t\t\t\t<a href='https:\/\/jornaloassobio.pt\/?attachment_id=3911'><img loading=\"lazy\" decoding=\"async\" width=\"300\" height=\"300\" src=\"https:\/\/jornaloassobio.pt\/wp-content\/uploads\/2025\/06\/20250502_195720-300x300.jpg\" class=\"attachment-medium size-medium\" alt=\"\" srcset=\"https:\/\/jornaloassobio.pt\/wp-content\/uploads\/2025\/06\/20250502_195720-300x300.jpg 300w, https:\/\/jornaloassobio.pt\/wp-content\/uploads\/2025\/06\/20250502_195720-1024x1024.jpg 1024w, https:\/\/jornaloassobio.pt\/wp-content\/uploads\/2025\/06\/20250502_195720-150x150.jpg 150w, https:\/\/jornaloassobio.pt\/wp-content\/uploads\/2025\/06\/20250502_195720-768x768.jpg 768w, https:\/\/jornaloassobio.pt\/wp-content\/uploads\/2025\/06\/20250502_195720-1536x1536.jpg 1536w, https:\/\/jornaloassobio.pt\/wp-content\/uploads\/2025\/06\/20250502_195720-2048x2048.jpg 2048w\" sizes=\"auto, (max-width: 300px) 100vw, 300px\" \/><\/a>\n\t\t\t<\/div><\/figure>\n\t\t<\/div>\n\n        <div class=\"booster-block booster-reactions-block\">\r\n            <div class=\"twp-reactions-icons\">\r\n                \r\n                <div class=\"twp-reacts-wrap\">\r\n                    <a react-data=\"be-react-1\" post-id=\"3901\" class=\"be-face-icons un-reacted\" href=\"javascript:void(0)\">\r\n                        <img decoding=\"async\" src=\"https:\/\/jornaloassobio.pt\/wp-content\/plugins\/booster-extension\/\/assets\/icon\/happy.svg\" alt=\"Happy\">\r\n                    <\/a>\r\n                    <div class=\"twp-reaction-title\">\r\n                        Happy                    <\/div>\r\n                    <div class=\"twp-count-percent\">\r\n                                                    <span style=\"display: none;\" class=\"twp-react-count\">0<\/span>\r\n                        \r\n                                                <span class=\"twp-react-percent\"><span>0<\/span> %<\/span>\r\n                                            <\/div>\r\n                <\/div>\r\n\r\n                <div class=\"twp-reacts-wrap\">\r\n                    <a react-data=\"be-react-2\" post-id=\"3901\" class=\"be-face-icons un-reacted\" href=\"javascript:void(0)\">\r\n                        <img decoding=\"async\" src=\"https:\/\/jornaloassobio.pt\/wp-content\/plugins\/booster-extension\/\/assets\/icon\/sad.svg\" alt=\"Sad\">\r\n                    <\/a>\r\n                    <div class=\"twp-reaction-title\">\r\n                        Sad                    <\/div>\r\n                    <div class=\"twp-count-percent\">\r\n                                                    <span style=\"display: none;\" class=\"twp-react-count\">0<\/span>\r\n                                                                        <span class=\"twp-react-percent\"><span>0<\/span> %<\/span>\r\n                                            <\/div>\r\n                <\/div>\r\n\r\n                <div class=\"twp-reacts-wrap\">\r\n                    <a react-data=\"be-react-3\" post-id=\"3901\" class=\"be-face-icons un-reacted\" href=\"javascript:void(0)\">\r\n                        <img decoding=\"async\" src=\"https:\/\/jornaloassobio.pt\/wp-content\/plugins\/booster-extension\/\/assets\/icon\/excited.svg\" alt=\"Excited\">\r\n                    <\/a>\r\n                    <div class=\"twp-reaction-title\">\r\n                        Excited                    <\/div>\r\n                    <div class=\"twp-count-percent\">\r\n                                                    <span style=\"display: none;\" class=\"twp-react-count\">0<\/span>\r\n                                                                        <span class=\"twp-react-percent\"><span>0<\/span> %<\/span>\r\n                                            <\/div>\r\n                <\/div>\r\n\r\n                <div class=\"twp-reacts-wrap\">\r\n                    <a react-data=\"be-react-6\" post-id=\"3901\" class=\"be-face-icons un-reacted\" href=\"javascript:void(0)\">\r\n                        <img decoding=\"async\" src=\"https:\/\/jornaloassobio.pt\/wp-content\/plugins\/booster-extension\/\/assets\/icon\/sleepy.svg\" alt=\"Sleepy\">\r\n                    <\/a>\r\n                    <div class=\"twp-reaction-title\">\r\n                        Sleepy                    <\/div>\r\n                    <div class=\"twp-count-percent\">\r\n                                                    <span style=\"display: none;\" class=\"twp-react-count\">0<\/span>\r\n                        \r\n                                                <span class=\"twp-react-percent\"><span>0<\/span> %<\/span>\r\n                                            <\/div>\r\n                <\/div>\r\n\r\n                <div class=\"twp-reacts-wrap\">\r\n                    <a react-data=\"be-react-4\" post-id=\"3901\" class=\"be-face-icons un-reacted\" href=\"javascript:void(0)\">\r\n                        <img decoding=\"async\" src=\"https:\/\/jornaloassobio.pt\/wp-content\/plugins\/booster-extension\/\/assets\/icon\/angry.svg\" alt=\"Angry\">\r\n                    <\/a>\r\n                    <div class=\"twp-reaction-title\">Angry<\/div>\r\n                    <div class=\"twp-count-percent\">\r\n                                                    <span style=\"display: none;\" class=\"twp-react-count\">0<\/span>\r\n                                                                        <span class=\"twp-react-percent\"><span>0<\/span> %<\/span>\r\n                        \r\n                    <\/div>\r\n                <\/div>\r\n\r\n                <div class=\"twp-reacts-wrap\">\r\n                    <a react-data=\"be-react-5\" post-id=\"3901\" class=\"be-face-icons un-reacted\" href=\"javascript:void(0)\">\r\n                        <img decoding=\"async\" src=\"https:\/\/jornaloassobio.pt\/wp-content\/plugins\/booster-extension\/\/assets\/icon\/surprise.svg\" alt=\"Surprise\">\r\n                    <\/a>\r\n                    <div class=\"twp-reaction-title\">Surprise<\/div>\r\n                    <div class=\"twp-count-percent\">\r\n                                                    <span style=\"display: none;\" class=\"twp-react-count\">0<\/span>\r\n                                                                        <span class=\"twp-react-percent\"><span>0<\/span> %<\/span>\r\n                                            <\/div>\r\n                <\/div>\r\n\r\n            <\/div>\r\n        <\/div>\r\n\r\n    ","protected":false},"excerpt":{"rendered":"<p>No dia 2 de maio, pelas 19 horas, alunos, professores, familiares e amigos da comunidade educativa do agrupamento assistiram \u00e0 estreia \u201cVida: uma aplica\u00e7\u00e3o\u201d, um texto original de Gisela Casimiro, no audit\u00f3rio da ES Severim de Faria. O espet\u00e1culo esteve a cargo do Grupo de Teatro SANTACLARTE, constitu\u00eddo por alunos dos 8\u00ba e 9\u00ba anos [&hellip;]<\/p>\n","protected":false},"author":5,"featured_media":3913,"comment_status":"open","ping_status":"open","sticky":false,"template":"","format":"standard","meta":{"footnotes":""},"categories":[4],"tags":[],"class_list":["post-3901","post","type-post","status-publish","format-standard","has-post-thumbnail","hentry","category-noticias"],"_links":{"self":[{"href":"https:\/\/jornaloassobio.pt\/index.php?rest_route=\/wp\/v2\/posts\/3901","targetHints":{"allow":["GET"]}}],"collection":[{"href":"https:\/\/jornaloassobio.pt\/index.php?rest_route=\/wp\/v2\/posts"}],"about":[{"href":"https:\/\/jornaloassobio.pt\/index.php?rest_route=\/wp\/v2\/types\/post"}],"author":[{"embeddable":true,"href":"https:\/\/jornaloassobio.pt\/index.php?rest_route=\/wp\/v2\/users\/5"}],"replies":[{"embeddable":true,"href":"https:\/\/jornaloassobio.pt\/index.php?rest_route=%2Fwp%2Fv2%2Fcomments&post=3901"}],"version-history":[{"count":4,"href":"https:\/\/jornaloassobio.pt\/index.php?rest_route=\/wp\/v2\/posts\/3901\/revisions"}],"predecessor-version":[{"id":3916,"href":"https:\/\/jornaloassobio.pt\/index.php?rest_route=\/wp\/v2\/posts\/3901\/revisions\/3916"}],"wp:featuredmedia":[{"embeddable":true,"href":"https:\/\/jornaloassobio.pt\/index.php?rest_route=\/wp\/v2\/media\/3913"}],"wp:attachment":[{"href":"https:\/\/jornaloassobio.pt\/index.php?rest_route=%2Fwp%2Fv2%2Fmedia&parent=3901"}],"wp:term":[{"taxonomy":"category","embeddable":true,"href":"https:\/\/jornaloassobio.pt\/index.php?rest_route=%2Fwp%2Fv2%2Fcategories&post=3901"},{"taxonomy":"post_tag","embeddable":true,"href":"https:\/\/jornaloassobio.pt\/index.php?rest_route=%2Fwp%2Fv2%2Ftags&post=3901"}],"curies":[{"name":"wp","href":"https:\/\/api.w.org\/{rel}","templated":true}]}}