{"id":3959,"date":"2025-10-07T14:20:58","date_gmt":"2025-10-07T14:20:58","guid":{"rendered":"https:\/\/jornaloassobio.pt\/?p=3959"},"modified":"2025-10-07T14:25:02","modified_gmt":"2025-10-07T14:25:02","slug":"rececao-de-boas-vindas-no-inicio-do-ano-letivo-2025-26","status":"publish","type":"post","link":"https:\/\/jornaloassobio.pt\/?p=3959","title":{"rendered":"RECE\u00c7\u00c3O DE BOAS VINDAS NO IN\u00cdCIO DO ANO LETIVO 2025\/26"},"content":{"rendered":"<div class='booster-block booster-read-block'>\r\n                <div class=\"twp-read-time\">\r\n                \t<i class=\"booster-icon twp-clock\"><\/i> <span>Read Time:<\/span>33 Second                <\/div>\r\n\r\n            <\/div><h3><strong>No dia 4 de Setembro, ap\u00f3s a Reuni\u00e3o Geral de Professores do Agrupamento de Escolas Severim de Faria, realizada no Audit\u00f3rio da Escola Severim de Faria, passou-se a um momento musical de excecional qualidade, protagonizado pelo aluno vencedor do &#8220;Got Talent Severim&#8221;. <\/strong><\/h3>\n<h3><strong>Seguidamente, houve um momento de confraterniza\u00e7\u00e3o no p\u00e1tio do bar, o &#8220;Sunset-Severim&#8221;. <\/strong><\/h3>\n<h3><strong>A luminosidade do crep\u00fasculo e a frescura da vegeta\u00e7\u00e3o circundante constitu\u00edram o pano de fundo ideal para criar um ambiente muito agrad\u00e1vel, de\u00a0 reencontro e de partilha, entre o pessoal docente e n\u00e3o docente. Para que este momento pudesse ser ainda melhor saboreado, foi servido um pequeno lanche a todos os presentes.<\/strong><\/h3>\n<h3><strong><img loading=\"lazy\" decoding=\"async\" class=\"size-medium wp-image-4002 aligncenter\" src=\"https:\/\/jornaloassobio.pt\/wp-content\/uploads\/2025\/10\/bb2a0f02-a151-4224-a7b7-d4db8e9aed51-300x225.jpg\" alt=\"\" width=\"300\" height=\"225\" srcset=\"https:\/\/jornaloassobio.pt\/wp-content\/uploads\/2025\/10\/bb2a0f02-a151-4224-a7b7-d4db8e9aed51-300x225.jpg 300w, https:\/\/jornaloassobio.pt\/wp-content\/uploads\/2025\/10\/bb2a0f02-a151-4224-a7b7-d4db8e9aed51-1024x768.jpg 1024w, https:\/\/jornaloassobio.pt\/wp-content\/uploads\/2025\/10\/bb2a0f02-a151-4224-a7b7-d4db8e9aed51-768x576.jpg 768w, https:\/\/jornaloassobio.pt\/wp-content\/uploads\/2025\/10\/bb2a0f02-a151-4224-a7b7-d4db8e9aed51-1536x1152.jpg 1536w, https:\/\/jornaloassobio.pt\/wp-content\/uploads\/2025\/10\/bb2a0f02-a151-4224-a7b7-d4db8e9aed51.jpg 2048w\" sizes=\"auto, (max-width: 300px) 100vw, 300px\" \/><\/strong><\/h3>\n<h3><strong><img loading=\"lazy\" decoding=\"async\" class=\"size-medium wp-image-4003 aligncenter\" src=\"https:\/\/jornaloassobio.pt\/wp-content\/uploads\/2025\/10\/24488b40-4ac2-4ad1-b126-6615e247111f-300x225.jpg\" alt=\"\" width=\"300\" height=\"225\" srcset=\"https:\/\/jornaloassobio.pt\/wp-content\/uploads\/2025\/10\/24488b40-4ac2-4ad1-b126-6615e247111f-300x225.jpg 300w, https:\/\/jornaloassobio.pt\/wp-content\/uploads\/2025\/10\/24488b40-4ac2-4ad1-b126-6615e247111f-1024x768.jpg 1024w, https:\/\/jornaloassobio.pt\/wp-content\/uploads\/2025\/10\/24488b40-4ac2-4ad1-b126-6615e247111f-768x576.jpg 768w, https:\/\/jornaloassobio.pt\/wp-content\/uploads\/2025\/10\/24488b40-4ac2-4ad1-b126-6615e247111f-1536x1152.jpg 1536w, https:\/\/jornaloassobio.pt\/wp-content\/uploads\/2025\/10\/24488b40-4ac2-4ad1-b126-6615e247111f.jpg 2048w\" sizes=\"auto, (max-width: 300px) 100vw, 300px\" \/><\/strong><\/h3>\n<h3 style=\"text-align: center;\"><strong><a href=\"https:\/\/jornaloassobio.pt\/wp-content\/uploads\/2025\/10\/c64c937c-a6c9-4c2e-b25f-8f46b95faaf7-1.mp4\">c64c937c-a6c9-4c2e-b25f-8f46b95faaf7<\/a><\/strong><\/h3>\n        <div class=\"booster-block booster-reactions-block\">\r\n            <div class=\"twp-reactions-icons\">\r\n                \r\n                <div class=\"twp-reacts-wrap\">\r\n                    <a react-data=\"be-react-1\" post-id=\"3959\" class=\"be-face-icons un-reacted\" href=\"javascript:void(0)\">\r\n                        <img decoding=\"async\" src=\"https:\/\/jornaloassobio.pt\/wp-content\/plugins\/booster-extension\/\/assets\/icon\/happy.svg\" alt=\"Happy\">\r\n                    <\/a>\r\n                    <div class=\"twp-reaction-title\">\r\n                        Happy                    <\/div>\r\n                    <div class=\"twp-count-percent\">\r\n                                                    <span style=\"display: none;\" class=\"twp-react-count\">0<\/span>\r\n                        \r\n                                                <span class=\"twp-react-percent\"><span>0<\/span> %<\/span>\r\n                                            <\/div>\r\n                <\/div>\r\n\r\n                <div class=\"twp-reacts-wrap\">\r\n                    <a react-data=\"be-react-2\" post-id=\"3959\" class=\"be-face-icons un-reacted\" href=\"javascript:void(0)\">\r\n                        <img decoding=\"async\" src=\"https:\/\/jornaloassobio.pt\/wp-content\/plugins\/booster-extension\/\/assets\/icon\/sad.svg\" alt=\"Sad\">\r\n                    <\/a>\r\n                    <div class=\"twp-reaction-title\">\r\n                        Sad                    <\/div>\r\n                    <div class=\"twp-count-percent\">\r\n                                                    <span style=\"display: none;\" class=\"twp-react-count\">0<\/span>\r\n                                                                        <span class=\"twp-react-percent\"><span>0<\/span> %<\/span>\r\n                                            <\/div>\r\n                <\/div>\r\n\r\n                <div class=\"twp-reacts-wrap\">\r\n                    <a react-data=\"be-react-3\" post-id=\"3959\" class=\"be-face-icons un-reacted\" href=\"javascript:void(0)\">\r\n                        <img decoding=\"async\" src=\"https:\/\/jornaloassobio.pt\/wp-content\/plugins\/booster-extension\/\/assets\/icon\/excited.svg\" alt=\"Excited\">\r\n                    <\/a>\r\n                    <div class=\"twp-reaction-title\">\r\n                        Excited                    <\/div>\r\n                    <div class=\"twp-count-percent\">\r\n                                                    <span style=\"display: none;\" class=\"twp-react-count\">0<\/span>\r\n                                                                        <span class=\"twp-react-percent\"><span>0<\/span> %<\/span>\r\n                                            <\/div>\r\n                <\/div>\r\n\r\n                <div class=\"twp-reacts-wrap\">\r\n                    <a react-data=\"be-react-6\" post-id=\"3959\" class=\"be-face-icons un-reacted\" href=\"javascript:void(0)\">\r\n                        <img decoding=\"async\" src=\"https:\/\/jornaloassobio.pt\/wp-content\/plugins\/booster-extension\/\/assets\/icon\/sleepy.svg\" alt=\"Sleepy\">\r\n                    <\/a>\r\n                    <div class=\"twp-reaction-title\">\r\n                        Sleepy                    <\/div>\r\n                    <div class=\"twp-count-percent\">\r\n                                                    <span style=\"display: none;\" class=\"twp-react-count\">0<\/span>\r\n                        \r\n                                                <span class=\"twp-react-percent\"><span>0<\/span> %<\/span>\r\n                                            <\/div>\r\n                <\/div>\r\n\r\n                <div class=\"twp-reacts-wrap\">\r\n                    <a react-data=\"be-react-4\" post-id=\"3959\" class=\"be-face-icons un-reacted\" href=\"javascript:void(0)\">\r\n                        <img decoding=\"async\" src=\"https:\/\/jornaloassobio.pt\/wp-content\/plugins\/booster-extension\/\/assets\/icon\/angry.svg\" alt=\"Angry\">\r\n                    <\/a>\r\n                    <div class=\"twp-reaction-title\">Angry<\/div>\r\n                    <div class=\"twp-count-percent\">\r\n                                                    <span style=\"display: none;\" class=\"twp-react-count\">0<\/span>\r\n                                                                        <span class=\"twp-react-percent\"><span>0<\/span> %<\/span>\r\n                        \r\n                    <\/div>\r\n                <\/div>\r\n\r\n                <div class=\"twp-reacts-wrap\">\r\n                    <a react-data=\"be-react-5\" post-id=\"3959\" class=\"be-face-icons un-reacted\" href=\"javascript:void(0)\">\r\n                        <img decoding=\"async\" src=\"https:\/\/jornaloassobio.pt\/wp-content\/plugins\/booster-extension\/\/assets\/icon\/surprise.svg\" alt=\"Surprise\">\r\n                    <\/a>\r\n                    <div class=\"twp-reaction-title\">Surprise<\/div>\r\n                    <div class=\"twp-count-percent\">\r\n                                                    <span style=\"display: none;\" class=\"twp-react-count\">0<\/span>\r\n                                                                        <span class=\"twp-react-percent\"><span>0<\/span> %<\/span>\r\n                                            <\/div>\r\n                <\/div>\r\n\r\n            <\/div>\r\n        <\/div>\r\n\r\n    ","protected":false},"excerpt":{"rendered":"<p>No dia 4 de Setembro, ap\u00f3s a Reuni\u00e3o Geral de Professores do Agrupamento de Escolas Severim de Faria, realizada no Audit\u00f3rio da Escola Severim de Faria, passou-se a um momento musical de excecional qualidade, protagonizado pelo aluno vencedor do &#8220;Got Talent Severim&#8221;. Seguidamente, houve um momento de confraterniza\u00e7\u00e3o no p\u00e1tio do bar, o &#8220;Sunset-Severim&#8221;. A [&hellip;]<\/p>\n","protected":false},"author":6,"featured_media":4003,"comment_status":"open","ping_status":"open","sticky":false,"template":"","format":"standard","meta":{"footnotes":""},"categories":[4],"tags":[],"class_list":["post-3959","post","type-post","status-publish","format-standard","has-post-thumbnail","hentry","category-noticias"],"_links":{"self":[{"href":"https:\/\/jornaloassobio.pt\/index.php?rest_route=\/wp\/v2\/posts\/3959","targetHints":{"allow":["GET"]}}],"collection":[{"href":"https:\/\/jornaloassobio.pt\/index.php?rest_route=\/wp\/v2\/posts"}],"about":[{"href":"https:\/\/jornaloassobio.pt\/index.php?rest_route=\/wp\/v2\/types\/post"}],"author":[{"embeddable":true,"href":"https:\/\/jornaloassobio.pt\/index.php?rest_route=\/wp\/v2\/users\/6"}],"replies":[{"embeddable":true,"href":"https:\/\/jornaloassobio.pt\/index.php?rest_route=%2Fwp%2Fv2%2Fcomments&post=3959"}],"version-history":[{"count":9,"href":"https:\/\/jornaloassobio.pt\/index.php?rest_route=\/wp\/v2\/posts\/3959\/revisions"}],"predecessor-version":[{"id":4010,"href":"https:\/\/jornaloassobio.pt\/index.php?rest_route=\/wp\/v2\/posts\/3959\/revisions\/4010"}],"wp:featuredmedia":[{"embeddable":true,"href":"https:\/\/jornaloassobio.pt\/index.php?rest_route=\/wp\/v2\/media\/4003"}],"wp:attachment":[{"href":"https:\/\/jornaloassobio.pt\/index.php?rest_route=%2Fwp%2Fv2%2Fmedia&parent=3959"}],"wp:term":[{"taxonomy":"category","embeddable":true,"href":"https:\/\/jornaloassobio.pt\/index.php?rest_route=%2Fwp%2Fv2%2Fcategories&post=3959"},{"taxonomy":"post_tag","embeddable":true,"href":"https:\/\/jornaloassobio.pt\/index.php?rest_route=%2Fwp%2Fv2%2Ftags&post=3959"}],"curies":[{"name":"wp","href":"https:\/\/api.w.org\/{rel}","templated":true}]}}