{"id":3978,"date":"2025-10-02T07:17:50","date_gmt":"2025-10-02T07:17:50","guid":{"rendered":"https:\/\/jornaloassobio.pt\/?p=3978"},"modified":"2025-10-02T07:18:07","modified_gmt":"2025-10-02T07:18:07","slug":"dia-da-nao-violencia-e-da-paz-no-recreio","status":"publish","type":"post","link":"https:\/\/jornaloassobio.pt\/?p=3978","title":{"rendered":"DIA DA N\u00c3O-VIOL\u00caNCIA E DA PAZ NO &#8220;RECREIO&#8221;"},"content":{"rendered":"<div class='booster-block booster-read-block'>\r\n                <div class=\"twp-read-time\">\r\n                \t<i class=\"booster-icon twp-clock\"><\/i> <span>Read Time:<\/span>1 Minute, 2 Second                <\/div>\r\n\r\n            <\/div><table role=\"presentation\" border=\"0\" width=\"100%\" cellspacing=\"0\" cellpadding=\"0\">\n<tbody>\n<tr>\n<td id=\"x_gutterContainerId-125\" class=\"x_mceGutterContainer\" valign=\"top\">\n<table role=\"presentation\" border=\"0\" width=\"100%\" cellspacing=\"0\" cellpadding=\"0\">\n<tbody>\n<tr>\n<td id=\"x_b125\" class=\"x_mceLayoutContainer\" valign=\"top\">\n<table id=\"x_section_5b6e82fb1b6f58d13445a2289cf36c4b\" class=\"x_mceLayout\" style=\"height: 5px;\" role=\"presentation\" border=\"0\" width=\"810\" cellspacing=\"0\" cellpadding=\"0\" align=\"center\" data-block-id=\"125\">\n<tbody>\n<tr class=\"x_mceRow\">\n<td valign=\"top\">\n<table role=\"presentation\" border=\"0\" width=\"100%\" cellspacing=\"0\" cellpadding=\"0\">\n<tbody>\n<tr>\n<td id=\"x_mceColumnId--15\" class=\"x_mceColumn\" colspan=\"12\" valign=\"top\" width=\"100%\" data-block-id=\"-15\">\n<table role=\"presentation\" border=\"0\" width=\"100%\" cellspacing=\"0\" cellpadding=\"0\">\n<tbody>\n<tr>\n<td id=\"x_b-10\" align=\"center\" valign=\"top\">\n<table role=\"presentation\" border=\"0\" width=\"100%\" cellspacing=\"0\" cellpadding=\"0\" align=\"center\" data-block-id=\"-10\">\n<tbody>\n<tr class=\"x_mceRow\">\n<td valign=\"top\">\n<table role=\"presentation\" border=\"0\" width=\"100%\" cellspacing=\"0\" cellpadding=\"0\">\n<tbody>\n<tr>\n<td id=\"x_mceColumnId--17\" class=\"x_mceColumn\" colspan=\"12\" valign=\"top\" width=\"100%\" data-block-id=\"-17\">\n<table role=\"presentation\" border=\"0\" width=\"100%\" cellspacing=\"0\" cellpadding=\"0\">\n<tbody>\n<tr>\n<td id=\"x_b131\" valign=\"top\">\n<table style=\"height: 19px;\" role=\"presentation\" border=\"0\" width=\"672\" cellspacing=\"0\" cellpadding=\"0\" align=\"center\" data-block-id=\"131\">\n<tbody>\n<tr class=\"x_mceRow\">\n<td valign=\"top\">\n<table role=\"presentation\" border=\"0\" width=\"100%\" cellspacing=\"0\" cellpadding=\"0\">\n<tbody>\n<tr>\n<td id=\"x_gutterContainerId-123\" class=\"x_mceGutterContainer\" valign=\"top\">\n<table role=\"presentation\" border=\"0\" width=\"100%\" cellspacing=\"0\" cellpadding=\"0\">\n<tbody>\n<tr>\n<td id=\"x_b123\" valign=\"top\">\n<table width=\"100%\">\n<tbody>\n<tr>\n<td class=\"x_mceTextBlockContainer\">\n<div id=\"x_d123\" class=\"x_mceText\" data-block-id=\"123\">\n<h1 class=\"x_last-child\" data-olk-copy-source=\"MessageBody\">Dia da N\u00e3o-Viol\u00eancia e da Paz<\/h1>\n<\/div>\n<\/td>\n<\/tr>\n<\/tbody>\n<\/table>\n<\/td>\n<\/tr>\n<\/tbody>\n<\/table>\n<\/td>\n<\/tr>\n<tr>\n<td id=\"x_gutterContainerId-124\" class=\"x_mceGutterContainer\" valign=\"top\">\n<table role=\"presentation\" border=\"0\" width=\"100%\" cellspacing=\"0\" cellpadding=\"0\">\n<tbody>\n<tr>\n<td id=\"x_b124\" valign=\"top\">\n<table width=\"100%\">\n<tbody>\n<tr>\n<td class=\"x_mceTextBlockContainer\">\n<div id=\"x_d124\" class=\"x_mceText\" data-block-id=\"124\">\n<h3>Comemora-se anualmente a 2 de outubro e a data internacional foi institu\u00edda pelas Na\u00e7\u00f5es Unidas em homenagem a Mahatma Gandhi, nascido neste dia, em 1869.<\/h3>\n<h3>O objetivo do <strong><em>Dia Internacional da N\u00e3o Viol\u00eancia e da Paz<\/em><\/strong> passa por alertar os alunos, os professores, os pais, e a sociedade em geral para a necessidade de uma educa\u00e7\u00e3o para a paz, promotora de valores como o respeito, a igualdade, a toler\u00e2ncia, a solidariedade, a coopera\u00e7\u00e3o e a n\u00e3o viol\u00eancia.<\/h3>\n<h3>\u00c9 na escola que esta mudan\u00e7a deve come\u00e7ar. Assim, o PNC prop\u00f5e o visionamento da longa-metragem de fic\u00e7\u00e3o\u00a0<em>Recreio<\/em>, de Laura Wandel.<\/h3>\n<h3><img loading=\"lazy\" decoding=\"async\" class=\"alignnone size-medium wp-image-3980 aligncenter\" src=\"https:\/\/jornaloassobio.pt\/wp-content\/uploads\/2025\/10\/780329-208x300.jpg\" alt=\"\" width=\"208\" height=\"300\" srcset=\"https:\/\/jornaloassobio.pt\/wp-content\/uploads\/2025\/10\/780329-208x300.jpg 208w, https:\/\/jornaloassobio.pt\/wp-content\/uploads\/2025\/10\/780329-710x1024.jpg 710w, https:\/\/jornaloassobio.pt\/wp-content\/uploads\/2025\/10\/780329-768x1107.jpg 768w, https:\/\/jornaloassobio.pt\/wp-content\/uploads\/2025\/10\/780329-1065x1536.jpg 1065w, https:\/\/jornaloassobio.pt\/wp-content\/uploads\/2025\/10\/780329-1420x2048.jpg 1420w, https:\/\/jornaloassobio.pt\/wp-content\/uploads\/2025\/10\/780329-scaled.jpg 1775w\" sizes=\"auto, (max-width: 208px) 100vw, 208px\" \/><\/h3>\n<h3><strong data-olk-copy-source=\"MessageBody\">Sinopse:<\/strong><\/h3>\n<h3>Nora tem sete anos e regressou \u00e0 escola com Abel, o seu irm\u00e3o mais velho. Quando ela percebe que ele \u00e9 constantemente atormentado por alguns colegas, quer proteg\u00ea-lo e contar aos pais. Mas ele obriga-a a guardar segredo. A pequena v\u00ea-se assim dividida entre o que considera certo e a lealdade \u00e0 promessa que fez.<\/h3>\n<h3>Em competi\u00e7\u00e3o na sec\u00e7\u00e3o\u00a0<em>Un Certain Regard<\/em>\u00a0no Festival de Cinema de Cannes (onde arrecadou o pr\u00e9mio FIPRESCI), este \u00e9 um drama sobre &#8220;bullying&#8221; e viol\u00eancia emocional entre crian\u00e7as, que conta com assinatura da realizadora belga Laura Wandel.<\/h3>\n<\/div>\n<\/td>\n<\/tr>\n<\/tbody>\n<\/table>\n<\/td>\n<\/tr>\n<\/tbody>\n<\/table>\n<\/td>\n<\/tr>\n<\/tbody>\n<\/table>\n<\/td>\n<\/tr>\n<\/tbody>\n<\/table>\n<\/td>\n<\/tr>\n<\/tbody>\n<\/table>\n<\/td>\n<\/tr>\n<\/tbody>\n<\/table>\n<\/td>\n<\/tr>\n<\/tbody>\n<\/table>\n<\/td>\n<\/tr>\n<\/tbody>\n<\/table>\n<\/td>\n<\/tr>\n<\/tbody>\n<\/table>\n<\/td>\n<\/tr>\n<\/tbody>\n<\/table>\n<\/td>\n<\/tr>\n<\/tbody>\n<\/table>\n<\/td>\n<\/tr>\n<\/tbody>\n<\/table>\n        <div class=\"booster-block booster-reactions-block\">\r\n            <div class=\"twp-reactions-icons\">\r\n                \r\n                <div class=\"twp-reacts-wrap\">\r\n                    <a react-data=\"be-react-1\" post-id=\"3978\" class=\"be-face-icons un-reacted\" href=\"javascript:void(0)\">\r\n                        <img decoding=\"async\" src=\"https:\/\/jornaloassobio.pt\/wp-content\/plugins\/booster-extension\/\/assets\/icon\/happy.svg\" alt=\"Happy\">\r\n                    <\/a>\r\n                    <div class=\"twp-reaction-title\">\r\n                        Happy                    <\/div>\r\n                    <div class=\"twp-count-percent\">\r\n                                                    <span style=\"display: none;\" class=\"twp-react-count\">0<\/span>\r\n                        \r\n                                                <span class=\"twp-react-percent\"><span>0<\/span> %<\/span>\r\n                                            <\/div>\r\n                <\/div>\r\n\r\n                <div class=\"twp-reacts-wrap\">\r\n                    <a react-data=\"be-react-2\" post-id=\"3978\" class=\"be-face-icons un-reacted\" href=\"javascript:void(0)\">\r\n                        <img decoding=\"async\" src=\"https:\/\/jornaloassobio.pt\/wp-content\/plugins\/booster-extension\/\/assets\/icon\/sad.svg\" alt=\"Sad\">\r\n                    <\/a>\r\n                    <div class=\"twp-reaction-title\">\r\n                        Sad                    <\/div>\r\n                    <div class=\"twp-count-percent\">\r\n                                                    <span style=\"display: none;\" class=\"twp-react-count\">0<\/span>\r\n                                                                        <span class=\"twp-react-percent\"><span>0<\/span> %<\/span>\r\n                                            <\/div>\r\n                <\/div>\r\n\r\n                <div class=\"twp-reacts-wrap\">\r\n                    <a react-data=\"be-react-3\" post-id=\"3978\" class=\"be-face-icons un-reacted\" href=\"javascript:void(0)\">\r\n                        <img decoding=\"async\" src=\"https:\/\/jornaloassobio.pt\/wp-content\/plugins\/booster-extension\/\/assets\/icon\/excited.svg\" alt=\"Excited\">\r\n                    <\/a>\r\n                    <div class=\"twp-reaction-title\">\r\n                        Excited                    <\/div>\r\n                    <div class=\"twp-count-percent\">\r\n                                                    <span style=\"display: none;\" class=\"twp-react-count\">0<\/span>\r\n                                                                        <span class=\"twp-react-percent\"><span>0<\/span> %<\/span>\r\n                                            <\/div>\r\n                <\/div>\r\n\r\n                <div class=\"twp-reacts-wrap\">\r\n                    <a react-data=\"be-react-6\" post-id=\"3978\" class=\"be-face-icons un-reacted\" href=\"javascript:void(0)\">\r\n                        <img decoding=\"async\" src=\"https:\/\/jornaloassobio.pt\/wp-content\/plugins\/booster-extension\/\/assets\/icon\/sleepy.svg\" alt=\"Sleepy\">\r\n                    <\/a>\r\n                    <div class=\"twp-reaction-title\">\r\n                        Sleepy                    <\/div>\r\n                    <div class=\"twp-count-percent\">\r\n                                                    <span style=\"display: none;\" class=\"twp-react-count\">0<\/span>\r\n                        \r\n                                                <span class=\"twp-react-percent\"><span>0<\/span> %<\/span>\r\n                                            <\/div>\r\n                <\/div>\r\n\r\n                <div class=\"twp-reacts-wrap\">\r\n                    <a react-data=\"be-react-4\" post-id=\"3978\" class=\"be-face-icons un-reacted\" href=\"javascript:void(0)\">\r\n                        <img decoding=\"async\" src=\"https:\/\/jornaloassobio.pt\/wp-content\/plugins\/booster-extension\/\/assets\/icon\/angry.svg\" alt=\"Angry\">\r\n                    <\/a>\r\n                    <div class=\"twp-reaction-title\">Angry<\/div>\r\n                    <div class=\"twp-count-percent\">\r\n                                                    <span style=\"display: none;\" class=\"twp-react-count\">0<\/span>\r\n                                                                        <span class=\"twp-react-percent\"><span>0<\/span> %<\/span>\r\n                        \r\n                    <\/div>\r\n                <\/div>\r\n\r\n                <div class=\"twp-reacts-wrap\">\r\n                    <a react-data=\"be-react-5\" post-id=\"3978\" class=\"be-face-icons un-reacted\" href=\"javascript:void(0)\">\r\n                        <img decoding=\"async\" src=\"https:\/\/jornaloassobio.pt\/wp-content\/plugins\/booster-extension\/\/assets\/icon\/surprise.svg\" alt=\"Surprise\">\r\n                    <\/a>\r\n                    <div class=\"twp-reaction-title\">Surprise<\/div>\r\n                    <div class=\"twp-count-percent\">\r\n                                                    <span style=\"display: none;\" class=\"twp-react-count\">0<\/span>\r\n                                                                        <span class=\"twp-react-percent\"><span>0<\/span> %<\/span>\r\n                                            <\/div>\r\n                <\/div>\r\n\r\n            <\/div>\r\n        <\/div>\r\n\r\n    ","protected":false},"excerpt":{"rendered":"<p>Dia da N\u00e3o-Viol\u00eancia e da Paz Comemora-se anualmente a 2 de outubro e a data internacional foi institu\u00edda pelas Na\u00e7\u00f5es Unidas em homenagem a Mahatma Gandhi, nascido neste dia, em 1869. O objetivo do Dia Internacional da N\u00e3o Viol\u00eancia e da Paz passa por alertar os alunos, os professores, os pais, e a sociedade em [&hellip;]<\/p>\n","protected":false},"author":6,"featured_media":3980,"comment_status":"open","ping_status":"open","sticky":false,"template":"","format":"standard","meta":{"footnotes":""},"categories":[4],"tags":[],"class_list":["post-3978","post","type-post","status-publish","format-standard","has-post-thumbnail","hentry","category-noticias"],"_links":{"self":[{"href":"https:\/\/jornaloassobio.pt\/index.php?rest_route=\/wp\/v2\/posts\/3978","targetHints":{"allow":["GET"]}}],"collection":[{"href":"https:\/\/jornaloassobio.pt\/index.php?rest_route=\/wp\/v2\/posts"}],"about":[{"href":"https:\/\/jornaloassobio.pt\/index.php?rest_route=\/wp\/v2\/types\/post"}],"author":[{"embeddable":true,"href":"https:\/\/jornaloassobio.pt\/index.php?rest_route=\/wp\/v2\/users\/6"}],"replies":[{"embeddable":true,"href":"https:\/\/jornaloassobio.pt\/index.php?rest_route=%2Fwp%2Fv2%2Fcomments&post=3978"}],"version-history":[{"count":5,"href":"https:\/\/jornaloassobio.pt\/index.php?rest_route=\/wp\/v2\/posts\/3978\/revisions"}],"predecessor-version":[{"id":3984,"href":"https:\/\/jornaloassobio.pt\/index.php?rest_route=\/wp\/v2\/posts\/3978\/revisions\/3984"}],"wp:featuredmedia":[{"embeddable":true,"href":"https:\/\/jornaloassobio.pt\/index.php?rest_route=\/wp\/v2\/media\/3980"}],"wp:attachment":[{"href":"https:\/\/jornaloassobio.pt\/index.php?rest_route=%2Fwp%2Fv2%2Fmedia&parent=3978"}],"wp:term":[{"taxonomy":"category","embeddable":true,"href":"https:\/\/jornaloassobio.pt\/index.php?rest_route=%2Fwp%2Fv2%2Fcategories&post=3978"},{"taxonomy":"post_tag","embeddable":true,"href":"https:\/\/jornaloassobio.pt\/index.php?rest_route=%2Fwp%2Fv2%2Ftags&post=3978"}],"curies":[{"name":"wp","href":"https:\/\/api.w.org\/{rel}","templated":true}]}}